{"id":1440652,"date":"2013-12-22T07:08:30","date_gmt":"2013-12-22T04:08:30","guid":{"rendered":"https:\/\/analyse.optim.biz\/?p=1440652"},"modified":"2013-12-22T07:08:30","modified_gmt":"2013-12-22T04:08:30","slug":"sexy-arbitra-andrada-aloman-isi-eclipseaza-colegii-de-breasla-cu-un-fizic-de-invidiat","status":"publish","type":"post","link":"https:\/\/analyse.optim.biz\/?p=1440652","title":{"rendered":"Sexy-arbitra Andrada Aloman isi eclipseaza colegii de breasla cu un fizic de invidiat"},"content":{"rendered":"<div class=\"entry-content\">\n<p>Condi\u0163ia fizic\u0103 este determinant\u0103 pentru arbitri de fotbal, care trebuie s\u0103 \u0163in\u0103 pasul cu fotbali\u015ftii. \u00cen arbitrajul rom\u00e2nesc, de c\u00e2\u0163iva ani, \u015fi-au f\u0103cut apari\u0163ia \u015fi c\u00e2teva reprezentante ale sexului frumos. <strong>Andrada Aloman<\/strong> este una dintre femeile care au intrat pe teritoriul care p\u00e2n\u0103 nu de mult era considerat exclusiv al b\u0103rba\u0163ilor. \u015ei a intrat \u00een for\u0163\u0103, pentru c\u0103 la cei 26 de ani arbitreaz\u0103 deja jocuri la nivelul celui de-al treilea e\u015falon, av\u00e2nd \u015fanse considerabile s\u0103 intre \u00een lotul arbitrilor din Liga II.<\/p>\n<p>Atuurile frumoasei originare din Alba Iulia stabilit\u0103 la Timi\u015foara sunt inteligen\u0163a \u015fi fizicul de invidiat. Andrada Aloman este o apari\u0163ie pe orice teren de fotbal, fie c\u0103 vorbim de jocurile din Liga a IV-a sau cel de-al treilea e\u015falon. Prin aspectul ei sexy, aceasta atrage automat privirile fotbali\u015ftilor, dar se descurc\u0103 de minune \u00een rela\u0163ia cu ace\u015ftia, ajutat\u0103 fiind \u015fi de absolvirea Facult\u0103\u0163ii de Psihologie din cadrul Universit\u0103\u0163ii de Vest. Colegii de breasl\u0103 au toate motivele din lume s\u0103 fie invidio\u015fi pe sexy-arbitra Andrada Aloman, aceasta fiind posesoarea unui corp perfect. La fiecare examen fizic, Aloman \u00eei eclipseaz\u0103 pe cei mai mul\u0163i dintre colegii ei b\u0103rba\u0163i din juude\u0163ul Timi\u015f, care sunt \u00een urma ei de fiecare dat\u0103 la probele sus\u0163inute.<\/p>\n<p>P\u0103tr\u0103\u0163elele de pe abdomen sunt rezultatul a multor ore petrecute de <strong>Andrada Aloman<\/strong> la sala de for\u0163\u0103, unde nu ezit\u0103 s\u0103 fac\u0103 exerci\u0163ii de care sunt str\u0103ini cei mai mul\u0163i dintre \u201efluiera\u015fii\u201d timi\u015feni.Foto: www.facebook.com<\/p>\n<\/div>\n<div class=\"entry-content\">\n                    \tMult mai pu\u021bin zgribulit ca \u0219i pe \u0219antierul stadionului LEGO, primarul Dominic Fritz a vizitat \u0219i investi\u021bia de la Turnul de Ap\u0103 din Iosefin. Acesta a fost transformat \u00eentr-un centru cultural \u0219i ar urma s\u0103 fie deschis \u00een urm\u0103toarele c\u00e2teva luni. Pentru a vedea ce ofer\u0103 turnul \u00een noua organizare, dar, mai ales, priveli\u0219tea super&#8230;                    \t<br \/><a href=\"https:\/\/debanat.ro\/2026\/01\/primarul-fritz-a-vizitat-si-santierul-turnului-de-apa-din-iosefin_461414.html\" class=\"read_more\" title=\"Permanent Link to Primarul Fritz a vizitat \u0219i \u0219antierul Turnului de Ap\u0103 din Iosefin\/VIDEO\">Cite\u015fte tot articolul<\/a><img decoding=\"async\" alt=\"Citeste articolul Primarul Fritz a vizitat \u0219i \u0219antierul Turnului de Ap\u0103 din Iosefin\/VIDEO\" src=\"https:\/\/analyse.optim.biz\/wp-content\/uploads\/2026\/01\/arr_red-91.png\" title=\"arr_red-91\"><\/div>\n<div class=\"entry-content\">\n                    \tPre\u015fedintele PSD Sorin Grindenau, a afirmat, dup\u0103 o discu\u0163ie cu delega\u0163ia b\u0103ncii americane JP Morgan, c\u0103 stimularea economiei este esen\u0163ial\u0103, mai ales \u00een actualul context socio-economic. \u00cent\u00e2lnirea a avut loc \u00eenainte unei \u015fedin\u0163e a liderilor coali\u0163iei, \u00een care Grindeanu vrea s\u0103-\u015fi impun\u0103 programul PSD de m\u0103suri privind relansarea economiei. Liderii coali\u021biei PSD-PNL-USR-UDMR au programat\u0103 azi&#8230;                    \t<br \/><a href=\"https:\/\/debanat.ro\/2026\/01\/inainte-de-sedinta-coalitiei-sorin-grindeanu-intalnire-cu-delegatia-jp-morgan-stimularea-economiei-este-esentiala_461386.html\" class=\"read_more\" title=\"Permanent Link to \u00cenainte de \u015fedin\u0163a coali\u0163iei, Sorin Grindeanu, \u00eent\u00e2lnire cu delega\u0163ia JP Morgan: \u201cStimularea economiei este esen\u021bial\u0103\u201d\">Cite\u015fte tot articolul<\/a><img decoding=\"async\" alt=\"Citeste articolul Primarul Fritz a vizitat \u0219i \u0219antierul Turnului de Ap\u0103 din Iosefin\/VIDEO\" src=\"https:\/\/analyse.optim.biz\/wp-content\/uploads\/2026\/01\/arr_red-91.png\" title=\"arr_red-91\"><\/div>\n<div class=\"entry-content\">\n                    \tPadelul timi\u0219orean s-a \u201edezghe\u021bat\u201d odat\u0103 cu disputarea primei competi\u021bii din 2026 la cocheta baz\u0103 Padel Center din Dumbr\u0103vi\u021ba, cea mai mare din \u021bar\u0103 \u0219i care are nou\u0103 terenuri, dintre care cinci acoperite \u0219i patru \u00een aer liber. Sportivi din Germania, Fran\u021ba, Spania \u0219i bine\u00een\u021beles Rom\u00e2nia s-au \u00eenscris la cele trei niveluri ale competi\u021biei, profesioni\u0219ti, semipro\/amatori&#8230;                    \t<br \/><a href=\"https:\/\/debanat.ro\/2026\/01\/mica-unire-s-a-facut-si-pe-terenurile-de-la-padel-center_461357.html\" class=\"read_more\" title=\"Permanent Link to Mica Unire s-a f\u0103cut \u0219i pe terenurile de la Padel Center\">Cite\u015fte tot articolul<\/a><img decoding=\"async\" alt=\"Citeste articolul Primarul Fritz a vizitat \u0219i \u0219antierul Turnului de Ap\u0103 din Iosefin\/VIDEO\" src=\"https:\/\/analyse.optim.biz\/wp-content\/uploads\/2026\/01\/arr_red-91.png\" title=\"arr_red-91\"><\/div>\n<div class=\"entry-content\">\n                    \tPoli\u021bi\u0219tii ora\u0219ului Reca\u0219 au re\u021binut un b\u0103rbat de 48 de ani sub aspectul s\u0103v\u00e2r\u0219irii infrac\u021biunilor de conducerea unui vehicul f\u0103r\u0103 permis de conducere, p\u0103r\u0103sirea locului accidentului \u0219i refuzul sau sustragerea de la prelevarea de mostre biologice. Magistra\u021bii au dispus arestarea preventiv\u0103 a acestuia pentru o perioad\u0103 de 30 de zile. La data de 24 ianuarie&#8230;                    \t<br \/><a href=\"https:\/\/debanat.ro\/2026\/01\/beat-si-fara-permis-a-accidentat-un-biciclist-si-a-fugit-are-30-de-zile-sa-se-gandeasca-la-rece-la-ce-a-facut_461421.html\" class=\"read_more\" title=\"Permanent Link to Beat \u0219i f\u0103r\u0103 permis a accidentat un biciclist \u0219i a fugit! Are 30 de zile s\u0103 se g\u00e2ndeasc\u0103 la \u201erece\u201d la ce a f\u0103cut\">Cite\u015fte tot articolul<\/a><img decoding=\"async\" alt=\"Citeste articolul Primarul Fritz a vizitat \u0219i \u0219antierul Turnului de Ap\u0103 din Iosefin\/VIDEO\" src=\"https:\/\/analyse.optim.biz\/wp-content\/uploads\/2026\/01\/arr_red-91.png\" title=\"arr_red-91\"><\/div>\n<div class=\"entry-content\">\n                    \tProduc\u0103torul de anvelope Continental \u00eempline\u0219te 25 de ani de activitate de produc\u021bie la Timi\u0219oara, un sfert de secol de implicare \u00een societate. \u00cen prezent cea mai modern\u0103 fabric\u0103 a germanilor, aceasta ofer\u0103 locuri de munc\u0103 pentru aproximativ 3.000 de angaja\u021bi, implicit pentru \u00een jur de 9.000 de membri ai comunit\u0103\u021bii. Azi, peste 80 milioane de&#8230;                    \t<br \/><a href=\"https:\/\/debanat.ro\/2026\/01\/continental-anvelope-implineste-25-de-ani-de-activitate-la-timisoara-si-de-implicare-in-comunitatea-locala_461391.html\" class=\"read_more\" title=\"Permanent Link to Continental Anvelope \u00eempline\u0219te 25 de ani de activitate la Timi\u0219oara \u0219i de implicare \u00een comunitatea local\u0103\">Cite\u015fte tot articolul<\/a><img decoding=\"async\" alt=\"Citeste articolul Primarul Fritz a vizitat \u0219i \u0219antierul Turnului de Ap\u0103 din Iosefin\/VIDEO\" src=\"https:\/\/analyse.optim.biz\/wp-content\/uploads\/2026\/01\/arr_red-91.png\" title=\"arr_red-91\"><\/div>\n<div class=\"entry-content full_img\">\n                    \tPoli\u021bi\u0219tii ora\u0219ului Reca\u0219 au re\u021binut un b\u0103rbat de 48 de ani sub aspectul s\u0103v\u00e2r\u0219irii infrac\u021biunilor de conducerea unui vehicul f\u0103r\u0103 permis de conducere, p\u0103r\u0103sirea locului accidentului \u0219i refuzul sau sustragerea de la prelevarea de mostre biologice. Magistra\u021bii au dispus arestarea preventiv\u0103 a acestuia pentru o perioad\u0103 de 30 de zile. La data de 24 ianuarie&#8230;                    \t<a href=\"https:\/\/debanat.ro\/2026\/01\/beat-si-fara-permis-a-accidentat-un-biciclist-si-a-fugit-are-30-de-zile-sa-se-gandeasca-la-rece-la-ce-a-facut_461421.html\" class=\"read_more\" title=\"Permanent Link to Beat \u0219i f\u0103r\u0103 permis a accidentat un biciclist \u0219i a fugit! Are 30 de zile s\u0103 se g\u00e2ndeasc\u0103 la \u201erece\u201d la ce a f\u0103cut\">Cite\u015fte tot articolul<\/a><img decoding=\"async\" alt=\"Citeste articolul Primarul Fritz a vizitat \u0219i \u0219antierul Turnului de Ap\u0103 din Iosefin\/VIDEO\" src=\"https:\/\/analyse.optim.biz\/wp-content\/uploads\/2026\/01\/arr_red-91.png\" title=\"arr_red-91\"><\/div>\n<div class=\"entry-content full_img\">\n                    \tMult mai pu\u021bin zgribulit ca \u0219i pe \u0219antierul stadionului LEGO, primarul Dominic Fritz a vizitat \u0219i investi\u021bia de la Turnul de Ap\u0103 din Iosefin. Acesta a fost transformat \u00eentr-un centru cultural \u0219i ar urma s\u0103 fie deschis \u00een urm\u0103toarele c\u00e2teva luni. Pentru a vedea ce ofer\u0103 turnul \u00een noua organizare, dar, mai ales, priveli\u0219tea super&#8230;                    \t<a href=\"https:\/\/debanat.ro\/2026\/01\/primarul-fritz-a-vizitat-si-santierul-turnului-de-apa-din-iosefin_461414.html\" class=\"read_more\" title=\"Permanent Link to Primarul Fritz a vizitat \u0219i \u0219antierul Turnului de Ap\u0103 din Iosefin\/VIDEO\">Cite\u015fte tot articolul<\/a><img decoding=\"async\" alt=\"Citeste articolul Primarul Fritz a vizitat \u0219i \u0219antierul Turnului de Ap\u0103 din Iosefin\/VIDEO\" src=\"https:\/\/analyse.optim.biz\/wp-content\/uploads\/2026\/01\/arr_red-91.png\" title=\"arr_red-91\"><\/div>\n<div class=\"entry-content full_img\">\n                    \tPeste 100 de profesioni\u0219ti din domeniul gastronomiei, bloggeri culinari \u0219i jurnali\u0219ti din toate regiunile Rom\u00e2niei s-au reunit \u00een weekend la Vinalia \u2013 Conacul din Ceptura, \u00een cadrul evenimentului \u201eMica Unire \u00een Bucate\u201d. Evenimentul a fost organizat de Cronicari Digitali, \u00een cadrul proiectului \u201eAmintiri Gustoase\u201d \u0219i a fost dedicat celebr\u0103rii diversit\u0103\u021bii culinare rom\u00e2ne\u0219ti. Printre invita\u021bi s-a&#8230;                    \t<a href=\"https:\/\/debanat.ro\/2026\/01\/timisul-a-fost-reprezentat-cu-brio-la-mica-unire-in-bucate-un-eveniment-dedicat-diversitatii-gastronomice-romanesti-foto_461405.html\" class=\"read_more\" title=\"Permanent Link to Timi\u0219ul a fost reprezentat cu brio la \u201eMica Unire \u00een Bucate\u201d, un eveniment dedicat diversit\u0103\u021bii gastronomice rom\u00e2ne\u0219ti\/FOTO\">Cite\u015fte tot articolul<\/a><img decoding=\"async\" alt=\"Citeste articolul Primarul Fritz a vizitat \u0219i \u0219antierul Turnului de Ap\u0103 din Iosefin\/VIDEO\" src=\"https:\/\/analyse.optim.biz\/wp-content\/uploads\/2026\/01\/arr_red-91.png\" title=\"arr_red-91\"><\/div>\n<div class=\"entry-content full_img\">\n                    \tProduc\u0103torul de anvelope Continental \u00eempline\u0219te 25 de ani de activitate de produc\u021bie la Timi\u0219oara, un sfert de secol de implicare \u00een societate. \u00cen prezent cea mai modern\u0103 fabric\u0103 a germanilor, aceasta ofer\u0103 locuri de munc\u0103 pentru aproximativ 3.000 de angaja\u021bi, implicit pentru \u00een jur de 9.000 de membri ai comunit\u0103\u021bii. Azi, peste 80 milioane de&#8230;                    \t<a href=\"https:\/\/debanat.ro\/2026\/01\/continental-anvelope-implineste-25-de-ani-de-activitate-la-timisoara-si-de-implicare-in-comunitatea-locala_461391.html\" class=\"read_more\" title=\"Permanent Link to Continental Anvelope \u00eempline\u0219te 25 de ani de activitate la Timi\u0219oara \u0219i de implicare \u00een comunitatea local\u0103\">Cite\u015fte tot articolul<\/a><img decoding=\"async\" alt=\"Citeste articolul Primarul Fritz a vizitat \u0219i \u0219antierul Turnului de Ap\u0103 din Iosefin\/VIDEO\" src=\"https:\/\/analyse.optim.biz\/wp-content\/uploads\/2026\/01\/arr_red-91.png\" title=\"arr_red-91\"><\/div>\n<div class=\"entry-content full_img\">\n                    \tPre\u015fedintele PSD Sorin Grindenau, a afirmat, dup\u0103 o discu\u0163ie cu delega\u0163ia b\u0103ncii americane JP Morgan, c\u0103 stimularea economiei este esen\u0163ial\u0103, mai ales \u00een actualul context socio-economic. \u00cent\u00e2lnirea a avut loc \u00eenainte unei \u015fedin\u0163e a liderilor coali\u0163iei, \u00een care Grindeanu vrea s\u0103-\u015fi impun\u0103 programul PSD de m\u0103suri privind relansarea economiei. Liderii coali\u021biei PSD-PNL-USR-UDMR au programat\u0103 azi&#8230;                    \t<a href=\"https:\/\/debanat.ro\/2026\/01\/inainte-de-sedinta-coalitiei-sorin-grindeanu-intalnire-cu-delegatia-jp-morgan-stimularea-economiei-este-esentiala_461386.html\" class=\"read_more\" title=\"Permanent Link to \u00cenainte de \u015fedin\u0163a coali\u0163iei, Sorin Grindeanu, \u00eent\u00e2lnire cu delega\u0163ia JP Morgan: \u201cStimularea economiei este esen\u021bial\u0103\u201d\">Cite\u015fte tot articolul<\/a><img decoding=\"async\" alt=\"Citeste articolul Primarul Fritz a vizitat \u0219i \u0219antierul Turnului de Ap\u0103 din Iosefin\/VIDEO\" src=\"https:\/\/analyse.optim.biz\/wp-content\/uploads\/2026\/01\/arr_red-91.png\" title=\"arr_red-91\"><\/div>\n<div class=\"entry-content full_img\">\n                    \tLa Timi\u0219oara se vor \u00eent\u00e2lni, anul viitor, peste 60 de speciali\u0219ti din toat\u0103 Europa pentru a discuta despre strategii de atragere a conferin\u021belor \u0219i evenimentelor interna\u021bionale. Timi\u0219oara a fost selectat\u0103 s\u0103 organizeze \u00een 2027 \u00eent\u00e2lnirea City Destination Alliance CVB Expert Meeting. \u00cen \u021b\u0103rile cu turism dezvoltat, ora\u0219ele \u0219i regiunile au birouri specializate care lucreaz\u0103 pentru&#8230;                    \t<a href=\"https:\/\/debanat.ro\/2026\/01\/specialistii-in-turismul-de-afaceri-vin-la-timisoara-sa-discute-strategii-de-atragere-a-evenimentelor_461383.html\" class=\"read_more\" title=\"Permanent Link to Speciali\u0219tii \u00een turismul de afaceri vin la Timi\u0219oara s\u0103 discute strategii de atragere a evenimentelor\">Cite\u015fte tot articolul<\/a><img decoding=\"async\" alt=\"Citeste articolul Primarul Fritz a vizitat \u0219i \u0219antierul Turnului de Ap\u0103 din Iosefin\/VIDEO\" src=\"https:\/\/analyse.optim.biz\/wp-content\/uploads\/2026\/01\/arr_red-91.png\" title=\"arr_red-91\"><\/div>\n<div class=\"entry-content full_img\">\n                    \tCamera de Comer\u021b, Industrie \u0219i Agricultur\u0103 Timi\u0219, \u00een calitate de partener al Enterprise Europe Network (EEN), invit\u0103 firmele timi\u0219ene s\u0103 participe la prima misiune economic\u0103 multisectorial\u0103 organizat\u0103 \u00een \u021aara Bascilor \u2013 Spania, \u00een perioada 16 \u2013 20 martie 2026. Evenimentul se desf\u0103\u0219oar\u0103 cu sprijinul Consulatului General al Rom\u00e2niei la Bilbao \u0219i \u00een colaborare cu Camera&#8230;                    \t<a href=\"https:\/\/debanat.ro\/2026\/01\/ccia-timis-organizeaza-o-misiune-economica-timiseana-in-tara-bascilor_461378.html\" class=\"read_more\" title=\"Permanent Link to CCIA Timi\u0219 organizeaz\u0103 o misiune economic\u0103 timi\u0219ean\u0103 \u00een \u021aara Bascilor\">Cite\u015fte tot articolul<\/a><img decoding=\"async\" alt=\"Citeste articolul Primarul Fritz a vizitat \u0219i \u0219antierul Turnului de Ap\u0103 din Iosefin\/VIDEO\" src=\"https:\/\/analyse.optim.biz\/wp-content\/uploads\/2026\/01\/arr_red-91.png\" title=\"arr_red-91\"><\/div>\n<div class=\"entry-content full_img\">\n                    \t\u0218oferii care circul\u0103 pe autostrada A1 continu\u0103 s\u0103 se pl\u00e2ng\u0103 de num\u0103rul mare de gropi ap\u0103rute \u00een asfalt. Tot mai mul\u021bi dintre ace\u0219tia anun\u021b\u0103 pe forumurile de discu\u021bii despre apari\u021bia acestora, avertiz\u00e2nd \u0219oferii s\u0103 circule pe banda mai pu\u021bin afectat\u0103, pentru a nu face accident. Ultima postare pe aceast\u0103 tem\u0103 vine din zona Hunedoara. Pe&#8230;                    \t<a href=\"https:\/\/debanat.ro\/2026\/01\/problemele-cu-gropile-persista-pe-autostrada-a1-oamenii-se-indeamna-sa-depuna-plangeri-si-sa-ceara-despagubiri_461374.html\" class=\"read_more\" title=\"Permanent Link to Problemele cu gropile persist\u0103 pe autostrada A1. Oamenii se \u00eendeamn\u0103 s\u0103 depun\u0103 pl\u00e2ngeri \u0219i s\u0103 cear\u0103 desp\u0103gubiri\">Cite\u015fte tot articolul<\/a><img decoding=\"async\" alt=\"Citeste articolul Primarul Fritz a vizitat \u0219i \u0219antierul Turnului de Ap\u0103 din Iosefin\/VIDEO\" src=\"https:\/\/analyse.optim.biz\/wp-content\/uploads\/2026\/01\/arr_red-91.png\" title=\"arr_red-91\"><\/div>\n<div class=\"entry-content full_img\">\n                    \tPadelul timi\u0219orean s-a \u201edezghe\u021bat\u201d odat\u0103 cu disputarea primei competi\u021bii din 2026 la cocheta baz\u0103 Padel Center din Dumbr\u0103vi\u021ba, cea mai mare din \u021bar\u0103 \u0219i care are nou\u0103 terenuri, dintre care cinci acoperite \u0219i patru \u00een aer liber. Sportivi din Germania, Fran\u021ba, Spania \u0219i bine\u00een\u021beles Rom\u00e2nia s-au \u00eenscris la cele trei niveluri ale competi\u021biei, profesioni\u0219ti, semipro\/amatori&#8230;                    \t<a href=\"https:\/\/debanat.ro\/2026\/01\/mica-unire-s-a-facut-si-pe-terenurile-de-la-padel-center_461357.html\" class=\"read_more\" title=\"Permanent Link to Mica Unire s-a f\u0103cut \u0219i pe terenurile de la Padel Center\">Cite\u015fte tot articolul<\/a><img decoding=\"async\" alt=\"Citeste articolul Primarul Fritz a vizitat \u0219i \u0219antierul Turnului de Ap\u0103 din Iosefin\/VIDEO\" src=\"https:\/\/analyse.optim.biz\/wp-content\/uploads\/2026\/01\/arr_red-91.png\" title=\"arr_red-91\"><\/div>\n<div class=\"entry-content full_img\">\n                    \tTimi\u0219ul a fost, \u0219i \u00een acest an, locul unde au debutat expozi\u021biile de frumuse\u021be canin\u0103 din Rom\u00e2nia. Expozi\u021biile din luna ianuarie au avut loc, s\u00e2mb\u0103t\u0103 \u0219i duminic\u0103, \u00een organizarea Asocia\u021biei Chinologice Rom\u00e2ne Timi\u0219, la Sala Polivalent\u0103 din Dumbr\u0103vi\u021ba. Au fost dou\u0103 expozi\u021bii \u00een cursul zilei de s\u00e2mb\u0103t\u0103, una dotat\u0103 cu titluri CAC, una dotat\u0103 cu&#8230;                    \t<a href=\"https:\/\/debanat.ro\/2026\/01\/cei-mai-frumosi-caini-s-au-intrecut-la-dumbravita-in-deschiderea-sezonului-chinologic-2026_461346.html\" class=\"read_more\" title=\"Permanent Link to Cei mai frumo\u0219i c\u00e2ini s-au \u00eentrecut la Dumbr\u0103vi\u021ba, \u00een deschiderea sezonului chinologic 2026\">Cite\u015fte tot articolul<\/a><img decoding=\"async\" alt=\"Citeste articolul Primarul Fritz a vizitat \u0219i \u0219antierul Turnului de Ap\u0103 din Iosefin\/VIDEO\" src=\"https:\/\/analyse.optim.biz\/wp-content\/uploads\/2026\/01\/arr_red-91.png\" title=\"arr_red-91\"><\/div>\n<p> Source URL: https:\/\/debanat.ro\/2013\/12\/sexy-arbitra-andrada-aloman-isi-eclipseaza-colegii-de-breasla-cu-un-fizic-de-invidiat_62204.html<\/p>\n","protected":false},"excerpt":{"rendered":"<p>Condi\u0163ia fizic\u0103 este determinant\u0103 pentru arbitri de fotbal, care trebuie s\u0103 \u0163in\u0103 pasul cu fotbali\u015ftii. \u00cen arbitrajul rom\u00e2nesc, de c\u00e2\u0163iva ani, \u015fi-au f\u0103cut apari\u0163ia \u015fi c\u00e2teva reprezentante ale sexului frumos. Andrada Aloman este una dintre femeile care au intrat pe teritoriul care p\u00e2n\u0103 nu de mult era considerat exclusiv al b\u0103rba\u0163ilor. \u015ei a intrat \u00een [&hellip;]<\/p>\n","protected":false},"author":1,"featured_media":0,"comment_status":"open","ping_status":"","sticky":false,"template":"","format":"standard","meta":{"footnotes":""},"categories":[89],"tags":[192],"class_list":["post-1440652","post","type-post","status-publish","format-standard","hentry","category-romania","tag-debanat-ro"],"_links":{"self":[{"href":"https:\/\/analyse.optim.biz\/index.php?rest_route=\/wp\/v2\/posts\/1440652","targetHints":{"allow":["GET"]}}],"collection":[{"href":"https:\/\/analyse.optim.biz\/index.php?rest_route=\/wp\/v2\/posts"}],"about":[{"href":"https:\/\/analyse.optim.biz\/index.php?rest_route=\/wp\/v2\/types\/post"}],"author":[{"embeddable":true,"href":"https:\/\/analyse.optim.biz\/index.php?rest_route=\/wp\/v2\/users\/1"}],"replies":[{"embeddable":true,"href":"https:\/\/analyse.optim.biz\/index.php?rest_route=%2Fwp%2Fv2%2Fcomments&post=1440652"}],"version-history":[{"count":0,"href":"https:\/\/analyse.optim.biz\/index.php?rest_route=\/wp\/v2\/posts\/1440652\/revisions"}],"wp:attachment":[{"href":"https:\/\/analyse.optim.biz\/index.php?rest_route=%2Fwp%2Fv2%2Fmedia&parent=1440652"}],"wp:term":[{"taxonomy":"category","embeddable":true,"href":"https:\/\/analyse.optim.biz\/index.php?rest_route=%2Fwp%2Fv2%2Fcategories&post=1440652"},{"taxonomy":"post_tag","embeddable":true,"href":"https:\/\/analyse.optim.biz\/index.php?rest_route=%2Fwp%2Fv2%2Ftags&post=1440652"}],"curies":[{"name":"wp","href":"https:\/\/api.w.org\/{rel}","templated":true}]}}