{"id":1440002,"date":"2015-03-02T05:44:00","date_gmt":"2015-03-02T02:44:00","guid":{"rendered":"https:\/\/analyse.optim.biz\/?p=1440002"},"modified":"2015-03-02T05:44:00","modified_gmt":"2015-03-02T02:44:00","slug":"ripensia-politehnica-un-meci-la-care-nu-ai-voie-sa-lipsesti","status":"publish","type":"post","link":"https:\/\/analyse.optim.biz\/?p=1440002","title":{"rendered":"Ripensia \u2013 Politehnica, \u201eun meci la care nu ai voie sa lipsesti!\u201d"},"content":{"rendered":"<div class=\"entry-content\">\n<p>Cel mai a\u015fteptat eveniment sportiv din aceast\u0103 perioad\u0103 \u00een Banat este <strong>\u00eent\u00e2lnirea dintre Ripensia Timi\u015foara \u015fi Politehnica<\/strong>, cele dou\u0103 echipe care se bat \u00eentr-un veritabil derby pentru c\u00e2\u015ftigarea seriei Ligii a IV-a Timi\u015f.<\/p>\n<p><a href=\"https:\/\/analyse.optim.biz\/wp-content\/uploads\/2026\/01\/ripi-poli.jpg\"><img loading=\"lazy\" decoding=\"async\" src=\"https:\/\/analyse.optim.biz\/wp-content\/uploads\/2026\/01\/ripi-poli.jpg\" alt=\"ripi-poli\" width=\"750\" height=\"1050\" class=\"aligncenter size-full wp-image-98111\" title=\"ripi-poli\"><\/a><\/p>\n<p>Jocul va avea loc \u00een <strong>7 martie, pe arena \u201eDan P\u0103ltini\u015fanu\u201d<\/strong>, iar organizatori sunt cei de la Ripensia Timi\u015foara. Jocul va putea fi urm\u0103rit inclusiv \u00een direct, de acest aspect ocup\u00e2ndu-se organizatorii clubului Ripensia Timi\u015foara. \u201eDe acum ne preg\u0103tim de derby. S\u00e2mb\u0103ta viitoare, de la<strong> ora 16<\/strong>, pe Dan P\u0103ltini\u0219anu, \u00abRipi\u00bb \u00eent\u00e2lne\u0219te ASU Poli \u00een derby-ul ora\u0219ului. Confruntarea dintre cele 2 forma\u021bii nu va putea fi urm\u0103rit\u0103 doar de pe stadion, ci oriunde \u00een lume, <strong>meciul urm\u00e2nd a fi transmis, prin Live Stream, pe site-ul oficial al clubului nostru<\/strong>\u201d, se arat\u0103 \u00eentr-o comunicare de pe pagina oficial\u0103 de facebook a Ripensiei. \u201eUn meci de la care nu ai voie s\u0103 lipse\u015fti\u201d, este mesajul de afi\u0219ul oficial al jocului de la sf\u00e2r\u015fitul s\u0103pt\u0103m\u00e2nii viitoare. Pe marginea num\u0103rului de spectatori se fac deja specula\u0163ii, cei mai mul\u0163i fiind de p\u0103rere c\u0103 arena \u201eDan P\u0103ltini\u015fanu\u201d se va bucura din nou de un num\u0103r considerabil de spectatori, chiar dac\u0103 jocul este \u00eentre dou\u0103 echipe din cel de-al patrulea e\u015falon.<\/p>\n<\/div>\n<div class=\"entry-content\">\n                    \tLa scurt timp de la conflictul dintre Prim\u0103ria Timi\u0219oara \u0219i Direc\u021bia Jude\u021bean\u0103 de Cultur\u0103 Timi\u0219 pe tema parc\u0103rii din spatele mgazinului Bega, municipalitatea acuz\u0103 cealalt\u0103 institu\u021bie de blocarea unei investi\u021bii. Acum este vorba despre Pasarela \u00cendr\u0103gosti\u021bilor, trecerea pietonal\u0103 peste Bega. Prim\u0103ria spune c\u0103 Direc\u021bia de Cultur\u0103 \u00eencalc\u0103 propriile dispozi\u021bii anterioare print-un nou aviz negativ, care&#8230;                    \t<br \/><a href=\"https:\/\/debanat.ro\/2026\/01\/directia-de-cultura-timis-din-nou-in-colimatorul-primariei-timisoara-motivul-pasarela-indragostitilor_461458.html\" class=\"read_more\" title=\"Permanent Link to Direc\u021bia de Cultur\u0103 Timi\u0219, din nou \u00een colimatorul Prim\u0103riei Timi\u0219oara. Motivul, Pasarela \u00cendr\u0103gosti\u021bilor\">Cite\u015fte tot articolul<\/a><img decoding=\"async\" alt=\"Citeste articolul Direc\u021bia de Cultur\u0103 Timi\u0219, din nou \u00een colimatorul Prim\u0103riei Timi\u0219oara. Motivul, Pasarela \u00cendr\u0103gosti\u021bilor\" src=\"https:\/\/analyse.optim.biz\/wp-content\/uploads\/2026\/01\/arr_red-72.png\" title=\"arr_red-72\"><\/div>\n<div class=\"entry-content\">\n                    \tPremierul Ilie Bolojan a declarat mar\u021bi, \u00eentr-un interviu acordat RFI Rom\u00e2nia, c\u0103 nu exclude posibilitatea form\u0103rii unui guvern minoritar f\u0103r\u0103 PSD. \u00a0El a men\u0163ionat \u00eens\u0103 c\u0103 nu e o ipotez\u0103 de lucru, iar stabilitatea politic\u0103 r\u0103m\u00e2ne esen\u021bial\u0103 pentru Rom\u00e2nia. Ilie Bolojan a spus mar\u021bi \u00eentr-un interviu la RFI Rom\u00e2nia, c\u00e2nd a fost \u00eentrebat despre un&#8230;                    \t<br \/><a href=\"https:\/\/debanat.ro\/2026\/01\/ilie-bolojan-nu-exclude-un-guvern-fara-psd-dar-a-adaugat-ca-nu-e-o-ipoteza-de-lucru_461452.html\" class=\"read_more\" title=\"Permanent Link to Ilie Bolojan nu exclude un guvern f\u0103r\u0103 PSD, dar a ad\u0103ugat c\u0103 \u201cnu e o ipotez\u0103 de lucru\u201d\">Cite\u015fte tot articolul<\/a><img decoding=\"async\" alt=\"Citeste articolul Direc\u021bia de Cultur\u0103 Timi\u0219, din nou \u00een colimatorul Prim\u0103riei Timi\u0219oara. Motivul, Pasarela \u00cendr\u0103gosti\u021bilor\" src=\"https:\/\/analyse.optim.biz\/wp-content\/uploads\/2026\/01\/arr_red-72.png\" title=\"arr_red-72\"><\/div>\n<div class=\"entry-content\">\n                    \tLiga Na\u021bional\u0103 de baschet programeaz\u0103 o nou\u0103 rund\u0103, la mijlocul acestei s\u0103pt\u0103m\u00e2ni. SCM Politehnica Timi\u0219oara va fi gazd\u0103 pentru CSU Sibiu, miercuri, 28 ianuarie, ora 19:00, la sala Constantin Jude. Partida conteaz\u0103 pentru etapa a XIX-a (a patra din retur) \u0219i poate aduce a opta victorie consecutiv\u0103 pe teren propriu pentru alb-viole\u021bi. Ei au jucat&#8230;                    \t<br \/><a href=\"https:\/\/debanat.ro\/2026\/01\/baschetbalistii-joaca-in-intermediara-pe-teren-propriu_461445.html\" class=\"read_more\" title=\"Permanent Link to Baschetbali\u0219tii joac\u0103 \u00een intermediar\u0103 pe teren propriu\">Cite\u015fte tot articolul<\/a><img decoding=\"async\" alt=\"Citeste articolul Direc\u021bia de Cultur\u0103 Timi\u0219, din nou \u00een colimatorul Prim\u0103riei Timi\u0219oara. Motivul, Pasarela \u00cendr\u0103gosti\u021bilor\" src=\"https:\/\/analyse.optim.biz\/wp-content\/uploads\/2026\/01\/arr_red-72.png\" title=\"arr_red-72\"><\/div>\n<div class=\"entry-content\">\n                    \tO interven\u021bie special\u0103 a avut ast\u0103zi la \u0219antierul de la Castelul Huniade. Muncitorii care lucreaz\u0103 la reabilitarea celebrului edificiu au f\u0103cut o descoperire \u0219ocant\u0103. Mai multe muni\u021bii de r\u0103zboi au fost g\u0103site, printre care \u0219i grenade. S-a trecut la sistarea lucrurului \u0219i anun\u021barea autorit\u0103\u021bilor. La fa\u021ba locului au venit repede pompierii militari de la ISU&#8230;                    \t<br \/><a href=\"https:\/\/debanat.ro\/2026\/01\/grenade-si-munitie-din-al-doilea-razboi-mondial-gasite-in-santurile-de-la-castelul-huniade_461503.html\" class=\"read_more\" title=\"Permanent Link to Grenade \u0219i muni\u021bie din al doilea R\u0103zboi Mondial, g\u0103site \u00een \u0219an\u021burile de la Castelul Huniade\">Cite\u015fte tot articolul<\/a><img decoding=\"async\" alt=\"Citeste articolul Direc\u021bia de Cultur\u0103 Timi\u0219, din nou \u00een colimatorul Prim\u0103riei Timi\u0219oara. Motivul, Pasarela \u00cendr\u0103gosti\u021bilor\" src=\"https:\/\/analyse.optim.biz\/wp-content\/uploads\/2026\/01\/arr_red-72.png\" title=\"arr_red-72\"><\/div>\n<div class=\"entry-content\">\n                    \tProduc\u0103torul de anvelope Continental \u00eempline\u0219te 25 de ani de activitate de produc\u021bie la Timi\u0219oara, un sfert de secol de implicare \u00een societate. \u00cen prezent cea mai modern\u0103 fabric\u0103 a germanilor, aceasta ofer\u0103 locuri de munc\u0103 pentru aproximativ 3.000 de angaja\u021bi, implicit pentru \u00een jur de 9.000 de membri ai comunit\u0103\u021bii. Azi, peste 80 milioane de&#8230;                    \t<br \/><a href=\"https:\/\/debanat.ro\/2026\/01\/continental-anvelope-implineste-25-de-ani-de-activitate-la-timisoara-si-de-implicare-in-comunitatea-locala_461391.html\" class=\"read_more\" title=\"Permanent Link to Continental Anvelope \u00eempline\u0219te 25 de ani de activitate la Timi\u0219oara \u0219i de implicare \u00een comunitatea local\u0103\">Cite\u015fte tot articolul<\/a><img decoding=\"async\" alt=\"Citeste articolul Direc\u021bia de Cultur\u0103 Timi\u0219, din nou \u00een colimatorul Prim\u0103riei Timi\u0219oara. Motivul, Pasarela \u00cendr\u0103gosti\u021bilor\" src=\"https:\/\/analyse.optim.biz\/wp-content\/uploads\/2026\/01\/arr_red-72.png\" title=\"arr_red-72\"><\/div>\n<div class=\"entry-content full_img\">\n                    \tO interven\u021bie special\u0103 a avut ast\u0103zi la \u0219antierul de la Castelul Huniade. Muncitorii care lucreaz\u0103 la reabilitarea celebrului edificiu au f\u0103cut o descoperire \u0219ocant\u0103. Mai multe muni\u021bii de r\u0103zboi au fost g\u0103site, printre care \u0219i grenade. S-a trecut la sistarea lucrurului \u0219i anun\u021barea autorit\u0103\u021bilor. La fa\u021ba locului au venit repede pompierii militari de la ISU&#8230;                    \t<a href=\"https:\/\/debanat.ro\/2026\/01\/grenade-si-munitie-din-al-doilea-razboi-mondial-gasite-in-santurile-de-la-castelul-huniade_461503.html\" class=\"read_more\" title=\"Permanent Link to Grenade \u0219i muni\u021bie din al doilea R\u0103zboi Mondial, g\u0103site \u00een \u0219an\u021burile de la Castelul Huniade\">Cite\u015fte tot articolul<\/a><img decoding=\"async\" alt=\"Citeste articolul Direc\u021bia de Cultur\u0103 Timi\u0219, din nou \u00een colimatorul Prim\u0103riei Timi\u0219oara. Motivul, Pasarela \u00cendr\u0103gosti\u021bilor\" src=\"https:\/\/analyse.optim.biz\/wp-content\/uploads\/2026\/01\/arr_red-72.png\" title=\"arr_red-72\"><\/div>\n<div class=\"entry-content full_img\">\n                    \tAccidentul petrecut mar\u021bi, \u00een jurul orei 13 l\u00e2ng\u0103 Lugoj a \u00eendoliat mai multe \u021b\u0103ri. \u0218apte fani PAOK Salonic \u0219i-au pierdut via\u021ba, al\u021bi trei fiind r\u0103ni\u021bi \u00een cel mai grav incident rutier petrecut \u00een Timi\u0219 \u00een acest deceniu. Fanii Politehnicii, ca de at\u00e2tea ori se vor implica \u00een acest caz, dorind s\u0103 ajute victimele \u0219i familiile&#8230;                    \t<a href=\"https:\/\/debanat.ro\/2026\/01\/suporterii-politehnicii-se-implica-in-cazul-accidentului-in-care-mai-multi-fani-paok-salonic-si-au-pierdut-viata-langa-lugoj_461499.html\" class=\"read_more\" title=\"Permanent Link to Suporterii Politehnicii se implic\u0103 \u00een cazul accidentului \u00een care mai mul\u021bi fani PAOK Salonic \u0219i-au pierdut via\u021ba l\u00e2ng\u0103 Lugoj\">Cite\u015fte tot articolul<\/a><img decoding=\"async\" alt=\"Citeste articolul Direc\u021bia de Cultur\u0103 Timi\u0219, din nou \u00een colimatorul Prim\u0103riei Timi\u0219oara. Motivul, Pasarela \u00cendr\u0103gosti\u021bilor\" src=\"https:\/\/analyse.optim.biz\/wp-content\/uploads\/2026\/01\/arr_red-72.png\" title=\"arr_red-72\"><\/div>\n<div class=\"entry-content full_img\">\n                    \tPrim\u0103ria Timi\u0219oara va cere aprobarea consilierilor locali pentru documenta\u021bia necesar\u0103 opera\u021biunii de reabilitare a cl\u0103dirilor din cadrul Liceului Grigore Moisil, liceul \u0219i \u0219coala general\u0103. Valoarea total\u0103 a proiectului este de 47 de milioane de lei, din care doar 26 sunt lucr\u0103rile de construc\u021bii. Administra\u021bia pentru S\u0103n\u0103tate \u0219i Educa\u021bie din cadrul Prim\u0103riei Timi\u0219oara a finalizat documenta\u021bia&#8230;                    \t<a href=\"https:\/\/debanat.ro\/2026\/01\/liceul-moisil-si-scoala-generala-22-renovate-cu-47-de-milioane-de-lei-e-gata-documentatia_461492.html\" class=\"read_more\" title=\"Permanent Link to Liceul Moisil \u0219i \u0218coala General\u0103 22, renovate cu 47 de milioane de lei. E gata documenta\u021bia\">Cite\u015fte tot articolul<\/a><img decoding=\"async\" alt=\"Citeste articolul Direc\u021bia de Cultur\u0103 Timi\u0219, din nou \u00een colimatorul Prim\u0103riei Timi\u0219oara. Motivul, Pasarela \u00cendr\u0103gosti\u021bilor\" src=\"https:\/\/analyse.optim.biz\/wp-content\/uploads\/2026\/01\/arr_red-72.png\" title=\"arr_red-72\"><\/div>\n<div class=\"entry-content full_img\">\n                    \tNum\u0103rul deceselor \u00een cazul teribilului accident de la Lugojel a crescut la 7. Dac\u0103 pe loc au murit \u0219ase, \u00eenc\u0103 o victim\u0103 s-a stins din cauza traumatismelor la spital. VIDEO: Aten\u021bie, imagini cu puternic impact emo\u021bional Toate victimele sunt b\u0103rba\u021bi, din Grecia, care mergeau \u00een Fran\u021ba. Reamintim, un microbuz, care circula dinspre Caransebe\u0219 spre Lugoj,&#8230;                    \t<a href=\"https:\/\/debanat.ro\/2026\/01\/inca-o-persoana-a-murit-in-urma-accidentului-de-la-lugojel-sunt-7-morti-toti-cetateni-greci-din-microbuz-si-trei-raniti_461478.html\" class=\"read_more\" title=\"Permanent Link to \u00cenc\u0103 o persoan\u0103 a murit \u00een urma accidentului de la Lugojel. Sunt 7 mor\u021bi, to\u021bi cet\u0103\u021beni greci din microbuz \u0219i trei r\u0103ni\u021bi\/VIDEO\">Cite\u015fte tot articolul<\/a><img decoding=\"async\" alt=\"Citeste articolul Direc\u021bia de Cultur\u0103 Timi\u0219, din nou \u00een colimatorul Prim\u0103riei Timi\u0219oara. Motivul, Pasarela \u00cendr\u0103gosti\u021bilor\" src=\"https:\/\/analyse.optim.biz\/wp-content\/uploads\/2026\/01\/arr_red-72.png\" title=\"arr_red-72\"><\/div>\n<div class=\"entry-content full_img\">\n                    \t\u00cen jurul orei 13:05, un apel la 112 anun\u021ba dezastrul. Un accident teribil, dup\u0103 o ciocnire \u00eentre un autotren, microbuz \u0219i autocistern\u0103, produs la Lugojel pe E70. La fa\u021ba locului s-au deplasat de urgen\u021b\u0103 o autospecial\u0103 de prim\u0103 interven\u021bie \u0219i comand\u0103, o autospecial\u0103 de descarcerare, o autospecial\u0103 de stingere, dou\u0103 echipaje SMURD \u0219i un ATPVM&#8230;                    \t<a href=\"https:\/\/debanat.ro\/2026\/01\/carnagiu-in-timis-cel-mai-grav-accident-din-ultimii-ani-cel-putin-sase-morti_461465.html\" class=\"read_more\" title=\"Permanent Link to Carnagiu \u00een Timi\u0219! Cel mai grav accident din ultimii ani, cel pu\u021bin \u0219ase mor\u021bi\/FOTO\">Cite\u015fte tot articolul<\/a><img decoding=\"async\" alt=\"Citeste articolul Direc\u021bia de Cultur\u0103 Timi\u0219, din nou \u00een colimatorul Prim\u0103riei Timi\u0219oara. Motivul, Pasarela \u00cendr\u0103gosti\u021bilor\" src=\"https:\/\/analyse.optim.biz\/wp-content\/uploads\/2026\/01\/arr_red-72.png\" title=\"arr_red-72\"><\/div>\n<div class=\"entry-content full_img\">\n                    \tMuzic\u0103 balcanic\u0103, rock alternativ \u0219i energie urban\u0103 \u00een mijlocul naturii, Electroruga Buzad revine \u00een 2026 cu primele nume confirmate din line-up: Shantel &amp; Bucovina Club Soundsystem, Om la lun\u0103, Implant pentru refuz \u0219i Omul cu \u0218obolani. Ajuns\u0103 la edi\u021bia cu num\u0103rul 4, Electroruga Buzad se preg\u0103te\u0219te a fi un festival de referin\u021b\u0103 pentru jude\u021bul Timi\u0219&#8230;                    \t<a href=\"https:\/\/debanat.ro\/2026\/01\/electroruga-buzad-2026-o-editie-cu-nume-importante-pe-line-up_461462.html\" class=\"read_more\" title=\"Permanent Link to Electroruga Buzad 2026, o edi\u021bie cu nume importante pe line-up\">Cite\u015fte tot articolul<\/a><img decoding=\"async\" alt=\"Citeste articolul Direc\u021bia de Cultur\u0103 Timi\u0219, din nou \u00een colimatorul Prim\u0103riei Timi\u0219oara. Motivul, Pasarela \u00cendr\u0103gosti\u021bilor\" src=\"https:\/\/analyse.optim.biz\/wp-content\/uploads\/2026\/01\/arr_red-72.png\" title=\"arr_red-72\"><\/div>\n<div class=\"entry-content full_img\">\n                    \tLa scurt timp de la conflictul dintre Prim\u0103ria Timi\u0219oara \u0219i Direc\u021bia Jude\u021bean\u0103 de Cultur\u0103 Timi\u0219 pe tema parc\u0103rii din spatele mgazinului Bega, municipalitatea acuz\u0103 cealalt\u0103 institu\u021bie de blocarea unei investi\u021bii. Acum este vorba despre Pasarela \u00cendr\u0103gosti\u021bilor, trecerea pietonal\u0103 peste Bega. Prim\u0103ria spune c\u0103 Direc\u021bia de Cultur\u0103 \u00eencalc\u0103 propriile dispozi\u021bii anterioare print-un nou aviz negativ, care&#8230;                    \t<a href=\"https:\/\/debanat.ro\/2026\/01\/directia-de-cultura-timis-din-nou-in-colimatorul-primariei-timisoara-motivul-pasarela-indragostitilor_461458.html\" class=\"read_more\" title=\"Permanent Link to Direc\u021bia de Cultur\u0103 Timi\u0219, din nou \u00een colimatorul Prim\u0103riei Timi\u0219oara. Motivul, Pasarela \u00cendr\u0103gosti\u021bilor\">Cite\u015fte tot articolul<\/a><img decoding=\"async\" alt=\"Citeste articolul Direc\u021bia de Cultur\u0103 Timi\u0219, din nou \u00een colimatorul Prim\u0103riei Timi\u0219oara. Motivul, Pasarela \u00cendr\u0103gosti\u021bilor\" src=\"https:\/\/analyse.optim.biz\/wp-content\/uploads\/2026\/01\/arr_red-72.png\" title=\"arr_red-72\"><\/div>\n<div class=\"entry-content full_img\">\n                    \tPremierul Ilie Bolojan a declarat mar\u021bi, \u00eentr-un interviu acordat RFI Rom\u00e2nia, c\u0103 nu exclude posibilitatea form\u0103rii unui guvern minoritar f\u0103r\u0103 PSD. \u00a0El a men\u0163ionat \u00eens\u0103 c\u0103 nu e o ipotez\u0103 de lucru, iar stabilitatea politic\u0103 r\u0103m\u00e2ne esen\u021bial\u0103 pentru Rom\u00e2nia. Ilie Bolojan a spus mar\u021bi \u00eentr-un interviu la RFI Rom\u00e2nia, c\u00e2nd a fost \u00eentrebat despre un&#8230;                    \t<a href=\"https:\/\/debanat.ro\/2026\/01\/ilie-bolojan-nu-exclude-un-guvern-fara-psd-dar-a-adaugat-ca-nu-e-o-ipoteza-de-lucru_461452.html\" class=\"read_more\" title=\"Permanent Link to Ilie Bolojan nu exclude un guvern f\u0103r\u0103 PSD, dar a ad\u0103ugat c\u0103 \u201cnu e o ipotez\u0103 de lucru\u201d\">Cite\u015fte tot articolul<\/a><img decoding=\"async\" alt=\"Citeste articolul Direc\u021bia de Cultur\u0103 Timi\u0219, din nou \u00een colimatorul Prim\u0103riei Timi\u0219oara. Motivul, Pasarela \u00cendr\u0103gosti\u021bilor\" src=\"https:\/\/analyse.optim.biz\/wp-content\/uploads\/2026\/01\/arr_red-72.png\" title=\"arr_red-72\"><\/div>\n<div class=\"entry-content full_img\">\n                    \tTestul de provocare cu metacolin\u0103 este o tehnic\u0103 de bronhoprovocare utilizat\u0103 pentru evaluarea hiperreactivit\u0103\u021bii c\u0103ilor respiratorii, \u00een special la pacien\u021bii cu suspiciune de astm bron\u0219ic care prezint\u0103 simptome atipice, dar au teste func\u021bionale pulmonare \u0219i rezultate ale spirometriei \u00een limite normale. Este un test de provocare bron\u0219ic\u0103 ce evalueaz\u0103 c\u00e2t de sensibil reac\u021bioneaz\u0103 c\u0103ile respiratorii&#8230;                    \t<a href=\"https:\/\/debanat.ro\/2026\/01\/test-de-provocare-cu-metacolina-spitalul-victor-babes-singura-unitate-sanitara-din-vestul-romaniei-care-a-implementat-aceasta-procedura_461447.html\" class=\"read_more\" title=\"Permanent Link to Test de provocare cu metacolin\u0103. Spitalul \u201eVictor Babe\u0219\u201d, singura unitate sanitar\u0103 din vestul Rom\u00e2niei care a implementat aceast\u0103 procedur\u0103\">Cite\u015fte tot articolul<\/a><img decoding=\"async\" alt=\"Citeste articolul Direc\u021bia de Cultur\u0103 Timi\u0219, din nou \u00een colimatorul Prim\u0103riei Timi\u0219oara. Motivul, Pasarela \u00cendr\u0103gosti\u021bilor\" src=\"https:\/\/analyse.optim.biz\/wp-content\/uploads\/2026\/01\/arr_red-72.png\" title=\"arr_red-72\"><\/div>\n<div class=\"entry-content full_img\">\n                    \tLiga Na\u021bional\u0103 de baschet programeaz\u0103 o nou\u0103 rund\u0103, la mijlocul acestei s\u0103pt\u0103m\u00e2ni. SCM Politehnica Timi\u0219oara va fi gazd\u0103 pentru CSU Sibiu, miercuri, 28 ianuarie, ora 19:00, la sala Constantin Jude. Partida conteaz\u0103 pentru etapa a XIX-a (a patra din retur) \u0219i poate aduce a opta victorie consecutiv\u0103 pe teren propriu pentru alb-viole\u021bi. Ei au jucat&#8230;                    \t<a href=\"https:\/\/debanat.ro\/2026\/01\/baschetbalistii-joaca-in-intermediara-pe-teren-propriu_461445.html\" class=\"read_more\" title=\"Permanent Link to Baschetbali\u0219tii joac\u0103 \u00een intermediar\u0103 pe teren propriu\">Cite\u015fte tot articolul<\/a><img decoding=\"async\" alt=\"Citeste articolul Direc\u021bia de Cultur\u0103 Timi\u0219, din nou \u00een colimatorul Prim\u0103riei Timi\u0219oara. Motivul, Pasarela \u00cendr\u0103gosti\u021bilor\" src=\"https:\/\/analyse.optim.biz\/wp-content\/uploads\/2026\/01\/arr_red-72.png\" title=\"arr_red-72\"><\/div>\n<p> Source URL: https:\/\/debanat.ro\/2015\/03\/ripensia-politehnica-un-meci-la-care-nu-ai-voie-sa-lipsesti_98109.html<\/p>\n","protected":false},"excerpt":{"rendered":"<p>Cel mai a\u015fteptat eveniment sportiv din aceast\u0103 perioad\u0103 \u00een Banat este \u00eent\u00e2lnirea dintre Ripensia Timi\u015foara \u015fi Politehnica, cele dou\u0103 echipe care se bat \u00eentr-un veritabil derby pentru c\u00e2\u015ftigarea seriei Ligii a IV-a Timi\u015f. Jocul va avea loc \u00een 7 martie, pe arena \u201eDan P\u0103ltini\u015fanu\u201d, iar organizatori sunt cei de la Ripensia Timi\u015foara. Jocul va putea [&hellip;]<\/p>\n","protected":false},"author":1,"featured_media":0,"comment_status":"open","ping_status":"","sticky":false,"template":"","format":"standard","meta":{"footnotes":""},"categories":[89],"tags":[192],"class_list":["post-1440002","post","type-post","status-publish","format-standard","hentry","category-romania","tag-debanat-ro"],"_links":{"self":[{"href":"https:\/\/analyse.optim.biz\/index.php?rest_route=\/wp\/v2\/posts\/1440002","targetHints":{"allow":["GET"]}}],"collection":[{"href":"https:\/\/analyse.optim.biz\/index.php?rest_route=\/wp\/v2\/posts"}],"about":[{"href":"https:\/\/analyse.optim.biz\/index.php?rest_route=\/wp\/v2\/types\/post"}],"author":[{"embeddable":true,"href":"https:\/\/analyse.optim.biz\/index.php?rest_route=\/wp\/v2\/users\/1"}],"replies":[{"embeddable":true,"href":"https:\/\/analyse.optim.biz\/index.php?rest_route=%2Fwp%2Fv2%2Fcomments&post=1440002"}],"version-history":[{"count":0,"href":"https:\/\/analyse.optim.biz\/index.php?rest_route=\/wp\/v2\/posts\/1440002\/revisions"}],"wp:attachment":[{"href":"https:\/\/analyse.optim.biz\/index.php?rest_route=%2Fwp%2Fv2%2Fmedia&parent=1440002"}],"wp:term":[{"taxonomy":"category","embeddable":true,"href":"https:\/\/analyse.optim.biz\/index.php?rest_route=%2Fwp%2Fv2%2Fcategories&post=1440002"},{"taxonomy":"post_tag","embeddable":true,"href":"https:\/\/analyse.optim.biz\/index.php?rest_route=%2Fwp%2Fv2%2Ftags&post=1440002"}],"curies":[{"name":"wp","href":"https:\/\/api.w.org\/{rel}","templated":true}]}}