{"id":1439728,"date":"2015-03-23T08:45:39","date_gmt":"2015-03-23T05:45:39","guid":{"rendered":"https:\/\/analyse.optim.biz\/?p=1439728"},"modified":"2015-03-23T08:45:39","modified_gmt":"2015-03-23T05:45:39","slug":"dinamo-bucuresti-vrea-sa-transfere-un-jucator-din-liga-a-iv-a-timis","status":"publish","type":"post","link":"https:\/\/analyse.optim.biz\/?p=1439728","title":{"rendered":"Dinamo Bucuresti vrea sa transfere un jucator din Liga a IV-a Timis"},"content":{"rendered":"<div class=\"entry-content\">\n<p>Echipele timi\u015fene din cel de-al patrulea e\u015falon au \u00een componen\u0163\u0103 fotbali\u015fti care au atras aten\u0163ia mai multor echipe din ligile superioare. Cea mai interesant\u0103 ofert\u0103 pentru un juc\u0103tor a venit pe adresa celor de la CS Dumbr\u0103vi\u0163a, una din echipele bune ale seriei.<\/p>\n<p><a href=\"https:\/\/analyse.optim.biz\/wp-content\/uploads\/2026\/01\/robert-miklos-druckeria.jpg\"><img loading=\"lazy\" decoding=\"async\" src=\"https:\/\/analyse.optim.biz\/wp-content\/uploads\/2026\/01\/robert-miklos-druckeria.jpg\" alt=\"robert miklos druckeria\" width=\"1024\" height=\"751\" class=\"aligncenter size-full wp-image-99836\" title=\"robert-miklos-druckeria\"><\/a><\/p>\n<p>Dinamo Bucure\u015fti \u00eel dore\u015fte pe portarul Robert Miklos. Acesta are doar 15 ani, dar ap\u0103r\u0103 constant la acest nivel de mai bine de un an. Evolu\u0163iile bune ale t\u00e2n\u0103rului portar au atras aten\u0163ia mai multor echipe din e\u015faloane superioare, dar cea mai important\u0103 este cea a lui Dinamo Bucure\u015fti. Robert Miklos este dovada c\u0103 a\u015fchia nu sare departe de trunchi. Acesta calc\u0103 pe urmele tat\u0103lui s\u0103u, Arpad Miklos, portar care a fost legitimat la UMT, Modern Timi\u015foara, \u015eoimii Timi\u015foara, Dacia Timi\u015foara, Vulturii Lugoj, CFR Timi\u015foara sau Minerul Lupeni. \u00cen prezent, Arpad Miklos face parte din staff-ul ethnic al CS Dumbr\u0103vi\u0163a \u015fi, la nevoie, mai intr\u0103 \u015fi \u00een poart\u0103.<\/p>\n<p>Robert Miklos i-ar putea c\u0103lca pe urme altui portar a c\u0103rui ascensiune a pornit din cel de-al patrulea e\u015falon timi\u015fean. Este vorba despre Eduard Pap, un portar de 21 de ani legitimat \u00een prezent la Poli Timi\u015foara. Acesta a debutat \u00een Liga a IV-a c\u00e2nd avea doar 14 ani \u00een tricoul celor de la \u201eMarcel B\u0103ban\u201d Jimbolia. Dinamo Bucure\u015fti a fost tot timpul interesat\u0103 de fotbali\u015ftii din jude\u0163ul Timi\u015f. \u00cen prezent pentru \u201ec\u00e2ini\u201d evolueaz\u0103 timi\u015foreanul Dorin Rotariu, iar \u00een trecutul apropiat Dinamo i-a mai transferat pe Alin Roman, Alin Dobrosavlevici, Darius Buia sau Gelu Velici, to\u0163i crescu\u0163i la echipe timi\u015forene. Niciunul dintre ace\u015ftia nu s-a impus \u00eens\u0103 la Dinamo. (sursa foto: www.druckeria.ro)<\/p>\n<\/div>\n<div class=\"entry-content\">\n                    \tMar\u0163i, 27 ianuarie, \u00eentr-o \u015fedin\u0163\u0103 ordinar\u0103 a Consiliului Local se va vota un proiect privind \u00eencheierea unui \u201cAcord de Parteneriat \u00eentre Municipiul Timi\u0219oara \u0219i Coca-Cola HBC Rom\u00e2nia S.R.L.\u201d privind realizarea unui nou drum de leg\u0103tur\u0103 \u00eentre Calea Torontalului \u0219i Calea Aradului. Acest drum ar fi necesar pentru \u201efluidizarea traficului \u0219i asigurarea accesului la Parcul Industrial&#8230;                    \t<br \/><a href=\"https:\/\/debanat.ro\/2026\/01\/primaria-timisoara-vrea-sa-incheie-un-parteneriat-cu-coca-cola-pentru-realizarea-unui-drum-intre-calea-aradului-si-calea-torontalului_461325.html\" class=\"read_more\" title=\"Permanent Link to Prim\u0103ria Timi\u015foara vrea s\u0103 \u00eencheie un parteneriat cu Coca-Cola pentru realizarea unui drum \u00eentre Calea Aradului  \u0219i Calea Torontalului\">Cite\u015fte tot articolul<\/a><img decoding=\"async\" alt=\"Citeste articolul Prim\u0103ria Timi\u015foara vrea s\u0103 \u00eencheie un parteneriat cu Coca-Cola pentru realizarea unui drum \u00eentre Calea Aradului  \u0219i Calea Torontalului\" src=\"https:\/\/analyse.optim.biz\/wp-content\/uploads\/2026\/01\/arr_red-66.png\" title=\"arr_red-66\"><\/div>\n<div class=\"entry-content\">\n                    \tFostul viceprimar al Timi\u0219oarei, Cosmin Tab\u0103r\u0103, se arat\u0103 \u00een continuare preocupat de problemele ora\u0219ului, chiar dac\u0103 a plecat cu serviciul la Bucure\u0219ti, la Agen\u021bia Na\u021bional\u0103 pentru Sport. De aceast\u0103 dat\u0103 el abordeaz\u0103 problema \u0219trandului Termal, unul recuperat cu greu de municipalitate, dar r\u0103mas \u00een paragin\u0103 ulterior. Loc preferat de mul\u021bi timi\u0219oreni pentru r\u0103corire pe vreme&#8230;                    \t<br \/><a href=\"https:\/\/debanat.ro\/2026\/01\/cosmin-tabara-cere-primariei-timisoara-sa-se-apuce-de-reabilitat-strandul-termal_461188.html\" class=\"read_more\" title=\"Permanent Link to Cosmin Tab\u0103r\u0103 cere Prim\u0103riei Timi\u0219oara s\u0103 se apuce de reabilitat \u0219trandul Termal\">Cite\u015fte tot articolul<\/a><img decoding=\"async\" alt=\"Citeste articolul Prim\u0103ria Timi\u015foara vrea s\u0103 \u00eencheie un parteneriat cu Coca-Cola pentru realizarea unui drum \u00eentre Calea Aradului  \u0219i Calea Torontalului\" src=\"https:\/\/analyse.optim.biz\/wp-content\/uploads\/2026\/01\/arr_red-66.png\" title=\"arr_red-66\"><\/div>\n<div class=\"entry-content\">\n                    \tPadelul timi\u0219orean s-a \u201edezghe\u021bat\u201d odat\u0103 cu disputarea primei competi\u021bii din 2026 la cocheta baz\u0103 Padel Center din Dumbr\u0103vi\u021ba, cea mai mare din \u021bar\u0103 \u0219i care are nou\u0103 terenuri, dintre care cinci acoperite \u0219i patru \u00een aer liber. Sportivi din Germania, Fran\u021ba, Spania \u0219i bine\u00een\u021beles Rom\u00e2nia s-au \u00eenscris la cele trei niveluri ale competi\u021biei, profesioni\u0219ti, semipro\/amatori&#8230;                    \t<br \/><a href=\"https:\/\/debanat.ro\/2026\/01\/mica-unire-s-a-facut-si-pe-terenurile-de-la-padel-center_461357.html\" class=\"read_more\" title=\"Permanent Link to Mica Unire s-a f\u0103cut \u0219i pe terenurile de la Padel Center\">Cite\u015fte tot articolul<\/a><img decoding=\"async\" alt=\"Citeste articolul Prim\u0103ria Timi\u015foara vrea s\u0103 \u00eencheie un parteneriat cu Coca-Cola pentru realizarea unui drum \u00eentre Calea Aradului  \u0219i Calea Torontalului\" src=\"https:\/\/analyse.optim.biz\/wp-content\/uploads\/2026\/01\/arr_red-66.png\" title=\"arr_red-66\"><\/div>\n<div class=\"entry-content\">\n                    \t\u0218oferii care circul\u0103 pe autostrada A1 continu\u0103 s\u0103 se pl\u00e2ng\u0103 de num\u0103rul mare de gropi ap\u0103rute \u00een asfalt. Tot mai mul\u021bi dintre ace\u0219tia anun\u021b\u0103 pe forumurile de discu\u021bii despre apari\u021bia acestora, avertiz\u00e2nd \u0219oferii s\u0103 circule pe banda mai pu\u021bin afectat\u0103, pentru a nu face accident. Ultima postare pe aceast\u0103 tem\u0103 vine din zona Hunedoara. Pe&#8230;                    \t<br \/><a href=\"https:\/\/debanat.ro\/2026\/01\/problemele-cu-gropile-persista-pe-autostrada-a1-oamenii-se-indeamna-sa-depuna-plangeri-si-sa-ceara-despagubiri_461374.html\" class=\"read_more\" title=\"Permanent Link to Problemele cu gropile persist\u0103 pe autostrada A1. Oamenii se \u00eendeamn\u0103 s\u0103 depun\u0103 pl\u00e2ngeri \u0219i s\u0103 cear\u0103 desp\u0103gubiri\">Cite\u015fte tot articolul<\/a><img decoding=\"async\" alt=\"Citeste articolul Prim\u0103ria Timi\u015foara vrea s\u0103 \u00eencheie un parteneriat cu Coca-Cola pentru realizarea unui drum \u00eentre Calea Aradului  \u0219i Calea Torontalului\" src=\"https:\/\/analyse.optim.biz\/wp-content\/uploads\/2026\/01\/arr_red-66.png\" title=\"arr_red-66\"><\/div>\n<div class=\"entry-content\">\n                    \tCamera de Comer\u021b, Industrie \u0219i Agricultur\u0103 Timi\u0219, \u00een calitate de partener al Enterprise Europe Network (EEN), invit\u0103 firmele timi\u0219ene s\u0103 participe la prima misiune economic\u0103 multisectorial\u0103 organizat\u0103 \u00een \u021aara Bascilor \u2013 Spania, \u00een perioada 16 \u2013 20 martie 2026. Evenimentul se desf\u0103\u0219oar\u0103 cu sprijinul Consulatului General al Rom\u00e2niei la Bilbao \u0219i \u00een colaborare cu Camera&#8230;                    \t<br \/><a href=\"https:\/\/debanat.ro\/2026\/01\/ccia-timis-organizeaza-o-misiune-economica-timiseana-in-tara-bascilor_461378.html\" class=\"read_more\" title=\"Permanent Link to CCIA Timi\u0219 organizeaz\u0103 o misiune economic\u0103 timi\u0219ean\u0103 \u00een \u021aara Bascilor\">Cite\u015fte tot articolul<\/a><img decoding=\"async\" alt=\"Citeste articolul Prim\u0103ria Timi\u015foara vrea s\u0103 \u00eencheie un parteneriat cu Coca-Cola pentru realizarea unui drum \u00eentre Calea Aradului  \u0219i Calea Torontalului\" src=\"https:\/\/analyse.optim.biz\/wp-content\/uploads\/2026\/01\/arr_red-66.png\" title=\"arr_red-66\"><\/div>\n<div class=\"entry-content full_img\">\n                    \tCamera de Comer\u021b, Industrie \u0219i Agricultur\u0103 Timi\u0219, \u00een calitate de partener al Enterprise Europe Network (EEN), invit\u0103 firmele timi\u0219ene s\u0103 participe la prima misiune economic\u0103 multisectorial\u0103 organizat\u0103 \u00een \u021aara Bascilor \u2013 Spania, \u00een perioada 16 \u2013 20 martie 2026. Evenimentul se desf\u0103\u0219oar\u0103 cu sprijinul Consulatului General al Rom\u00e2niei la Bilbao \u0219i \u00een colaborare cu Camera&#8230;                    \t<a href=\"https:\/\/debanat.ro\/2026\/01\/ccia-timis-organizeaza-o-misiune-economica-timiseana-in-tara-bascilor_461378.html\" class=\"read_more\" title=\"Permanent Link to CCIA Timi\u0219 organizeaz\u0103 o misiune economic\u0103 timi\u0219ean\u0103 \u00een \u021aara Bascilor\">Cite\u015fte tot articolul<\/a><img decoding=\"async\" alt=\"Citeste articolul Prim\u0103ria Timi\u015foara vrea s\u0103 \u00eencheie un parteneriat cu Coca-Cola pentru realizarea unui drum \u00eentre Calea Aradului  \u0219i Calea Torontalului\" src=\"https:\/\/analyse.optim.biz\/wp-content\/uploads\/2026\/01\/arr_red-66.png\" title=\"arr_red-66\"><\/div>\n<div class=\"entry-content full_img\">\n                    \t\u0218oferii care circul\u0103 pe autostrada A1 continu\u0103 s\u0103 se pl\u00e2ng\u0103 de num\u0103rul mare de gropi ap\u0103rute \u00een asfalt. Tot mai mul\u021bi dintre ace\u0219tia anun\u021b\u0103 pe forumurile de discu\u021bii despre apari\u021bia acestora, avertiz\u00e2nd \u0219oferii s\u0103 circule pe banda mai pu\u021bin afectat\u0103, pentru a nu face accident. Ultima postare pe aceast\u0103 tem\u0103 vine din zona Hunedoara. Pe&#8230;                    \t<a href=\"https:\/\/debanat.ro\/2026\/01\/problemele-cu-gropile-persista-pe-autostrada-a1-oamenii-se-indeamna-sa-depuna-plangeri-si-sa-ceara-despagubiri_461374.html\" class=\"read_more\" title=\"Permanent Link to Problemele cu gropile persist\u0103 pe autostrada A1. Oamenii se \u00eendeamn\u0103 s\u0103 depun\u0103 pl\u00e2ngeri \u0219i s\u0103 cear\u0103 desp\u0103gubiri\">Cite\u015fte tot articolul<\/a><img decoding=\"async\" alt=\"Citeste articolul Prim\u0103ria Timi\u015foara vrea s\u0103 \u00eencheie un parteneriat cu Coca-Cola pentru realizarea unui drum \u00eentre Calea Aradului  \u0219i Calea Torontalului\" src=\"https:\/\/analyse.optim.biz\/wp-content\/uploads\/2026\/01\/arr_red-66.png\" title=\"arr_red-66\"><\/div>\n<div class=\"entry-content full_img\">\n                    \tPadelul timi\u0219orean s-a \u201edezghe\u021bat\u201d odat\u0103 cu disputarea primei competi\u021bii din 2026 la cocheta baz\u0103 Padel Center din Dumbr\u0103vi\u021ba, cea mai mare din \u021bar\u0103 \u0219i care are nou\u0103 terenuri, dintre care cinci acoperite \u0219i patru \u00een aer liber. Sportivi din Germania, Fran\u021ba, Spania \u0219i bine\u00een\u021beles Rom\u00e2nia s-au \u00eenscris la cele trei niveluri ale competi\u021biei, profesioni\u0219ti, semipro\/amatori&#8230;                    \t<a href=\"https:\/\/debanat.ro\/2026\/01\/mica-unire-s-a-facut-si-pe-terenurile-de-la-padel-center_461357.html\" class=\"read_more\" title=\"Permanent Link to Mica Unire s-a f\u0103cut \u0219i pe terenurile de la Padel Center\">Cite\u015fte tot articolul<\/a><img decoding=\"async\" alt=\"Citeste articolul Prim\u0103ria Timi\u015foara vrea s\u0103 \u00eencheie un parteneriat cu Coca-Cola pentru realizarea unui drum \u00eentre Calea Aradului  \u0219i Calea Torontalului\" src=\"https:\/\/analyse.optim.biz\/wp-content\/uploads\/2026\/01\/arr_red-66.png\" title=\"arr_red-66\"><\/div>\n<div class=\"entry-content full_img\">\n                    \tTimi\u0219ul a fost, \u0219i \u00een acest an, locul unde au debutat expozi\u021biile de frumuse\u021be canin\u0103 din Rom\u00e2nia. Expozi\u021biile din luna ianuarie au avut loc, s\u00e2mb\u0103t\u0103 \u0219i duminic\u0103, \u00een organizarea Asocia\u021biei Chinologice Rom\u00e2ne Timi\u0219, la Sala Polivalent\u0103 din Dumbr\u0103vi\u021ba. Au fost dou\u0103 expozi\u021bii \u00een cursul zilei de s\u00e2mb\u0103t\u0103, una dotat\u0103 cu titluri CAC, una dotat\u0103 cu&#8230;                    \t<a href=\"https:\/\/debanat.ro\/2026\/01\/cei-mai-frumosi-caini-s-au-intrecut-la-dumbravita-in-deschiderea-sezonului-chinologic-2026_461346.html\" class=\"read_more\" title=\"Permanent Link to Cei mai frumo\u0219i c\u00e2ini s-au \u00eentrecut la Dumbr\u0103vi\u021ba, \u00een deschiderea sezonului chinologic 2026\">Cite\u015fte tot articolul<\/a><img decoding=\"async\" alt=\"Citeste articolul Prim\u0103ria Timi\u015foara vrea s\u0103 \u00eencheie un parteneriat cu Coca-Cola pentru realizarea unui drum \u00eentre Calea Aradului  \u0219i Calea Torontalului\" src=\"https:\/\/analyse.optim.biz\/wp-content\/uploads\/2026\/01\/arr_red-66.png\" title=\"arr_red-66\"><\/div>\n<div class=\"entry-content full_img\">\n                    \tUniversitatea de Vest face parte din grupul de doar 8 universit\u0103\u021bi din Rom\u00e2nia care au fost nominalizate \u00een cel pu\u021bin cinci domenii \u0219tiin\u021bifice, f\u0103c\u00e2nd parte astfel dintr-un grup restr\u00e2ns de institu\u021bii universitare cu vizibilitate multidisciplinar\u0103 real\u0103 la nivel interna\u021bional, \u00een clasamentul \u00a0Times Higher Education Subject Rankings 2026. \u00cen edi\u021bia din acest an, UVT este prezent\u0103&#8230;                    \t<a href=\"https:\/\/debanat.ro\/2026\/01\/universitatea-de-vest-timisoara-inclusa-intr-un-top-alaturi-de-cele-mai-de-succes-universitati-din-romania_461342.html\" class=\"read_more\" title=\"Permanent Link to Universitatea de Vest Timi\u0219oara, inclus\u0103 \u00eentr-un top, al\u0103turi de cele mai de succes universit\u0103\u021bi din Rom\u00e2nia\">Cite\u015fte tot articolul<\/a><img decoding=\"async\" alt=\"Citeste articolul Prim\u0103ria Timi\u015foara vrea s\u0103 \u00eencheie un parteneriat cu Coca-Cola pentru realizarea unui drum \u00eentre Calea Aradului  \u0219i Calea Torontalului\" src=\"https:\/\/analyse.optim.biz\/wp-content\/uploads\/2026\/01\/arr_red-66.png\" title=\"arr_red-66\"><\/div>\n<div class=\"entry-content full_img\">\n                    \tJum\u0103tatea lunii iunie a acestui an va aduce o nou\u0103 edi\u021bie a evenimentului Color the Village. De aceast\u0103 dat\u0103, voluntarii vor zugr\u0103vi \u0219i vor reface 30 de fa\u021bade, \u00een trei zile, la Macedoania \u00een Timi\u0219. \u00cen acest an, ac\u021biunea are loc \u00een 11, 12 \u0219i 13 iunie, sunt a\u0219tepta\u021bi sute de voluntari la cea de&#8230;                    \t<a href=\"https:\/\/debanat.ro\/2026\/01\/in-acest-an-color-the-village-ajunge-la-macedonia-in-timis-foto_461332.html\" class=\"read_more\" title=\"Permanent Link to \u00cen acest an, Color the Village ajunge la Macedonia, \u00een Timi\u0219\/FOTO\">Cite\u015fte tot articolul<\/a><img decoding=\"async\" alt=\"Citeste articolul Prim\u0103ria Timi\u015foara vrea s\u0103 \u00eencheie un parteneriat cu Coca-Cola pentru realizarea unui drum \u00eentre Calea Aradului  \u0219i Calea Torontalului\" src=\"https:\/\/analyse.optim.biz\/wp-content\/uploads\/2026\/01\/arr_red-66.png\" title=\"arr_red-66\"><\/div>\n<div class=\"entry-content full_img\">\n                    \tMar\u0163i, 27 ianuarie, \u00eentr-o \u015fedin\u0163\u0103 ordinar\u0103 a Consiliului Local se va vota un proiect privind \u00eencheierea unui \u201cAcord de Parteneriat \u00eentre Municipiul Timi\u0219oara \u0219i Coca-Cola HBC Rom\u00e2nia S.R.L.\u201d privind realizarea unui nou drum de leg\u0103tur\u0103 \u00eentre Calea Torontalului \u0219i Calea Aradului. Acest drum ar fi necesar pentru \u201efluidizarea traficului \u0219i asigurarea accesului la Parcul Industrial&#8230;                    \t<a href=\"https:\/\/debanat.ro\/2026\/01\/primaria-timisoara-vrea-sa-incheie-un-parteneriat-cu-coca-cola-pentru-realizarea-unui-drum-intre-calea-aradului-si-calea-torontalului_461325.html\" class=\"read_more\" title=\"Permanent Link to Prim\u0103ria Timi\u015foara vrea s\u0103 \u00eencheie un parteneriat cu Coca-Cola pentru realizarea unui drum \u00eentre Calea Aradului  \u0219i Calea Torontalului\">Cite\u015fte tot articolul<\/a><img decoding=\"async\" alt=\"Citeste articolul Prim\u0103ria Timi\u015foara vrea s\u0103 \u00eencheie un parteneriat cu Coca-Cola pentru realizarea unui drum \u00eentre Calea Aradului  \u0219i Calea Torontalului\" src=\"https:\/\/analyse.optim.biz\/wp-content\/uploads\/2026\/01\/arr_red-66.png\" title=\"arr_red-66\"><\/div>\n<div class=\"entry-content full_img\">\n                    \tDetalii incredibile \u00eenc\u0103 vin de la Cenei, locul crimei odioase din aceast\u0103 s\u0103pt\u0103m\u00e2n\u0103! Cei trei copii care au premeditat uciderea cu s\u00e2nge rece a lui Mario se drogau. \u00cempreun\u0103 cu ei \u0219i un alt s\u0103tean care le f\u0103cea rost de substan\u021be interzise. Poli\u021bi\u0219tii Brig\u0103zii de Combatere a Criminalit\u0103\u021bii Organizate Timi\u0219oara, \u00eempreun\u0103 cu procurorii Direc\u021biei de&#8230;                    \t<a href=\"https:\/\/debanat.ro\/2026\/01\/criminalii-de-la-cenei-se-drogau-frecvent-dealerii-lor-tocmai-au-fost-retinuti_461319.html\" class=\"read_more\" title=\"Permanent Link to Criminalii de la Cenei se drogau frecvent! Dealerii lor tocmai au fost re\u021binu\u021bi\">Cite\u015fte tot articolul<\/a><img decoding=\"async\" alt=\"Citeste articolul Prim\u0103ria Timi\u015foara vrea s\u0103 \u00eencheie un parteneriat cu Coca-Cola pentru realizarea unui drum \u00eentre Calea Aradului  \u0219i Calea Torontalului\" src=\"https:\/\/analyse.optim.biz\/wp-content\/uploads\/2026\/01\/arr_red-66.png\" title=\"arr_red-66\"><\/div>\n<div class=\"entry-content full_img\">\n                    \tO ga\u0219c\u0103 de ho\u021bi de lux au dat lovitur\u0103 dup\u0103 lovitur\u0103 \u00een ultimele s\u0103pt\u0103m\u00e2ni. Mai multe locuin\u021be au fost sparte, iar paguba este mare. Printre p\u0103gubi\u021bi se afl\u0103 medici celebri din Timi\u0219oara, precum Cristian Oancea, managerul spitalului Victor Babe\u0219, dar \u0219i rectorul UVT, Marilen Pirtea. Lovirurile au fost monitorizate bine \u0219i s-au dat c\u00e2nd nimeni&#8230;                    \t<a href=\"https:\/\/debanat.ro\/2026\/01\/spargeri-pe-banda-rulanta-vilele-unor-oameni-importanti-din-oras-au-fost-calcate-de-hoti-de-lux-iar-paguba-depaseste-o-jumatate-de-milion-de-euro_461315.html\" class=\"read_more\" title=\"Permanent Link to Spargeri pe band\u0103 rulant\u0103! Vilele unor oameni importan\u021bi din ora\u0219 au fost \u201ec\u0103lcate\u201d de ho\u021bi de\u2026 lux, iar paguba dep\u0103\u0219e\u0219te o jum\u0103tate de milion de euro\">Cite\u015fte tot articolul<\/a><img decoding=\"async\" alt=\"Citeste articolul Prim\u0103ria Timi\u015foara vrea s\u0103 \u00eencheie un parteneriat cu Coca-Cola pentru realizarea unui drum \u00eentre Calea Aradului  \u0219i Calea Torontalului\" src=\"https:\/\/analyse.optim.biz\/wp-content\/uploads\/2026\/01\/arr_red-66.png\" title=\"arr_red-66\"><\/div>\n<div class=\"entry-content full_img\">\n                    \t\u00cen spatele fiec\u0103rei calific\u0103ri ob\u021binute se afl\u0103 o poveste.O decizie dificil\u0103. Un moment de nesiguran\u021b\u0103. Dorin\u021ba de a merge mai departe atunci c\u00e2nd op\u021biunile par limitate. Pentru mul\u021bi oameni, accesul la educa\u021bie \u0219i formare profesional\u0103 nu este un proces simplu, ci un pas curajos spre rec\u00e2\u0219tigarea \u00eencrederii \u0219i a stabilit\u0103\u021bii. Asocia\u021bia EURED a ap\u0103rut tocmai&#8230;                    \t<a href=\"https:\/\/debanat.ro\/2026\/01\/asociatia-eured-educatia-care-ofera-directie-stabilitate-si-sanse-reale-de-schimbare_461285.html\" class=\"read_more\" title=\"Permanent Link to Asocia\u021bia EURED \u2013 educa\u021bia care ofer\u0103 direc\u021bie, stabilitate \u0219i \u0219anse reale de schimbare\">Cite\u015fte tot articolul<\/a><img decoding=\"async\" alt=\"Citeste articolul Prim\u0103ria Timi\u015foara vrea s\u0103 \u00eencheie un parteneriat cu Coca-Cola pentru realizarea unui drum \u00eentre Calea Aradului  \u0219i Calea Torontalului\" src=\"https:\/\/analyse.optim.biz\/wp-content\/uploads\/2026\/01\/arr_red-66.png\" title=\"arr_red-66\"><\/div>\n<p> Source URL: https:\/\/debanat.ro\/2015\/03\/dinamo-bucuresti-vrea-sa-transfere-un-jucator-din-liga-a-iv-a-timis_99835.html<\/p>\n","protected":false},"excerpt":{"rendered":"<p>Echipele timi\u015fene din cel de-al patrulea e\u015falon au \u00een componen\u0163\u0103 fotbali\u015fti care au atras aten\u0163ia mai multor echipe din ligile superioare. Cea mai interesant\u0103 ofert\u0103 pentru un juc\u0103tor a venit pe adresa celor de la CS Dumbr\u0103vi\u0163a, una din echipele bune ale seriei. Dinamo Bucure\u015fti \u00eel dore\u015fte pe portarul Robert Miklos. Acesta are doar 15 [&hellip;]<\/p>\n","protected":false},"author":1,"featured_media":0,"comment_status":"open","ping_status":"","sticky":false,"template":"","format":"standard","meta":{"footnotes":""},"categories":[89],"tags":[192],"class_list":["post-1439728","post","type-post","status-publish","format-standard","hentry","category-romania","tag-debanat-ro"],"_links":{"self":[{"href":"https:\/\/analyse.optim.biz\/index.php?rest_route=\/wp\/v2\/posts\/1439728","targetHints":{"allow":["GET"]}}],"collection":[{"href":"https:\/\/analyse.optim.biz\/index.php?rest_route=\/wp\/v2\/posts"}],"about":[{"href":"https:\/\/analyse.optim.biz\/index.php?rest_route=\/wp\/v2\/types\/post"}],"author":[{"embeddable":true,"href":"https:\/\/analyse.optim.biz\/index.php?rest_route=\/wp\/v2\/users\/1"}],"replies":[{"embeddable":true,"href":"https:\/\/analyse.optim.biz\/index.php?rest_route=%2Fwp%2Fv2%2Fcomments&post=1439728"}],"version-history":[{"count":0,"href":"https:\/\/analyse.optim.biz\/index.php?rest_route=\/wp\/v2\/posts\/1439728\/revisions"}],"wp:attachment":[{"href":"https:\/\/analyse.optim.biz\/index.php?rest_route=%2Fwp%2Fv2%2Fmedia&parent=1439728"}],"wp:term":[{"taxonomy":"category","embeddable":true,"href":"https:\/\/analyse.optim.biz\/index.php?rest_route=%2Fwp%2Fv2%2Fcategories&post=1439728"},{"taxonomy":"post_tag","embeddable":true,"href":"https:\/\/analyse.optim.biz\/index.php?rest_route=%2Fwp%2Fv2%2Ftags&post=1439728"}],"curies":[{"name":"wp","href":"https:\/\/api.w.org\/{rel}","templated":true}]}}