{"id":1438452,"date":"2024-04-04T04:34:42","date_gmt":"2024-04-04T01:34:42","guid":{"rendered":"https:\/\/analyse.optim.biz\/?p=1438452"},"modified":"2024-04-04T04:34:42","modified_gmt":"2024-04-04T01:34:42","slug":"foto-tanar-de-21-de-ani-in-stare-grava-dupa-un-accident-la-muntenii-de-jos","status":"publish","type":"post","link":"https:\/\/analyse.optim.biz\/?p=1438452","title":{"rendered":"FOTO T\u00e2n\u0103r de 21 de ani, \u00een stare grav\u0103 dup\u0103 un accident la Muntenii de Jos"},"content":{"rendered":"<div class=\"entry-content clearfix\">\n<p>Asear\u0103, Deta\u0219amentul de pompieri Vaslui a intervenit cu o autospecial\u0103 pentru descarcerare, o ambulan\u021b\u0103 SMURD tip C1 (terapie intensiv\u0103 mobil\u0103), o autospecial\u0103 de stingere cu ap\u0103 \u0219i echipaje specializate, pentru descarcerarea extragerea \u0219i acordarea \u00eengrijirilor medicale victimei unui accident rutier produs \u00een localitatea Muntenii de Jos, comuna Muntenii de Jos. \u00cen accident au fost implicate dou\u0103 autoturisme \u0219i o singur\u0103 persoan\u0103.<br \/>La sosirea echipajelor de interven\u021bie au fost g\u0103site dou\u0103 autoturisme avariate \u0219i un b\u0103rbat \u00eencarcerat. Victima prezenta multiple traumatisme \u0219i se afla \u00een stare de semincon\u0219tien\u021b\u0103. B\u0103rbatul \u00een v\u00e2rst\u0103 de 21 ani a fost descarcerat \u0219i preluat de echipajul ambulan\u021bei SMURD pentru terapie intensiv\u0103 mobil\u0103. Ulterior, victima a fost transportat\u0103 la Unitatea de Primiri Urgen\u021be din cadrul Spitalului Jude\u021bean de Urgen\u021b\u0103 Vaslui.<br \/>Pompierii militari au asigurat \u0219i m\u0103suri PSI \u00eentruc\u00e2t cel de-al doilea autoturism implicat \u00een accident a lovit o \u021beav\u0103 pentru transportul \u0219i distribu\u021bia gazelor naturale.<br \/>Cauza \u0219i circumstan\u021bele producerii acestui accident rutier sunt cercetate de poli\u021bi\u0219tii vasluieni.<\/p>\n<figure class=\"wp-block-gallery columns-2 is-cropped\">\n<ul class=\"blocks-gallery-grid\">\n<li class=\"blocks-gallery-item\">\n<figure><img decoding=\"async\" loading=\"lazy\" width=\"768\" height=\"1024\" src=\"https:\/\/analyse.optim.biz\/wp-content\/uploads\/2026\/01\/www-ziaruldevaslui-221.jpg\" class=\"wp-image-45608\" title=\"www-ziaruldevaslui-221\"><\/figure>\n<\/li>\n<li class=\"blocks-gallery-item\">\n<figure><img decoding=\"async\" loading=\"lazy\" width=\"768\" height=\"1024\" src=\"https:\/\/analyse.optim.biz\/wp-content\/uploads\/2026\/01\/www-ziaruldevaslui-1-15.jpg\" class=\"wp-image-45609\" title=\"www-ziaruldevaslui-1-15\"><\/figure>\n<\/li>\n<li class=\"blocks-gallery-item\">\n<figure><img decoding=\"async\" loading=\"lazy\" width=\"768\" height=\"1024\" src=\"https:\/\/analyse.optim.biz\/wp-content\/uploads\/2026\/01\/www-ziaruldevaslui-2-14.jpg\" class=\"wp-image-45611\" title=\"www-ziaruldevaslui-2-14\"><\/figure>\n<\/li>\n<li class=\"blocks-gallery-item\">\n<figure><img decoding=\"async\" loading=\"lazy\" width=\"768\" height=\"1024\" src=\"https:\/\/analyse.optim.biz\/wp-content\/uploads\/2026\/01\/www-ziaruldevaslui-3-12.jpg\" class=\"wp-image-45612\" title=\"www-ziaruldevaslui-3-12\"><\/figure>\n<\/li>\n<\/ul>\n<\/figure>\n<aside class=\"mashsb-container mashsb-main \">\n<div class=\"mashsb-box\">\n<div class=\"mashsb-count mash-medium\">\n<div class=\"counts mashsbcount\">0<\/div>\n<p><span class=\"mashsb-sharetext\">SHARES<\/span><\/div>\n<div class=\"mashsb-buttons\"><a class=\"mashicon-facebook mash-medium mashsb-noshadow\" href=\"https:\/\/www.facebook.com\/sharer.php?u=http%3A%2F%2Fwww.ziaruldevaslui.ro%2Ffoto-tanar-de-21-de-ani-in-stare-grava-dupa-un-accident-la-muntenii-de-jos%2F\" target=\"_top\" rel=\"nofollow\"><span class=\"text\">Share\u00a0pe\u00a0facebook<\/span><\/a><a class=\"mashicon-twitter mash-medium mashsb-noshadow\" href=\"https:\/\/twitter.com\/intent\/tweet?text=FOTO%20T%C3%A2n%C4%83r%20de%2021%20de%20ani%2C%20%C3%AEn%20stare%20grav%C4%83%20dup%C4%83%20un%20accident%20la%20Muntenii%20de%20Jos&amp;url=http:\/\/www.ziaruldevaslui.ro\/?p=45607\" target=\"_top\" rel=\"nofollow\"><span class=\"text\">Share\u00a0pe\u00a0twitter<\/span><\/a><\/div>\n<\/div>\n<\/aside>\n<\/div>\n<div class=\"entry-content\">\n<p>Ini\u021bial am crezut c\u0103 Ionel Sandu s-a apucat de Stand Up Comedy. Cu afacerile nu st\u0103 extraordinar, cu politica nici<\/p>\n<\/div>\n<p> Source URL: http:\/\/www.ziaruldevaslui.ro\/foto-tanar-de-21-de-ani-in-stare-grava-dupa-un-accident-la-muntenii-de-jos\/<\/p>\n","protected":false},"excerpt":{"rendered":"<p>Asear\u0103, Deta\u0219amentul de pompieri Vaslui a intervenit cu o autospecial\u0103 pentru descarcerare, o ambulan\u021b\u0103 SMURD tip C1 (terapie intensiv\u0103 mobil\u0103), o autospecial\u0103 de stingere cu ap\u0103 \u0219i echipaje specializate, pentru descarcerarea extragerea \u0219i acordarea \u00eengrijirilor medicale victimei unui accident rutier produs \u00een localitatea Muntenii de Jos, comuna Muntenii de Jos. \u00cen accident au fost implicate [&hellip;]<\/p>\n","protected":false},"author":1,"featured_media":0,"comment_status":"open","ping_status":"","sticky":false,"template":"","format":"standard","meta":{"footnotes":""},"categories":[89],"tags":[218],"class_list":["post-1438452","post","type-post","status-publish","format-standard","hentry","category-romania","tag-ziaruldevaslui-ro"],"_links":{"self":[{"href":"https:\/\/analyse.optim.biz\/index.php?rest_route=\/wp\/v2\/posts\/1438452","targetHints":{"allow":["GET"]}}],"collection":[{"href":"https:\/\/analyse.optim.biz\/index.php?rest_route=\/wp\/v2\/posts"}],"about":[{"href":"https:\/\/analyse.optim.biz\/index.php?rest_route=\/wp\/v2\/types\/post"}],"author":[{"embeddable":true,"href":"https:\/\/analyse.optim.biz\/index.php?rest_route=\/wp\/v2\/users\/1"}],"replies":[{"embeddable":true,"href":"https:\/\/analyse.optim.biz\/index.php?rest_route=%2Fwp%2Fv2%2Fcomments&post=1438452"}],"version-history":[{"count":0,"href":"https:\/\/analyse.optim.biz\/index.php?rest_route=\/wp\/v2\/posts\/1438452\/revisions"}],"wp:attachment":[{"href":"https:\/\/analyse.optim.biz\/index.php?rest_route=%2Fwp%2Fv2%2Fmedia&parent=1438452"}],"wp:term":[{"taxonomy":"category","embeddable":true,"href":"https:\/\/analyse.optim.biz\/index.php?rest_route=%2Fwp%2Fv2%2Fcategories&post=1438452"},{"taxonomy":"post_tag","embeddable":true,"href":"https:\/\/analyse.optim.biz\/index.php?rest_route=%2Fwp%2Fv2%2Ftags&post=1438452"}],"curies":[{"name":"wp","href":"https:\/\/api.w.org\/{rel}","templated":true}]}}