{"id":1438387,"date":"2024-04-09T18:15:00","date_gmt":"2024-04-09T15:15:00","guid":{"rendered":"https:\/\/analyse.optim.biz\/?p=1438387"},"modified":"2024-04-09T18:15:00","modified_gmt":"2024-04-09T15:15:00","slug":"ziua-internationala-a-romilor-marcata-la-vaslui-printr-un-spectacol-artistic","status":"publish","type":"post","link":"https:\/\/analyse.optim.biz\/?p=1438387","title":{"rendered":"Ziua Interna\u021bional\u0103 a Romilor marcat\u0103 la Vaslui printr-un spectacol artistic"},"content":{"rendered":"<div class=\"entry-content clearfix\">\n<p><strong>De Ziua Interna\u021bional\u0103 a Romilor, Partida Romilor \u2013 Pro Europa, filiala jude\u021bean\u0103 Vaslui a organizat un spectacol artistic, iar pe scen\u0103 au urcat Asocia\u021bia Cultural\u0103 Domisong, coordonat\u0103 de Carmen Trufia, trupa de dans \u201eGypsy Style\u201d, coordonat\u0103 de Marcel Bosnea, Forma\u021bia Policrom \u0219i invitatul special al evenimentului, Ionel Tudorache, al\u0103turi de taraful s\u0103u.<\/strong><\/p>\n<p>Arti\u0219tii au adus \u00een centrul aten\u021biei, prin muzic\u0103, povestea unui neam, care prin diversitate, talent, me\u0219te\u0219uguri \u0219i obiceiuri, \u0219i-a cl\u0103dit propria personalitate. <em>\u201eSe \u00eemplinesc 18 ani de c\u00e2nd \u00een Rom\u00e2nia, pe 8 aprilie se serbeaz\u0103 Ziua romilor, se serbeaz\u0103 cultura romilor \u0219i \u00een \u021bara noastr\u0103. Este \u0219i o zi \u00een care se atrage aten\u021bia asupra problemelor cu care se confrunt\u0103 comunitatea romilor. Consiliul Jude\u021bean Vaslui, \u00eempreun\u0103 cu \u00eentreaga comunitate a romilor, \u00eencerc\u0103m s\u0103 le atenu\u0103m \u0219i s\u0103 lucr\u0103m \u00eempreun\u0103, pentru ca fiecare cet\u0103\u021bean din jude\u021bul nostru s\u0103-i fie mai bine. V\u0103 doresc &lt;&lt;La Mul\u021bi Ani!&gt;&gt;, mult\u0103 s\u0103n\u0103tate \u0219i putere de munc\u0103. Sper ca \u00eempreun\u0103 s\u0103 realiz\u0103m lucruri frumoase\u201d<\/em>, a spus Ciprian-Ionu\u021b Trifan, vicepre\u0219edintele Consiliului Jude\u021bean Vaslui<\/p>\n<p>.La r\u00e2ndul s\u0103u, deputatul minorit\u0103\u021bii rome, Daniel Vasile, a amintit de istoria zbuciumat\u0103 a romilor, care nu s-a bucurat \u00eentotdeauna de cele mai bune auspicii de-a lungul istoriei. Pe 8 aprilie 1971 la Londra se constituia Uniunea Interna\u021bional\u0103 a Romilor, care a stabilit trei elemente esen\u021biale pentru existen\u021ba noastr\u0103: imnul nostru interna\u021bional, s-a adoptat steagul interna\u021bional al romilor \u0219i a decis ca aceast\u0103 dat\u0103, 8 aprilie, s\u0103 fie o zi de s\u0103rb\u0103toare\u201d, a spus Daniel Vasile, coordonatorul regional al Partidei Romilor \u2013 Pro Europa.Evenimentul a fost organizat de Consiliul Jude\u021bean Vaslui, Centrul Cultural Jude\u021bean Vaslui, Prim\u0103ria municipiului Vaslui \u0219i Partida Romilor-Pro Europa, filiala Vaslui.<\/p>\n<aside class=\"mashsb-container mashsb-main \">\n<div class=\"mashsb-box\">\n<div class=\"mashsb-count mash-medium\">\n<div class=\"counts mashsbcount\">0<\/div>\n<p><span class=\"mashsb-sharetext\">SHARES<\/span><\/div>\n<div class=\"mashsb-buttons\"><a class=\"mashicon-facebook mash-medium mashsb-noshadow\" href=\"https:\/\/www.facebook.com\/sharer.php?u=http%3A%2F%2Fwww.ziaruldevaslui.ro%2Fziua-internationala-a-romilor-marcata-la-vaslui-printr-un-spectacol-artistic%2F\" target=\"_top\" rel=\"nofollow\"><span class=\"text\">Share\u00a0pe\u00a0facebook<\/span><\/a><a class=\"mashicon-twitter mash-medium mashsb-noshadow\" href=\"https:\/\/twitter.com\/intent\/tweet?text=Ziua%20Interna%C8%9Bional%C4%83%20a%20Romilor%20marcat%C4%83%20la%20Vaslui%20printr-un%20spectacol%20artistic&amp;url=http:\/\/www.ziaruldevaslui.ro\/?p=45626\" target=\"_top\" rel=\"nofollow\"><span class=\"text\">Share\u00a0pe\u00a0twitter<\/span><\/a><\/div>\n<\/div>\n<\/aside>\n<\/div>\n<div class=\"entry-content\">\n<p>Ini\u021bial am crezut c\u0103 Ionel Sandu s-a apucat de Stand Up Comedy. Cu afacerile nu st\u0103 extraordinar, cu politica nici<\/p>\n<\/div>\n<p> Source URL: http:\/\/www.ziaruldevaslui.ro\/ziua-internationala-a-romilor-marcata-la-vaslui-printr-un-spectacol-artistic\/<\/p>\n","protected":false},"excerpt":{"rendered":"<p>De Ziua Interna\u021bional\u0103 a Romilor, Partida Romilor \u2013 Pro Europa, filiala jude\u021bean\u0103 Vaslui a organizat un spectacol artistic, iar pe scen\u0103 au urcat Asocia\u021bia Cultural\u0103 Domisong, coordonat\u0103 de Carmen Trufia, trupa de dans \u201eGypsy Style\u201d, coordonat\u0103 de Marcel Bosnea, Forma\u021bia Policrom \u0219i invitatul special al evenimentului, Ionel Tudorache, al\u0103turi de taraful s\u0103u. Arti\u0219tii au adus [&hellip;]<\/p>\n","protected":false},"author":1,"featured_media":0,"comment_status":"open","ping_status":"","sticky":false,"template":"","format":"standard","meta":{"footnotes":""},"categories":[89],"tags":[218],"class_list":["post-1438387","post","type-post","status-publish","format-standard","hentry","category-romania","tag-ziaruldevaslui-ro"],"_links":{"self":[{"href":"https:\/\/analyse.optim.biz\/index.php?rest_route=\/wp\/v2\/posts\/1438387","targetHints":{"allow":["GET"]}}],"collection":[{"href":"https:\/\/analyse.optim.biz\/index.php?rest_route=\/wp\/v2\/posts"}],"about":[{"href":"https:\/\/analyse.optim.biz\/index.php?rest_route=\/wp\/v2\/types\/post"}],"author":[{"embeddable":true,"href":"https:\/\/analyse.optim.biz\/index.php?rest_route=\/wp\/v2\/users\/1"}],"replies":[{"embeddable":true,"href":"https:\/\/analyse.optim.biz\/index.php?rest_route=%2Fwp%2Fv2%2Fcomments&post=1438387"}],"version-history":[{"count":0,"href":"https:\/\/analyse.optim.biz\/index.php?rest_route=\/wp\/v2\/posts\/1438387\/revisions"}],"wp:attachment":[{"href":"https:\/\/analyse.optim.biz\/index.php?rest_route=%2Fwp%2Fv2%2Fmedia&parent=1438387"}],"wp:term":[{"taxonomy":"category","embeddable":true,"href":"https:\/\/analyse.optim.biz\/index.php?rest_route=%2Fwp%2Fv2%2Fcategories&post=1438387"},{"taxonomy":"post_tag","embeddable":true,"href":"https:\/\/analyse.optim.biz\/index.php?rest_route=%2Fwp%2Fv2%2Ftags&post=1438387"}],"curies":[{"name":"wp","href":"https:\/\/api.w.org\/{rel}","templated":true}]}}