{"id":1438350,"date":"2024-04-13T17:27:55","date_gmt":"2024-04-13T14:27:55","guid":{"rendered":"https:\/\/analyse.optim.biz\/?p=1438350"},"modified":"2024-04-13T17:27:55","modified_gmt":"2024-04-13T14:27:55","slug":"o-femeie-din-barlad-s-a-aruncat-de-la-etaj","status":"publish","type":"post","link":"https:\/\/analyse.optim.biz\/?p=1438350","title":{"rendered":"O femeie din B\u00e2rlad s-a aruncat de la etaj"},"content":{"rendered":"<div class=\"entry-content clearfix\">\n<p>Din primele informa\u021bii, o femeie de 40 de ani s-a aruncat de la etajul 4, \u00een spate la Berlin Confec\u021bii, \u00een B\u00e2rlad. A fost trimis\u0103 de urgen\u021b\u0103 o ambulan\u021b\u0103 SAJ C2 cu medic.<\/p>\n<p>Victim\u0103 a fost g\u0103sit\u0103 con\u0219tient\u0103 dar nu a putut preciza exact cum s-a produs c\u0103derea. Prezenta mai multe traumatisme: un traumatism cranio-facial, un traumatism toracic \u0219i o fractur\u0103 deschis\u0103 membru superior st\u00e2ng. La primul apel, cei care au solicitat ambulan\u021ba au afirmat c\u0103 pacienta s-ar fi aruncat pe geam, dup\u0103 ce a stat o perioad\u0103 acolo \u0219i amenin\u021ba c\u0103 se va arunca \u00een gol. Cauza exact\u0103 a producerii incidentului este cercetat\u0103 de poli\u021bi\u0219ti! <\/p>\n<aside class=\"mashsb-container mashsb-main \">\n<div class=\"mashsb-box\">\n<div class=\"mashsb-count mash-medium\">\n<div class=\"counts mashsbcount\">0<\/div>\n<p><span class=\"mashsb-sharetext\">SHARES<\/span><\/div>\n<div class=\"mashsb-buttons\"><a class=\"mashicon-facebook mash-medium mashsb-noshadow\" href=\"https:\/\/www.facebook.com\/sharer.php?u=http%3A%2F%2Fwww.ziaruldevaslui.ro%2Fo-femeie-din-barlad-s-a-aruncat-de-la-etaj%2F\" target=\"_top\" rel=\"nofollow\"><span class=\"text\">Share\u00a0pe\u00a0facebook<\/span><\/a><a class=\"mashicon-twitter mash-medium mashsb-noshadow\" href=\"https:\/\/twitter.com\/intent\/tweet?text=O%20femeie%20din%20B%C3%A2rlad%20s-a%20aruncat%20de%20la%20etaj&amp;url=http:\/\/www.ziaruldevaslui.ro\/?p=45629\" target=\"_top\" rel=\"nofollow\"><span class=\"text\">Share\u00a0pe\u00a0twitter<\/span><\/a><\/div>\n<\/div>\n<\/aside>\n<\/div>\n<div class=\"entry-content\">\n<p>Ini\u021bial am crezut c\u0103 Ionel Sandu s-a apucat de Stand Up Comedy. Cu afacerile nu st\u0103 extraordinar, cu politica nici<\/p>\n<\/div>\n<p> Source URL: http:\/\/www.ziaruldevaslui.ro\/o-femeie-din-barlad-s-a-aruncat-de-la-etaj\/<\/p>\n","protected":false},"excerpt":{"rendered":"<p>Din primele informa\u021bii, o femeie de 40 de ani s-a aruncat de la etajul 4, \u00een spate la Berlin Confec\u021bii, \u00een B\u00e2rlad. A fost trimis\u0103 de urgen\u021b\u0103 o ambulan\u021b\u0103 SAJ C2 cu medic. Victim\u0103 a fost g\u0103sit\u0103 con\u0219tient\u0103 dar nu a putut preciza exact cum s-a produs c\u0103derea. Prezenta mai multe traumatisme: un traumatism cranio-facial, [&hellip;]<\/p>\n","protected":false},"author":1,"featured_media":0,"comment_status":"open","ping_status":"","sticky":false,"template":"","format":"standard","meta":{"footnotes":""},"categories":[89],"tags":[218],"class_list":["post-1438350","post","type-post","status-publish","format-standard","hentry","category-romania","tag-ziaruldevaslui-ro"],"_links":{"self":[{"href":"https:\/\/analyse.optim.biz\/index.php?rest_route=\/wp\/v2\/posts\/1438350","targetHints":{"allow":["GET"]}}],"collection":[{"href":"https:\/\/analyse.optim.biz\/index.php?rest_route=\/wp\/v2\/posts"}],"about":[{"href":"https:\/\/analyse.optim.biz\/index.php?rest_route=\/wp\/v2\/types\/post"}],"author":[{"embeddable":true,"href":"https:\/\/analyse.optim.biz\/index.php?rest_route=\/wp\/v2\/users\/1"}],"replies":[{"embeddable":true,"href":"https:\/\/analyse.optim.biz\/index.php?rest_route=%2Fwp%2Fv2%2Fcomments&post=1438350"}],"version-history":[{"count":0,"href":"https:\/\/analyse.optim.biz\/index.php?rest_route=\/wp\/v2\/posts\/1438350\/revisions"}],"wp:attachment":[{"href":"https:\/\/analyse.optim.biz\/index.php?rest_route=%2Fwp%2Fv2%2Fmedia&parent=1438350"}],"wp:term":[{"taxonomy":"category","embeddable":true,"href":"https:\/\/analyse.optim.biz\/index.php?rest_route=%2Fwp%2Fv2%2Fcategories&post=1438350"},{"taxonomy":"post_tag","embeddable":true,"href":"https:\/\/analyse.optim.biz\/index.php?rest_route=%2Fwp%2Fv2%2Ftags&post=1438350"}],"curies":[{"name":"wp","href":"https:\/\/api.w.org\/{rel}","templated":true}]}}