{"id":1438310,"date":"2024-04-15T18:50:22","date_gmt":"2024-04-15T15:50:22","guid":{"rendered":"https:\/\/analyse.optim.biz\/?p=1438310"},"modified":"2024-04-15T18:50:22","modified_gmt":"2024-04-15T15:50:22","slug":"gradinita-din-vaslui-sanctionata-cu-10-000-de-lei-dupa-ce-doi-copii-au-plecat-din-unitate-fara-sa-fie-observati-de-educatoare","status":"publish","type":"post","link":"https:\/\/analyse.optim.biz\/?p=1438310","title":{"rendered":"Gr\u0103dini\u021b\u0103 din Vaslui, sanc\u0163ionat\u0103 cu 10.000 de lei dup\u0103 ce doi copii au plecat din unitate f\u0103r\u0103 s\u0103 fie observa\u0163i de educatoare"},"content":{"rendered":"<div class=\"entry-content clearfix\">\n<p id=\"o-gradinita-din-municipiul-vaslui-a-fost-sanctionata-cu-10-000-de-lei-dupa-ce-doi-copii-in-varsta-de-trei-ani-au-parasit-unitatea-fara-sa-fie-observati-de-educatoare-si-au-fost-gasiti-ulterior-pe-stra\"><strong>O gr\u0103dini\u0163\u0103 din municipiul Vaslui a fost sanc\u0163ionat\u0103 cu 10.000 de lei dup\u0103 ce doi copii \u00een v\u00e2rst\u0103 de trei ani au p\u0103r\u0103sit unitatea f\u0103r\u0103 s\u0103 fie observa\u0163i de educatoare \u015fi au fost g\u0103si\u0163i ulterior pe strad\u0103 de o femeie, care a sunat la num\u0103rul de urgen\u0163\u0103 112. <\/strong><\/p>\n<p>Potrivit reprezenta\u0163ilor Inspectoratului de Poli\u0163ie Jude\u0163ean (IPJ) Vaslui, incidentul a avut loc pe data de 11 aprilie, iar minorii nu au fost victimele vreunor infrac\u0163iuni, fiind \u00eencredin\u0163a\u0163i cadrelor didactice de la gr\u0103dini\u0163\u0103.<\/p>\n<p>\u201cPoli\u0163ia Municipiului Vaslui a fost sesizat\u0103, prin apel la 112, de c\u0103tre o femeie de 67 de ani, din Vaslui, cu privire la faptul c\u0103, pe trotuarul aferent str\u0103zii Traian, din municipiul Vaslui, \u00een zona \u2018Crucea G\u0103rii\u2019, se afl\u0103 doi minori, ne\u00eenso\u0163i\u0163i. \u00cen temeiul sesiz\u0103rii, la fa\u0163a locului a fost dirijat un echipaj de Poli\u0163ie, din cadrul Biroului Ordine Public\u0103 Vaslui, care a identificat minorii, ambii de trei ani \u015fi a stabilit c\u0103 ace\u015ftia urmeaz\u0103 cursurile unei unit\u0103\u0163i de \u00eenv\u0103\u0163\u0103m\u00e2nt pre\u015fcolar din municipiul Vaslui \u015fi c\u0103 ar fi plecat din unitatea amplasat\u0103 pe strada C\u0103lug\u0103reni. Unitatea de \u00eenv\u0103\u0163\u0103m\u00e2nt a fost sanc\u0163ionat\u0103 contraven\u0163ional cu amend\u0103 \u00een cuantum de 10.000 lei pentru abateri prev\u0103zute de H.G. 301 din 2012, pentru aprobarea normelor metodologice de aplicare a Legii nr. 333\/2003 privind paza obiectivelor, bunurilor, valorilor si protec\u0163ia persoanelor\u201d, au transmis, s\u00e2mb\u0103t\u0103, reprezentan\u0163ii IPJ Vaslui.<\/p>\n<p>Inspectoratul \u015ecolar Jude\u0163ean Vaslui a demarat verific\u0103ri \u00een acest caz, urm\u00e2nd s\u0103 stabileasc\u0103 \u00eemprejur\u0103rile \u00een care s-a produs incidentul \u015fi sanc\u0163iunile pentru cei care vor fi g\u0103si\u0163i vinova\u0163i.\u00a0<\/p>\n<aside class=\"mashsb-container mashsb-main \">\n<div class=\"mashsb-box\">\n<div class=\"mashsb-count mash-medium\">\n<div class=\"counts mashsbcount\">0<\/div>\n<p><span class=\"mashsb-sharetext\">SHARES<\/span><\/div>\n<div class=\"mashsb-buttons\"><a class=\"mashicon-facebook mash-medium mashsb-noshadow\" href=\"https:\/\/www.facebook.com\/sharer.php?u=http%3A%2F%2Fwww.ziaruldevaslui.ro%2Fgradinita-din-vaslui-sanctionata-cu-10-000-de-lei-dupa-ce-doi-copii-au-plecat-din-unitate-fara-sa-fie-observati-de-educatoare%2F\" target=\"_top\" rel=\"nofollow\"><span class=\"text\">Share\u00a0pe\u00a0facebook<\/span><\/a><a class=\"mashicon-twitter mash-medium mashsb-noshadow\" href=\"https:\/\/twitter.com\/intent\/tweet?text=Gr%C4%83dini%C8%9B%C4%83%20din%20Vaslui%2C%20sanc%C5%A3ionat%C4%83%20cu%2010.000%20de%20lei%20dup%C4%83%20ce%20doi%20copii%20au%20plecat%20din%20unitate%20f%C4%83r%C4%83%20s%C4%83%20fie%20observa%C5%A3i%20de%20educatoare&amp;url=http:\/\/www.ziaruldevaslui.ro\/?p=45644\" target=\"_top\" rel=\"nofollow\"><span class=\"text\">Share\u00a0pe\u00a0twitter<\/span><\/a><\/div>\n<\/div>\n<\/aside>\n<\/div>\n<div class=\"entry-content\">\n<p>Ini\u021bial am crezut c\u0103 Ionel Sandu s-a apucat de Stand Up Comedy. Cu afacerile nu st\u0103 extraordinar, cu politica nici<\/p>\n<\/div>\n<p> Source URL: http:\/\/www.ziaruldevaslui.ro\/gradinita-din-vaslui-sanctionata-cu-10-000-de-lei-dupa-ce-doi-copii-au-plecat-din-unitate-fara-sa-fie-observati-de-educatoare\/<\/p>\n","protected":false},"excerpt":{"rendered":"<p>O gr\u0103dini\u0163\u0103 din municipiul Vaslui a fost sanc\u0163ionat\u0103 cu 10.000 de lei dup\u0103 ce doi copii \u00een v\u00e2rst\u0103 de trei ani au p\u0103r\u0103sit unitatea f\u0103r\u0103 s\u0103 fie observa\u0163i de educatoare \u015fi au fost g\u0103si\u0163i ulterior pe strad\u0103 de o femeie, care a sunat la num\u0103rul de urgen\u0163\u0103 112. Potrivit reprezenta\u0163ilor Inspectoratului de Poli\u0163ie Jude\u0163ean (IPJ) [&hellip;]<\/p>\n","protected":false},"author":1,"featured_media":0,"comment_status":"open","ping_status":"","sticky":false,"template":"","format":"standard","meta":{"footnotes":""},"categories":[89],"tags":[218],"class_list":["post-1438310","post","type-post","status-publish","format-standard","hentry","category-romania","tag-ziaruldevaslui-ro"],"_links":{"self":[{"href":"https:\/\/analyse.optim.biz\/index.php?rest_route=\/wp\/v2\/posts\/1438310","targetHints":{"allow":["GET"]}}],"collection":[{"href":"https:\/\/analyse.optim.biz\/index.php?rest_route=\/wp\/v2\/posts"}],"about":[{"href":"https:\/\/analyse.optim.biz\/index.php?rest_route=\/wp\/v2\/types\/post"}],"author":[{"embeddable":true,"href":"https:\/\/analyse.optim.biz\/index.php?rest_route=\/wp\/v2\/users\/1"}],"replies":[{"embeddable":true,"href":"https:\/\/analyse.optim.biz\/index.php?rest_route=%2Fwp%2Fv2%2Fcomments&post=1438310"}],"version-history":[{"count":0,"href":"https:\/\/analyse.optim.biz\/index.php?rest_route=\/wp\/v2\/posts\/1438310\/revisions"}],"wp:attachment":[{"href":"https:\/\/analyse.optim.biz\/index.php?rest_route=%2Fwp%2Fv2%2Fmedia&parent=1438310"}],"wp:term":[{"taxonomy":"category","embeddable":true,"href":"https:\/\/analyse.optim.biz\/index.php?rest_route=%2Fwp%2Fv2%2Fcategories&post=1438310"},{"taxonomy":"post_tag","embeddable":true,"href":"https:\/\/analyse.optim.biz\/index.php?rest_route=%2Fwp%2Fv2%2Ftags&post=1438310"}],"curies":[{"name":"wp","href":"https:\/\/api.w.org\/{rel}","templated":true}]}}