{"id":1438265,"date":"2024-04-21T18:24:49","date_gmt":"2024-04-21T15:24:49","guid":{"rendered":"https:\/\/analyse.optim.biz\/?p=1438265"},"modified":"2024-04-21T18:24:49","modified_gmt":"2024-04-21T15:24:49","slug":"bataie-in-toata-regula-la-un-liceul-din-negresti-un-tanar-de-17-ani-a-fost-retinut","status":"publish","type":"post","link":"https:\/\/analyse.optim.biz\/?p=1438265","title":{"rendered":"B\u0103taie \u00een toat\u0103 regula la un liceul din Negre\u0219ti! Un t\u00e2n\u0103r de 17 ani a fost re\u021binut"},"content":{"rendered":"<div class=\"entry-content clearfix\">\n<p><strong>Poli\u0163i\u015ftii din cadrul Poli\u021biei Ora\u0219ului Negre\u0219ti au re\u021binut un t\u00e2n\u0103r, \u00een v\u00e2rst\u0103 de 17 ani, din comuna Rafaila, jude\u021bul Vaslui, b\u0103nuit de s\u0103v\u00e2r\u0219irea infrac\u021biunilor de lovire sau alte violen\u021be \u0219i tulburarea ordinii \u0219i lini\u0219tii publice.<\/strong><\/p>\n<p>Poli\u021bi\u0219tii din cadrul Poli\u021biei Ora\u0219ului Negre\u0219ti<strong><em>\u00a0<\/em><\/strong>au probat activitatea infrac\u021bional\u0103 a\u00a0unui t\u00e2n\u0103r, \u00een v\u00e2rst\u0103 de 17 de ani, b\u0103nuit c\u0103 ar fi agresat, \u00een mod repetat, un coleg de liceu \u0219i ar fi tulburat ordinea \u0219i lini\u0219tea public\u0103 la o unitate de \u00eenv\u0103\u021b\u0103m\u00e2nt din ora\u0219ul Negre\u0219ti.<\/p>\n<p>\u00cen urma cercet\u0103rilor efectuate, poli\u021bi\u0219tii au stabilit c\u0103, la data de 7 aprilie 2024, la ora 15.00, \u00een localitatea Rafaila, pe fondul unui conflict spontan, t\u00e2n\u0103rul cercetat ar fi agresat persoana v\u0103t\u0103mat\u0103, un t\u00e2n\u0103r de 17 ani, din Negre\u0219ti, lovind-o cu pumnii \u0219i picioarele.\u00a0<\/p>\n<p>Ulterior, la data de 9 aprilie 2024, aflat \u00een curtea unit\u0103\u021bii de \u00eenv\u0103\u021b\u0103m\u00e2nt pe care o frecventeaz\u0103, \u00een timpul unei pauze, t\u00e2n\u0103rul cercetat ar fi tulburat ordinea \u0219i lini\u0219tea public\u0103, provoc\u00eend scandal, \u0219i ar fi lovit, din nou, persoana v\u0103t\u0103mat\u0103.<\/p>\n<p>\u00a0La data de 18 aprilie 2024,\u00a0ca urmare a administr\u0103rii probatoriului, poli\u021bi\u0219tii\u00a0din\u00a0Negre\u0219ti au luat fa\u021b\u0103 de t\u00e2n\u0103rul cercetat m\u0103sura re\u021binerii, pe o perioad\u0103 de 24 de ore. Acesta a fost prezentat Parchetului de pe l\u00e2ng\u0103 Judec\u0103toria Vaslui, pentru dispunerea unei m\u0103suri preventive, fa\u021b\u0103 de acesta fiind luat\u0103 m\u0103sura controlului judiciar, pe o perioad\u0103 de 60 de zile.<\/p>\n<p>Al\u021bi doi minori, \u00een v\u00e2rst\u0103 de 15, respectiv 16 ani, sunt cerceta\u021bi, \u00een stare de libertate, pentru participarea la infrac\u021biunile cercetate.<\/p>\n<p>Cercet\u0103rile sunt continuate de c\u0103tre poli\u021bi\u0219ti din Negre\u0219ti, sub supravegherea Parchetului de pe l\u00e2ng\u0103 Judec\u0103toria Vaslui, \u00een vederea stabilirii \u0219i prob\u0103rii \u00eentregii activit\u0103\u021bii infrac\u021bionale a tuturor persoanelor implicate \u00een s\u0103v\u00e2r\u0219irea faptelor cercetate.<\/p>\n<aside class=\"mashsb-container mashsb-main \">\n<div class=\"mashsb-box\">\n<div class=\"mashsb-count mash-medium\">\n<div class=\"counts mashsbcount\">0<\/div>\n<p><span class=\"mashsb-sharetext\">SHARES<\/span><\/div>\n<div class=\"mashsb-buttons\"><a class=\"mashicon-facebook mash-medium mashsb-noshadow\" href=\"https:\/\/www.facebook.com\/sharer.php?u=http%3A%2F%2Fwww.ziaruldevaslui.ro%2Fbataie-in-toata-regula-la-un-liceul-din-negresti-un-tanar-de-17-ani-a-fost-retinut%2F\" target=\"_top\" rel=\"nofollow\"><span class=\"text\">Share\u00a0pe\u00a0facebook<\/span><\/a><a class=\"mashicon-twitter mash-medium mashsb-noshadow\" href=\"https:\/\/twitter.com\/intent\/tweet?text=B%C4%83taie%20%C3%AEn%20toat%C4%83%20regula%20la%20un%20liceul%20din%20Negre%C8%99ti%21%20Un%20t%C3%A2n%C4%83r%20de%2017%20ani%20a%20fost%20re%C8%9Binut&amp;url=http:\/\/www.ziaruldevaslui.ro\/?p=45657\" target=\"_top\" rel=\"nofollow\"><span class=\"text\">Share\u00a0pe\u00a0twitter<\/span><\/a><\/div>\n<\/div>\n<\/aside>\n<\/div>\n<div class=\"entry-content\">\n<p>Ini\u021bial am crezut c\u0103 Ionel Sandu s-a apucat de Stand Up Comedy. Cu afacerile nu st\u0103 extraordinar, cu politica nici<\/p>\n<\/div>\n<p> Source URL: http:\/\/www.ziaruldevaslui.ro\/bataie-in-toata-regula-la-un-liceul-din-negresti-un-tanar-de-17-ani-a-fost-retinut\/<\/p>\n","protected":false},"excerpt":{"rendered":"<p>Poli\u0163i\u015ftii din cadrul Poli\u021biei Ora\u0219ului Negre\u0219ti au re\u021binut un t\u00e2n\u0103r, \u00een v\u00e2rst\u0103 de 17 ani, din comuna Rafaila, jude\u021bul Vaslui, b\u0103nuit de s\u0103v\u00e2r\u0219irea infrac\u021biunilor de lovire sau alte violen\u021be \u0219i tulburarea ordinii \u0219i lini\u0219tii publice. Poli\u021bi\u0219tii din cadrul Poli\u021biei Ora\u0219ului Negre\u0219ti\u00a0au probat activitatea infrac\u021bional\u0103 a\u00a0unui t\u00e2n\u0103r, \u00een v\u00e2rst\u0103 de 17 de ani, b\u0103nuit c\u0103 ar [&hellip;]<\/p>\n","protected":false},"author":1,"featured_media":0,"comment_status":"open","ping_status":"","sticky":false,"template":"","format":"standard","meta":{"footnotes":""},"categories":[89],"tags":[218],"class_list":["post-1438265","post","type-post","status-publish","format-standard","hentry","category-romania","tag-ziaruldevaslui-ro"],"_links":{"self":[{"href":"https:\/\/analyse.optim.biz\/index.php?rest_route=\/wp\/v2\/posts\/1438265","targetHints":{"allow":["GET"]}}],"collection":[{"href":"https:\/\/analyse.optim.biz\/index.php?rest_route=\/wp\/v2\/posts"}],"about":[{"href":"https:\/\/analyse.optim.biz\/index.php?rest_route=\/wp\/v2\/types\/post"}],"author":[{"embeddable":true,"href":"https:\/\/analyse.optim.biz\/index.php?rest_route=\/wp\/v2\/users\/1"}],"replies":[{"embeddable":true,"href":"https:\/\/analyse.optim.biz\/index.php?rest_route=%2Fwp%2Fv2%2Fcomments&post=1438265"}],"version-history":[{"count":0,"href":"https:\/\/analyse.optim.biz\/index.php?rest_route=\/wp\/v2\/posts\/1438265\/revisions"}],"wp:attachment":[{"href":"https:\/\/analyse.optim.biz\/index.php?rest_route=%2Fwp%2Fv2%2Fmedia&parent=1438265"}],"wp:term":[{"taxonomy":"category","embeddable":true,"href":"https:\/\/analyse.optim.biz\/index.php?rest_route=%2Fwp%2Fv2%2Fcategories&post=1438265"},{"taxonomy":"post_tag","embeddable":true,"href":"https:\/\/analyse.optim.biz\/index.php?rest_route=%2Fwp%2Fv2%2Ftags&post=1438265"}],"curies":[{"name":"wp","href":"https:\/\/api.w.org\/{rel}","templated":true}]}}