{"id":1438220,"date":"2024-04-22T06:42:51","date_gmt":"2024-04-22T03:42:51","guid":{"rendered":"https:\/\/analyse.optim.biz\/?p=1438220"},"modified":"2024-04-22T06:42:51","modified_gmt":"2024-04-22T03:42:51","slug":"echipajul-vasluian-coordonat-de-prof-constantin-olaru-pe-podium-la-campionatului-national-de-automodele","status":"publish","type":"post","link":"https:\/\/analyse.optim.biz\/?p=1438220","title":{"rendered":"Echipajul vasluian coordonat de prof. Constantin Olaru, pe podium la Campionatului Na\u021bional de Automodele"},"content":{"rendered":"<div class=\"entry-content clearfix\">\n<p>\u00cen perioada 18-21 aprilie , sub egida Federa\u021biei Rom\u00e2ne de Modelism, Vasluiul a g\u0103zduit etapa a II-a a Campionatului Na\u021bional de Automodele, competi\u021bie organizat\u0103 de Palatul Copiilor Vaslui, cu sus\u021binerea Prim\u0103riei \u0219i Consiliului Local Vaslui, a Consiliului Jude\u021bean Vaslui \u0219i a Inspectoratului Jude\u021bean \u0218colar Vaslui. Cele mai bune cinci echipaje din \u021bar\u0103 au concurat la trei clase de concurs, (1\/12 EB, 1\/12 Track \u0219i 1\/10 track GT), at\u00e2t pe echipe, c\u00e2t \u0219i la individual.<\/p>\n<p>Echipa vasluian\u0103, coordonat\u0103 de prof. Constantin Olaru a ob\u021binut premii importante \u0219i de aceast\u0103 dat\u0103, confirm\u00e2nd debutul victorios din prima etap\u0103.<\/p>\n<p>Astfel, la cele trei clase de concurs, juniori\/seniori, individual sau pe echipe s-au ob\u021binut urm\u0103toarele premii:<\/p>\n<p><strong>Clasa 1\/12 EB:<\/strong><\/p>\n<p>juniori la individual: Locul I \u2013 Radu Tudor, Locul II \u2013 Leic\u0103 Matei<\/p>\n<p>juniori pe echipe: Locul I \u2013 Radu Tudor \/Leic\u0103 Matei , Locul III \u2013 Obreja Luca\/Giurgea A.<\/p>\n<p>seniori la individual: Locul I \u2013 Florea Cristian, Locul III \u2013 Olaru Ciprian<\/p>\n<p>seniori pe echipe: Locul I \u2013 Florea Cristian\/Olaru Ciprian<\/p>\n<p><strong>Clasa 1\/12 TRACK:<\/strong><\/p>\n<p>juniori la individual: Locul I \u2013 Radu Tudor, Locul III \u2013 Leic\u0103 Matei<\/p>\n<p>juniori pe echipe: Locul I \u2013 Radu Tudor\/Leic\u0103 Matei, Locul III \u2013 Obreja Luca\/Giurgea A.<\/p>\n<p><strong>Clasa 1\/10 GT PRO:<\/strong><\/p>\n<p>juniori la individual: Locul II \u2013 Radu Tudor, Locul III \u2013 Leic\u0103 Matei<\/p>\n<p>juniori pe echipe: Locul II \u2013 Radu Tudor\/Leic\u0103 Matei, Locul III \u2013 Obreja Luca\/Giurgea A.<\/p>\n<p>seniori pe echipe: Locul III \u2013 Florea Cristian\/Ghe\u021b\u0103u Ciprian<\/p>\n<figure class=\"wp-block-gallery columns-3 is-cropped\">\n<ul class=\"blocks-gallery-grid\">\n<li class=\"blocks-gallery-item\">\n<figure><img decoding=\"async\" loading=\"lazy\" width=\"724\" height=\"1024\" src=\"https:\/\/analyse.optim.biz\/wp-content\/uploads\/2026\/01\/www-ziaruldevaslui-219.jpg\" class=\"wp-image-45671\" title=\"www-ziaruldevaslui-219\"><\/figure>\n<\/li>\n<li class=\"blocks-gallery-item\">\n<figure><img decoding=\"async\" loading=\"lazy\" width=\"1024\" height=\"768\" src=\"https:\/\/analyse.optim.biz\/wp-content\/uploads\/2026\/01\/www-ziaruldevaslui-1-13.jpg\" class=\"wp-image-45668\" title=\"www-ziaruldevaslui-1-13\"><\/figure>\n<\/li>\n<li class=\"blocks-gallery-item\">\n<figure><img decoding=\"async\" loading=\"lazy\" width=\"1024\" height=\"768\" src=\"https:\/\/analyse.optim.biz\/wp-content\/uploads\/2026\/01\/www-ziaruldevaslui-2-12.jpg\" class=\"wp-image-45669\" title=\"www-ziaruldevaslui-2-12\"><\/figure>\n<\/li>\n<li class=\"blocks-gallery-item\">\n<figure><img decoding=\"async\" loading=\"lazy\" width=\"1024\" height=\"576\" src=\"https:\/\/analyse.optim.biz\/wp-content\/uploads\/2026\/01\/www-ziaruldevaslui-3-10.jpg\" class=\"wp-image-45672\" title=\"www-ziaruldevaslui-3-10\"><\/figure>\n<\/li>\n<li class=\"blocks-gallery-item\">\n<figure><img decoding=\"async\" loading=\"lazy\" width=\"1024\" height=\"768\" src=\"https:\/\/analyse.optim.biz\/wp-content\/uploads\/2026\/01\/www-ziaruldevaslui-4-9.jpg\" class=\"wp-image-45673\" title=\"www-ziaruldevaslui-4-9\"><\/figure>\n<\/li>\n<li class=\"blocks-gallery-item\">\n<figure><img decoding=\"async\" loading=\"lazy\" width=\"1024\" height=\"768\" src=\"https:\/\/analyse.optim.biz\/wp-content\/uploads\/2026\/01\/www-ziaruldevaslui-5-8.jpg\" class=\"wp-image-45674\" title=\"www-ziaruldevaslui-5-8\"><\/figure>\n<\/li>\n<\/ul>\n<\/figure>\n<aside class=\"mashsb-container mashsb-main \">\n<div class=\"mashsb-box\">\n<div class=\"mashsb-count mash-medium\">\n<div class=\"counts mashsbcount\">0<\/div>\n<p><span class=\"mashsb-sharetext\">SHARES<\/span><\/div>\n<div class=\"mashsb-buttons\"><a class=\"mashicon-facebook mash-medium mashsb-noshadow\" href=\"https:\/\/www.facebook.com\/sharer.php?u=http%3A%2F%2Fwww.ziaruldevaslui.ro%2Fechipajul-vasluian-coordonat-de-prof-constantin-olaru-pe-podium-la-campionatului-national-de-automodele%2F\" target=\"_top\" rel=\"nofollow\"><span class=\"text\">Share\u00a0pe\u00a0facebook<\/span><\/a><a class=\"mashicon-twitter mash-medium mashsb-noshadow\" href=\"https:\/\/twitter.com\/intent\/tweet?text=Echipajul%20vasluian%20coordonat%20de%20prof.%20Constantin%20Olaru%2C%20pe%20podium%20la%20Campionatului%20Na%C8%9Bional%20de%20Automodele&amp;url=http:\/\/www.ziaruldevaslui.ro\/?p=45667\" target=\"_top\" rel=\"nofollow\"><span class=\"text\">Share\u00a0pe\u00a0twitter<\/span><\/a><\/div>\n<\/div>\n<\/aside>\n<\/div>\n<div class=\"entry-content\">\n<p>Ini\u021bial am crezut c\u0103 Ionel Sandu s-a apucat de Stand Up Comedy. Cu afacerile nu st\u0103 extraordinar, cu politica nici<\/p>\n<\/div>\n<p> Source URL: http:\/\/www.ziaruldevaslui.ro\/echipajul-vasluian-coordonat-de-prof-constantin-olaru-pe-podium-la-campionatului-national-de-automodele\/<\/p>\n","protected":false},"excerpt":{"rendered":"<p>\u00cen perioada 18-21 aprilie , sub egida Federa\u021biei Rom\u00e2ne de Modelism, Vasluiul a g\u0103zduit etapa a II-a a Campionatului Na\u021bional de Automodele, competi\u021bie organizat\u0103 de Palatul Copiilor Vaslui, cu sus\u021binerea Prim\u0103riei \u0219i Consiliului Local Vaslui, a Consiliului Jude\u021bean Vaslui \u0219i a Inspectoratului Jude\u021bean \u0218colar Vaslui. Cele mai bune cinci echipaje din \u021bar\u0103 au concurat la [&hellip;]<\/p>\n","protected":false},"author":1,"featured_media":0,"comment_status":"open","ping_status":"","sticky":false,"template":"","format":"standard","meta":{"footnotes":""},"categories":[89],"tags":[218],"class_list":["post-1438220","post","type-post","status-publish","format-standard","hentry","category-romania","tag-ziaruldevaslui-ro"],"_links":{"self":[{"href":"https:\/\/analyse.optim.biz\/index.php?rest_route=\/wp\/v2\/posts\/1438220","targetHints":{"allow":["GET"]}}],"collection":[{"href":"https:\/\/analyse.optim.biz\/index.php?rest_route=\/wp\/v2\/posts"}],"about":[{"href":"https:\/\/analyse.optim.biz\/index.php?rest_route=\/wp\/v2\/types\/post"}],"author":[{"embeddable":true,"href":"https:\/\/analyse.optim.biz\/index.php?rest_route=\/wp\/v2\/users\/1"}],"replies":[{"embeddable":true,"href":"https:\/\/analyse.optim.biz\/index.php?rest_route=%2Fwp%2Fv2%2Fcomments&post=1438220"}],"version-history":[{"count":0,"href":"https:\/\/analyse.optim.biz\/index.php?rest_route=\/wp\/v2\/posts\/1438220\/revisions"}],"wp:attachment":[{"href":"https:\/\/analyse.optim.biz\/index.php?rest_route=%2Fwp%2Fv2%2Fmedia&parent=1438220"}],"wp:term":[{"taxonomy":"category","embeddable":true,"href":"https:\/\/analyse.optim.biz\/index.php?rest_route=%2Fwp%2Fv2%2Fcategories&post=1438220"},{"taxonomy":"post_tag","embeddable":true,"href":"https:\/\/analyse.optim.biz\/index.php?rest_route=%2Fwp%2Fv2%2Ftags&post=1438220"}],"curies":[{"name":"wp","href":"https:\/\/api.w.org\/{rel}","templated":true}]}}