{"id":1438172,"date":"2024-04-25T17:39:29","date_gmt":"2024-04-25T14:39:29","guid":{"rendered":"https:\/\/analyse.optim.biz\/?p=1438172"},"modified":"2024-04-25T17:39:29","modified_gmt":"2024-04-25T14:39:29","slug":"oprit-pentru-ca-nu-avea-luminile-aprinse-descoperit-fara-permis-cu-itp-ul-expirat-si-fara-certificat","status":"publish","type":"post","link":"https:\/\/analyse.optim.biz\/?p=1438172","title":{"rendered":"Oprit pentru c\u0103 nu avea luminile aprinse, descoperit f\u0103r\u0103 permis, cu ITP-ul expirat \u0219i f\u0103r\u0103 certificat"},"content":{"rendered":"<div class=\"entry-content clearfix\">\n<p>La data de 23 aprilie 2024, ora 16.45, poli\u021bi\u0219tii Biroului de Ordine Public\u0103, din cadrul Poli\u021biei Municipiului B\u00e2rlad, afla\u021bi \u00een serviciu de patrulare pe strada Alexandru Vlahu\u021b\u0103 din B\u00e2rlad, au depistat \u0219i oprit pentru control un autoturism, \u00eenmatriculat \u00een jude\u021bul Vaslui, condus de c\u0103tre un t\u00e2n\u0103r, \u00een v\u00e2rst\u0103 de 24 de ani, din comuna Bogd\u0103ne\u0219ti, jude\u021bul Vaslui, care nu avea \u00een func\u021biune luminile de \u00eent\u00e2lnire.<\/p>\n<p>Proced\u00e2nd la efectuarea de verific\u0103ri, poli\u021bi\u0219tii au stabilit c\u0103 t\u00e2n\u0103rul nu de\u021bine permis de conducere pentru nicio categorie de vehicule, asigurarea de r\u0103spundere civil\u0103 a autoturismului este expirat\u0103 din data de 31 mai 2023, iar certificatul de \u00eenmatriculare este suspendat, ca urmare a expir\u0103rii inspec\u021biei tehnice periodice.\u00a0<\/p>\n<p>Cercet\u0103rile sunt continuate de c\u0103tre poli\u021bi\u0219tii b\u00e2rl\u0103deni, sub supravegherea Parchetului de pe l\u00e2ng\u0103 Judec\u0103toria B\u00e2rlad, \u00een vederea stabilirii \u0219i prob\u0103rii \u00eentregii activit\u0103\u021bi infrac\u021bionale a t\u00e2n\u0103rului, sub aspectul s\u0103v\u00e2r\u0219irii infrac\u021biunilor de\u00a0<em>\u201d conducerea unui vehicul f\u0103r\u0103 permis de conducere\u201d.<\/em><\/p>\n<aside class=\"mashsb-container mashsb-main \">\n<div class=\"mashsb-box\">\n<div class=\"mashsb-count mash-medium\">\n<div class=\"counts mashsbcount\">0<\/div>\n<p><span class=\"mashsb-sharetext\">SHARES<\/span><\/div>\n<div class=\"mashsb-buttons\"><a class=\"mashicon-facebook mash-medium mashsb-noshadow\" href=\"https:\/\/www.facebook.com\/sharer.php?u=http%3A%2F%2Fwww.ziaruldevaslui.ro%2Foprit-pentru-ca-nu-avea-luminile-aprinse-descoperit-fara-permis-cu-itp-ul-expirat-si-fara-certificat%2F\" target=\"_top\" rel=\"nofollow\"><span class=\"text\">Share\u00a0pe\u00a0facebook<\/span><\/a><a class=\"mashicon-twitter mash-medium mashsb-noshadow\" href=\"https:\/\/twitter.com\/intent\/tweet?text=Oprit%20pentru%20c%C4%83%20nu%20avea%20luminile%20aprinse%2C%20descoperit%20f%C4%83r%C4%83%20permis%2C%20cu%20ITP-ul%20expirat%20%C8%99i%20f%C4%83r%C4%83%20certificat&amp;url=http:\/\/www.ziaruldevaslui.ro\/?p=45706\" target=\"_top\" rel=\"nofollow\"><span class=\"text\">Share\u00a0pe\u00a0twitter<\/span><\/a><\/div>\n<\/div>\n<\/aside>\n<\/div>\n<div class=\"entry-content\">\n<p>Ini\u021bial am crezut c\u0103 Ionel Sandu s-a apucat de Stand Up Comedy. Cu afacerile nu st\u0103 extraordinar, cu politica nici<\/p>\n<\/div>\n<p> Source URL: http:\/\/www.ziaruldevaslui.ro\/oprit-pentru-ca-nu-avea-luminile-aprinse-descoperit-fara-permis-cu-itp-ul-expirat-si-fara-certificat\/<\/p>\n","protected":false},"excerpt":{"rendered":"<p>La data de 23 aprilie 2024, ora 16.45, poli\u021bi\u0219tii Biroului de Ordine Public\u0103, din cadrul Poli\u021biei Municipiului B\u00e2rlad, afla\u021bi \u00een serviciu de patrulare pe strada Alexandru Vlahu\u021b\u0103 din B\u00e2rlad, au depistat \u0219i oprit pentru control un autoturism, \u00eenmatriculat \u00een jude\u021bul Vaslui, condus de c\u0103tre un t\u00e2n\u0103r, \u00een v\u00e2rst\u0103 de 24 de ani, din comuna Bogd\u0103ne\u0219ti, [&hellip;]<\/p>\n","protected":false},"author":1,"featured_media":0,"comment_status":"open","ping_status":"","sticky":false,"template":"","format":"standard","meta":{"footnotes":""},"categories":[89],"tags":[218],"class_list":["post-1438172","post","type-post","status-publish","format-standard","hentry","category-romania","tag-ziaruldevaslui-ro"],"_links":{"self":[{"href":"https:\/\/analyse.optim.biz\/index.php?rest_route=\/wp\/v2\/posts\/1438172","targetHints":{"allow":["GET"]}}],"collection":[{"href":"https:\/\/analyse.optim.biz\/index.php?rest_route=\/wp\/v2\/posts"}],"about":[{"href":"https:\/\/analyse.optim.biz\/index.php?rest_route=\/wp\/v2\/types\/post"}],"author":[{"embeddable":true,"href":"https:\/\/analyse.optim.biz\/index.php?rest_route=\/wp\/v2\/users\/1"}],"replies":[{"embeddable":true,"href":"https:\/\/analyse.optim.biz\/index.php?rest_route=%2Fwp%2Fv2%2Fcomments&post=1438172"}],"version-history":[{"count":0,"href":"https:\/\/analyse.optim.biz\/index.php?rest_route=\/wp\/v2\/posts\/1438172\/revisions"}],"wp:attachment":[{"href":"https:\/\/analyse.optim.biz\/index.php?rest_route=%2Fwp%2Fv2%2Fmedia&parent=1438172"}],"wp:term":[{"taxonomy":"category","embeddable":true,"href":"https:\/\/analyse.optim.biz\/index.php?rest_route=%2Fwp%2Fv2%2Fcategories&post=1438172"},{"taxonomy":"post_tag","embeddable":true,"href":"https:\/\/analyse.optim.biz\/index.php?rest_route=%2Fwp%2Fv2%2Ftags&post=1438172"}],"curies":[{"name":"wp","href":"https:\/\/api.w.org\/{rel}","templated":true}]}}