{"id":1438027,"date":"2024-05-03T16:43:29","date_gmt":"2024-05-03T13:43:29","guid":{"rendered":"https:\/\/analyse.optim.biz\/?p=1438027"},"modified":"2024-05-03T16:43:29","modified_gmt":"2024-05-03T13:43:29","slug":"tsd-vaslui-cadouri-pentru-copii-gandul-nostru-se-indreapta-spre-acei-copii-care-au-nevoie-ca-spiritul-sarbatorilor-sa-le-fie-adus-in-case-si-in-suflete","status":"publish","type":"post","link":"https:\/\/analyse.optim.biz\/?p=1438027","title":{"rendered":"TSD Vaslui, cadouri pentru copii: \u201eg\u00e2ndul nostru se \u00eendreapt\u0103 spre acei copii care au nevoie ca spiritul s\u0103rb\u0103torilor s\u0103 le fie adus \u00een case \u0219i \u00een suflete!\u201d"},"content":{"rendered":"<div class=\"entry-content clearfix\">\n<p><strong>Cu ocazia S\u0103rb\u0103torilor de Pa\u0219te, Organiza\u021bia de Tineret PSD Vaslui a \u00eemp\u0103r\u021bit \u00een aceast\u0103 diminea\u021b\u0103 cadouri copiilor din Vaslui. \u00cen schimb, copila\u0219ii le-au povestit tinerilor social-democra\u021bi despre Iepura\u0219ul de Pa\u0219te, despre \u00cenvierea Domnului \u0219i despre proiectele pe care le desf\u0103\u0219oar\u0103 la \u0219coal\u0103! Al\u0103turi de tineri a fost \u0219i viceprimarul municipiului Vaslui, Lucian Brani\u0219te \u0219i Irinel Stativ\u0103 \u2013 deputat. <\/strong><\/p>\n<p>\u201e\u00centruc\u00e2t ne afl\u0103m \u00een Postul Pa\u0219telui \u0219i \u00eencepem s\u0103 num\u0103r\u0103m zilele p\u00e2n\u0103 la marea s\u0103rb\u0103toare a \u00cenvierii Domnului, g\u00e2ndul nostru se \u00eendreapt\u0103 spre acei copii care au nevoie ca spiritul s\u0103rb\u0103torilor s\u0103 le fie adus \u00een case \u0219i \u00een suflete! Mul\u021bumim colegilor de la TSD \u0219i PSD care au f\u0103cut posibil acest eveniment, iar pe aceast\u0103 cale, dorim s\u0103 mul\u021bumim, \u00een mod special, prietenilor no\u0219tri care au fost ast\u0103zi al\u0103turi de noi, viceprimarul <a href=\"https:\/\/www.facebook.com\/braniste.lucian?__cft__%5B0%5D=AZVowMsRflbTTnw-bB_KYLify4hLk0xopLHar8HQeEa3N9n8f4GE4mFGGi2x0WpFD6Idbch8y3HZseFgh-vZ7jrVFvhPe9t9JrG0RwRTXvAhz2SSO0QzddWyTyh2P568JmSVU6mZyGh6MtPzdhqRVC0wqSGkOwMktYfaYi0tqwkJueTMLKcBTamTd-dzvZ1rAhs&amp;__tn__=-%5DK-R\">Lucian Braniste<\/a> \u0219i deputatul Irinel Stativ\u0103!\u201d au declarat reprezentan\u021bii Organiza\u021biei Jude\u021bene a Tinerilor Social Democra\u021bi (TSD). <\/p>\n<figure class=\"wp-block-gallery columns-2 is-cropped\">\n<ul class=\"blocks-gallery-grid\">\n<li class=\"blocks-gallery-item\">\n<figure><img decoding=\"async\" loading=\"lazy\" width=\"768\" height=\"1024\" src=\"https:\/\/analyse.optim.biz\/wp-content\/uploads\/2026\/01\/www-ziaruldevaslui-214.jpg\" class=\"wp-image-45913\" title=\"www-ziaruldevaslui-214\"><\/figure>\n<\/li>\n<li class=\"blocks-gallery-item\">\n<figure><img decoding=\"async\" loading=\"lazy\" width=\"768\" height=\"1024\" src=\"https:\/\/analyse.optim.biz\/wp-content\/uploads\/2026\/01\/www-ziaruldevaslui-1-8.jpg\" class=\"wp-image-45914\" title=\"www-ziaruldevaslui-1-8\"><\/figure>\n<\/li>\n<li class=\"blocks-gallery-item\">\n<figure><img decoding=\"async\" loading=\"lazy\" width=\"768\" height=\"1024\" src=\"https:\/\/analyse.optim.biz\/wp-content\/uploads\/2026\/01\/www-ziaruldevaslui-2-7.jpg\" class=\"wp-image-45915\" title=\"www-ziaruldevaslui-2-7\"><\/figure>\n<\/li>\n<li class=\"blocks-gallery-item\">\n<figure><img decoding=\"async\" loading=\"lazy\" width=\"768\" height=\"1024\" src=\"https:\/\/analyse.optim.biz\/wp-content\/uploads\/2026\/01\/www-ziaruldevaslui-3-5.jpg\" class=\"wp-image-45916\" title=\"www-ziaruldevaslui-3-5\"><\/figure>\n<\/li>\n<li class=\"blocks-gallery-item\">\n<figure><img decoding=\"async\" loading=\"lazy\" width=\"768\" height=\"1024\" src=\"https:\/\/analyse.optim.biz\/wp-content\/uploads\/2026\/01\/www-ziaruldevaslui-4-5.jpg\" class=\"wp-image-45917\" title=\"www-ziaruldevaslui-4-5\"><\/figure>\n<\/li>\n<li class=\"blocks-gallery-item\">\n<figure><img decoding=\"async\" loading=\"lazy\" width=\"1024\" height=\"768\" src=\"https:\/\/analyse.optim.biz\/wp-content\/uploads\/2026\/01\/www-ziaruldevaslui-5-5.jpg\" class=\"wp-image-45918\" title=\"www-ziaruldevaslui-5-5\"><\/figure>\n<\/li>\n<\/ul>\n<\/figure>\n<aside class=\"mashsb-container mashsb-main \">\n<div class=\"mashsb-box\">\n<div class=\"mashsb-count mash-medium\">\n<div class=\"counts mashsbcount\">0<\/div>\n<p><span class=\"mashsb-sharetext\">SHARES<\/span><\/div>\n<div class=\"mashsb-buttons\"><a class=\"mashicon-facebook mash-medium mashsb-noshadow\" href=\"https:\/\/www.facebook.com\/sharer.php?u=http%3A%2F%2Fwww.ziaruldevaslui.ro%2Ftsd-vaslui-cadouri-pentru-copii-gandul-nostru-se-indreapta-spre-acei-copii-care-au-nevoie-ca-spiritul-sarbatorilor-sa-le-fie-adus-in-case-si-in-suflete%2F\" target=\"_top\" rel=\"nofollow\"><span class=\"text\">Share\u00a0pe\u00a0facebook<\/span><\/a><a class=\"mashicon-twitter mash-medium mashsb-noshadow\" href=\"https:\/\/twitter.com\/intent\/tweet?text=TSD%20Vaslui%2C%20cadouri%20pentru%20copii%3A%20%E2%80%9Eg%C3%A2ndul%20nostru%20se%20%C3%AEndreapt%C4%83%20spre%20acei%20copii%20care%20au%20nevoie%20ca%20spiritul%20s%C4%83rb%C4%83torilor%20s%C4%83%20le%20fie%20adus%20%C3%AEn%20case%20%C8%99i%20%C3%AEn%20suflete%21%22&amp;url=http:\/\/www.ziaruldevaslui.ro\/?p=45912\" target=\"_top\" rel=\"nofollow\"><span class=\"text\">Share\u00a0pe\u00a0twitter<\/span><\/a><\/div>\n<\/div>\n<\/aside>\n<\/div>\n<div class=\"entry-content\">\n<p>Ini\u021bial am crezut c\u0103 Ionel Sandu s-a apucat de Stand Up Comedy. Cu afacerile nu st\u0103 extraordinar, cu politica nici<\/p>\n<\/div>\n<p> Source URL: http:\/\/www.ziaruldevaslui.ro\/tsd-vaslui-cadouri-pentru-copii-gandul-nostru-se-indreapta-spre-acei-copii-care-au-nevoie-ca-spiritul-sarbatorilor-sa-le-fie-adus-in-case-si-in-suflete\/<\/p>\n","protected":false},"excerpt":{"rendered":"<p>Cu ocazia S\u0103rb\u0103torilor de Pa\u0219te, Organiza\u021bia de Tineret PSD Vaslui a \u00eemp\u0103r\u021bit \u00een aceast\u0103 diminea\u021b\u0103 cadouri copiilor din Vaslui. \u00cen schimb, copila\u0219ii le-au povestit tinerilor social-democra\u021bi despre Iepura\u0219ul de Pa\u0219te, despre \u00cenvierea Domnului \u0219i despre proiectele pe care le desf\u0103\u0219oar\u0103 la \u0219coal\u0103! Al\u0103turi de tineri a fost \u0219i viceprimarul municipiului Vaslui, Lucian Brani\u0219te \u0219i Irinel [&hellip;]<\/p>\n","protected":false},"author":1,"featured_media":0,"comment_status":"open","ping_status":"","sticky":false,"template":"","format":"standard","meta":{"footnotes":""},"categories":[89],"tags":[218],"class_list":["post-1438027","post","type-post","status-publish","format-standard","hentry","category-romania","tag-ziaruldevaslui-ro"],"_links":{"self":[{"href":"https:\/\/analyse.optim.biz\/index.php?rest_route=\/wp\/v2\/posts\/1438027","targetHints":{"allow":["GET"]}}],"collection":[{"href":"https:\/\/analyse.optim.biz\/index.php?rest_route=\/wp\/v2\/posts"}],"about":[{"href":"https:\/\/analyse.optim.biz\/index.php?rest_route=\/wp\/v2\/types\/post"}],"author":[{"embeddable":true,"href":"https:\/\/analyse.optim.biz\/index.php?rest_route=\/wp\/v2\/users\/1"}],"replies":[{"embeddable":true,"href":"https:\/\/analyse.optim.biz\/index.php?rest_route=%2Fwp%2Fv2%2Fcomments&post=1438027"}],"version-history":[{"count":0,"href":"https:\/\/analyse.optim.biz\/index.php?rest_route=\/wp\/v2\/posts\/1438027\/revisions"}],"wp:attachment":[{"href":"https:\/\/analyse.optim.biz\/index.php?rest_route=%2Fwp%2Fv2%2Fmedia&parent=1438027"}],"wp:term":[{"taxonomy":"category","embeddable":true,"href":"https:\/\/analyse.optim.biz\/index.php?rest_route=%2Fwp%2Fv2%2Fcategories&post=1438027"},{"taxonomy":"post_tag","embeddable":true,"href":"https:\/\/analyse.optim.biz\/index.php?rest_route=%2Fwp%2Fv2%2Ftags&post=1438027"}],"curies":[{"name":"wp","href":"https:\/\/api.w.org\/{rel}","templated":true}]}}