{"id":1438002,"date":"2024-05-14T17:07:47","date_gmt":"2024-05-14T14:07:47","guid":{"rendered":"https:\/\/analyse.optim.biz\/?p=1438002"},"modified":"2024-05-14T17:07:47","modified_gmt":"2024-05-14T14:07:47","slug":"in-weekend-o-noua-editie-a-serbarii-florilor","status":"publish","type":"post","link":"https:\/\/analyse.optim.biz\/?p=1438002","title":{"rendered":"\u00cen weekend, o nou\u0103 edi\u021bie a Serb\u0103rii Florilor"},"content":{"rendered":"<div class=\"entry-content clearfix\">\n<p>Vineri, 17 mai 2024, \u00eencep\u00e2nd de la ora 09.00, \u00een Centrul Civic al municipiului Vaslui, se va desf\u0103\u0219ura o nou\u0103 edi\u021bie a Serb\u0103rii Florilor, edi\u021bia a VIII-a, \u00een cadrul c\u0103reia vor participa 34 de expozan\u021bi, agen\u021bi economici \u0219i institu\u021bii publice. <br \/>Ca de fiecare dat\u0103, pentru trei zile, platoul Centrului Civic va fi locul din care vizitatorii vor putea achizi\u021biona bulbi, flori \u00een ghivece, material dendrofloricol \u0219i utilaje necesare \u00eengrijirii spa\u021biilor verzi, iar foaierul Casei de Cultur\u0103 va redeveni spa\u021biul expozi\u021bional \u00een care institu\u021bii publice \u00ee\u0219i vor demonstra m\u0103iestria \u00een arta aranjamentelor florale. Noutatea acestui an o constituie prezen\u021ba, \u00een acest spa\u021biu expozi\u021bional, a reprezentan\u021bilor ora\u0219ului Chi\u0219in\u0103u \u0219i comunei Purcari, raionul \u0218tefan Vod\u0103, din Republica Moldova, al\u0103turi de Universitatea de \u0218tiin\u021be ale Vie\u021bii \u201eIon Ionescu de la Brad\u201d din Ia\u0219i, prim\u0103riile din Ia\u0219i \u0219i B\u00e2rlad \u0219i Direc\u021bia Silvic\u0103 Vaslui.<\/p>\n<aside class=\"mashsb-container mashsb-main \">\n<div class=\"mashsb-box\">\n<div class=\"mashsb-count mash-medium\">\n<div class=\"counts mashsbcount\">0<\/div>\n<p><span class=\"mashsb-sharetext\">SHARES<\/span><\/div>\n<div class=\"mashsb-buttons\"><a class=\"mashicon-facebook mash-medium mashsb-noshadow\" href=\"https:\/\/www.facebook.com\/sharer.php?u=http%3A%2F%2Fwww.ziaruldevaslui.ro%2Fin-weekend-o-noua-editie-a-serbarii-florilor%2F\" target=\"_top\" rel=\"nofollow\"><span class=\"text\">Share\u00a0pe\u00a0facebook<\/span><\/a><a class=\"mashicon-twitter mash-medium mashsb-noshadow\" href=\"https:\/\/twitter.com\/intent\/tweet?text=%C3%8En%20weekend%2C%20o%20nou%C4%83%20edi%C8%9Bie%20a%20Serb%C4%83rii%20Florilor&amp;url=http:\/\/www.ziaruldevaslui.ro\/?p=45936\" target=\"_top\" rel=\"nofollow\"><span class=\"text\">Share\u00a0pe\u00a0twitter<\/span><\/a><\/div>\n<\/div>\n<\/aside>\n<\/div>\n<div class=\"entry-content\">\n<p>Ini\u021bial am crezut c\u0103 Ionel Sandu s-a apucat de Stand Up Comedy. Cu afacerile nu st\u0103 extraordinar, cu politica nici<\/p>\n<\/div>\n<p> Source URL: http:\/\/www.ziaruldevaslui.ro\/in-weekend-o-noua-editie-a-serbarii-florilor\/<\/p>\n","protected":false},"excerpt":{"rendered":"<p>Vineri, 17 mai 2024, \u00eencep\u00e2nd de la ora 09.00, \u00een Centrul Civic al municipiului Vaslui, se va desf\u0103\u0219ura o nou\u0103 edi\u021bie a Serb\u0103rii Florilor, edi\u021bia a VIII-a, \u00een cadrul c\u0103reia vor participa 34 de expozan\u021bi, agen\u021bi economici \u0219i institu\u021bii publice. Ca de fiecare dat\u0103, pentru trei zile, platoul Centrului Civic va fi locul din care [&hellip;]<\/p>\n","protected":false},"author":1,"featured_media":0,"comment_status":"open","ping_status":"","sticky":false,"template":"","format":"standard","meta":{"footnotes":""},"categories":[89],"tags":[218],"class_list":["post-1438002","post","type-post","status-publish","format-standard","hentry","category-romania","tag-ziaruldevaslui-ro"],"_links":{"self":[{"href":"https:\/\/analyse.optim.biz\/index.php?rest_route=\/wp\/v2\/posts\/1438002","targetHints":{"allow":["GET"]}}],"collection":[{"href":"https:\/\/analyse.optim.biz\/index.php?rest_route=\/wp\/v2\/posts"}],"about":[{"href":"https:\/\/analyse.optim.biz\/index.php?rest_route=\/wp\/v2\/types\/post"}],"author":[{"embeddable":true,"href":"https:\/\/analyse.optim.biz\/index.php?rest_route=\/wp\/v2\/users\/1"}],"replies":[{"embeddable":true,"href":"https:\/\/analyse.optim.biz\/index.php?rest_route=%2Fwp%2Fv2%2Fcomments&post=1438002"}],"version-history":[{"count":0,"href":"https:\/\/analyse.optim.biz\/index.php?rest_route=\/wp\/v2\/posts\/1438002\/revisions"}],"wp:attachment":[{"href":"https:\/\/analyse.optim.biz\/index.php?rest_route=%2Fwp%2Fv2%2Fmedia&parent=1438002"}],"wp:term":[{"taxonomy":"category","embeddable":true,"href":"https:\/\/analyse.optim.biz\/index.php?rest_route=%2Fwp%2Fv2%2Fcategories&post=1438002"},{"taxonomy":"post_tag","embeddable":true,"href":"https:\/\/analyse.optim.biz\/index.php?rest_route=%2Fwp%2Fv2%2Ftags&post=1438002"}],"curies":[{"name":"wp","href":"https:\/\/api.w.org\/{rel}","templated":true}]}}