{"id":1437998,"date":"2024-05-23T12:02:12","date_gmt":"2024-05-23T09:02:12","guid":{"rendered":"https:\/\/analyse.optim.biz\/?p=1437998"},"modified":"2024-05-23T12:02:12","modified_gmt":"2024-05-23T09:02:12","slug":"doi-tineri-unul-din-solesti-unul-din-deleni-retinuti-dupa-ce-au-spart-o-casa","status":"publish","type":"post","link":"https:\/\/analyse.optim.biz\/?p=1437998","title":{"rendered":"Doi tineri, unul din Sole\u0219ti, unul din Deleni, re\u021binu\u021bi dup\u0103 ce au spart o cas\u0103"},"content":{"rendered":"<div class=\"entry-content clearfix\">\n<p><strong>Poli\u0163i\u015ftii Sec\u021biei 1 Poli\u021bie Rural\u0103 Vaslui, din cadrul Poli\u021biei Municipiului Vaslui, au re\u021binut un b\u0103rbat, \u00een v\u00e2rst\u0103 de 19 ani, din comuna Sole\u0219ti, \u0219i un t\u00e2n\u0103r, \u00een v\u00e2rst\u0103 de 34 de ani, din comuna Deleni,\u00a0\u00a0jude\u021bul Vaslui, b\u0103nuit de s\u0103v\u00e2r\u0219irea unei infrac\u021biuni de furt calificat.<\/strong><\/p>\n<p>Poli\u021bi\u0219tii Sec\u021biei 1 Poli\u021bie Rural\u0103 Vaslui\u00a0au documentat \u0219i probat activitatea infrac\u021bional\u0103 a unui b\u0103rbat, b\u0103nuit de comiterea unei\u00a0infrac\u021biuni de furt calificat, \u00een data de 18 mai 2024, \u00een localitatea\/comuna Deleni, jude\u021bul Vaslui.<\/p>\n<p>\u00cen urma cercet\u0103rilor efectuate, poli\u021bi\u0219tii\u00a0Sec\u021biei 1 Poli\u021bie Rural\u0103 Vaslui\u00a0au stabilit faptul c\u0103, \u00een perioada sus-men\u021bionat\u0103, persoana b\u0103nuit\u0103 de comiterea infrac\u021biunii ar fi sustras dintr-o locuin\u021b\u0103, prin spargerea unui geam, mai multe produse electronice.<\/p>\n<p>Prejudiciul cauzat \u00een urma s\u0103v\u00e2r\u0219irii infrac\u021biunii, estimat la 2.000 lei, a fost recuperat \u00een totalitate.<\/p>\n<p>La data de 19 mai a.c, ca urmare a administr\u0103rii probatoriului, poli\u021bi\u0219tii\u00a0Sec\u021biei 1 Poli\u021bie Rural\u0103 Vaslui\u00a0au luat fa\u021b\u0103 de b\u0103rbatul cercetat m\u0103sura re\u021binerii, pe o perioad\u0103 de 24 de ore.<\/p>\n<p>La data de 29 mai a.c. acesta a fost prezentat Parchetului de pe l\u00e2ng\u0103 Judec\u0103toria Vaslui, care a dispus m\u0103sura preventiv\u0103 a controlului judiciar, pe o perioad\u0103 de 60 de zile..<\/p>\n<p>Cercet\u0103rile sunt continuate de c\u0103tre poli\u021bi\u0219ti, sub supravegherea Parchetului de pe l\u00e2ng\u0103 Judec\u0103toria\u00a0Vaslui, \u00een vederea stabilirii \u0219i prob\u0103rii \u00eentregii activit\u0103\u021bii infrac\u021bionale a b\u0103rbatului \u0219i dispunerea m\u0103surilor legale.\u00a0<\/p>\n<aside class=\"mashsb-container mashsb-main \">\n<div class=\"mashsb-box\">\n<div class=\"mashsb-count mash-medium\">\n<div class=\"counts mashsbcount\">0<\/div>\n<p><span class=\"mashsb-sharetext\">SHARES<\/span><\/div>\n<div class=\"mashsb-buttons\"><a class=\"mashicon-facebook mash-medium mashsb-noshadow\" href=\"https:\/\/www.facebook.com\/sharer.php?u=http%3A%2F%2Fwww.ziaruldevaslui.ro%2Fdoi-tineri-unul-din-solesti-unul-din-deleni-retinuti-dupa-ce-au-spart-o-casa%2F\" target=\"_top\" rel=\"nofollow\"><span class=\"text\">Share\u00a0pe\u00a0facebook<\/span><\/a><a class=\"mashicon-twitter mash-medium mashsb-noshadow\" href=\"https:\/\/twitter.com\/intent\/tweet?text=Doi%20tineri%2C%20unul%20din%20Sole%C8%99ti%2C%20unul%20din%20Deleni%2C%20re%C8%9Binu%C8%9Bi%20dup%C4%83%20ce%20au%20spart%20o%20cas%C4%83&amp;url=http:\/\/www.ziaruldevaslui.ro\/?p=45962\" target=\"_top\" rel=\"nofollow\"><span class=\"text\">Share\u00a0pe\u00a0twitter<\/span><\/a><\/div>\n<\/div>\n<\/aside>\n<\/div>\n<div class=\"entry-content\">\n<p>Ini\u021bial am crezut c\u0103 Ionel Sandu s-a apucat de Stand Up Comedy. Cu afacerile nu st\u0103 extraordinar, cu politica nici<\/p>\n<\/div>\n<p> Source URL: http:\/\/www.ziaruldevaslui.ro\/doi-tineri-unul-din-solesti-unul-din-deleni-retinuti-dupa-ce-au-spart-o-casa\/<\/p>\n","protected":false},"excerpt":{"rendered":"<p>Poli\u0163i\u015ftii Sec\u021biei 1 Poli\u021bie Rural\u0103 Vaslui, din cadrul Poli\u021biei Municipiului Vaslui, au re\u021binut un b\u0103rbat, \u00een v\u00e2rst\u0103 de 19 ani, din comuna Sole\u0219ti, \u0219i un t\u00e2n\u0103r, \u00een v\u00e2rst\u0103 de 34 de ani, din comuna Deleni,\u00a0\u00a0jude\u021bul Vaslui, b\u0103nuit de s\u0103v\u00e2r\u0219irea unei infrac\u021biuni de furt calificat. Poli\u021bi\u0219tii Sec\u021biei 1 Poli\u021bie Rural\u0103 Vaslui\u00a0au documentat \u0219i probat activitatea infrac\u021bional\u0103 [&hellip;]<\/p>\n","protected":false},"author":1,"featured_media":0,"comment_status":"open","ping_status":"","sticky":false,"template":"","format":"standard","meta":{"footnotes":""},"categories":[89],"tags":[218],"class_list":["post-1437998","post","type-post","status-publish","format-standard","hentry","category-romania","tag-ziaruldevaslui-ro"],"_links":{"self":[{"href":"https:\/\/analyse.optim.biz\/index.php?rest_route=\/wp\/v2\/posts\/1437998","targetHints":{"allow":["GET"]}}],"collection":[{"href":"https:\/\/analyse.optim.biz\/index.php?rest_route=\/wp\/v2\/posts"}],"about":[{"href":"https:\/\/analyse.optim.biz\/index.php?rest_route=\/wp\/v2\/types\/post"}],"author":[{"embeddable":true,"href":"https:\/\/analyse.optim.biz\/index.php?rest_route=\/wp\/v2\/users\/1"}],"replies":[{"embeddable":true,"href":"https:\/\/analyse.optim.biz\/index.php?rest_route=%2Fwp%2Fv2%2Fcomments&post=1437998"}],"version-history":[{"count":0,"href":"https:\/\/analyse.optim.biz\/index.php?rest_route=\/wp\/v2\/posts\/1437998\/revisions"}],"wp:attachment":[{"href":"https:\/\/analyse.optim.biz\/index.php?rest_route=%2Fwp%2Fv2%2Fmedia&parent=1437998"}],"wp:term":[{"taxonomy":"category","embeddable":true,"href":"https:\/\/analyse.optim.biz\/index.php?rest_route=%2Fwp%2Fv2%2Fcategories&post=1437998"},{"taxonomy":"post_tag","embeddable":true,"href":"https:\/\/analyse.optim.biz\/index.php?rest_route=%2Fwp%2Fv2%2Ftags&post=1437998"}],"curies":[{"name":"wp","href":"https:\/\/api.w.org\/{rel}","templated":true}]}}