{"id":1437467,"date":"2024-06-05T19:21:24","date_gmt":"2024-06-05T16:21:24","guid":{"rendered":"https:\/\/analyse.optim.biz\/?p=1437467"},"modified":"2024-06-05T19:21:24","modified_gmt":"2024-06-05T16:21:24","slug":"foto-se-vinde-conac-de-fost-primar","status":"publish","type":"post","link":"https:\/\/analyse.optim.biz\/?p=1437467","title":{"rendered":"FOTO Se vinde conac de fost primar"},"content":{"rendered":"<div class=\"entry-content clearfix\">\n<p>Ioan Cozma, fost primar al Negre\u015ftiului timp de dou\u0103 mandate (2004 \u2013 2012), \u0219i-a scos domeniul la v\u00e2nzare. \u00centins pe o suprafa\u021b\u0103 impresionant\u0103 de peste 19.000 mp, conacul are nu mai pu\u021bin de 313 mp utili, peste 10 camere \u0219i se ridic\u0103 la uluitorul pre\u021b de peste jum\u0103tate de milion de euro<\/p>\n<p>\u201eDescoperi\u021bi elegan\u021ba \u0219i rafinamentul \u00een aceast\u0103 proprietate excep\u021bional\u0103! Cu designul s\u0103u arhitectural impresionant \u0219i finisajele de \u00eenalt\u0103 calitate, aceast\u0103 locuin\u021b\u0103 reprezint\u0103 o oaz\u0103 de lux \u0219i confort. Bucura\u021bi-v\u0103 de camere spa\u021bioase, ferestre mari ce inund\u0103 spa\u021biul cu lumin\u0103 natural\u0103 \u0219i gr\u0103dina frumos amenajat\u0103. Cu dot\u0103ri moderne \u0219i aten\u021bie la detalii, aceast\u0103 proprietate este un paradis privat, preg\u0103tit s\u0103 devin\u0103 c\u0103minul dumneavoastr\u0103 perfect. Vila este amplasat\u0103 pe o suprafa\u021b\u0103 generoas\u0103 de 19.700mp de teren \u00eentr-o zon\u0103 lini\u0219tit\u0103, oferind intimitate \u0219i relaxare. Cu un view superb, proprietatea \u00eenc\u00e2nt\u0103 privirea cu peisaje naturale \u00eembietoare. Ideal pentru cei care caut\u0103 o re\u0219edin\u021b\u0103 de excep\u021bie \u00eentr-un mediu plin de frumuse\u021be \u0219i calm.<br \/>Descoper\u0103 o oaz\u0103 de lux \u0219i confort \u00een aceast\u0103 vil\u0103 impresionant\u0103, perfect\u0103 pentru a satisface cele mai diverse preferin\u021be. Indiferent dac\u0103 \u00ee\u021bi dore\u0219ti un refugiu relaxant \u00een mijlocul naturii sau un spa\u021biu elegant pentru evenimente speciale, aceast\u0103 vil\u0103 ofer\u0103 totul. Cu facilit\u0103\u021bi moderne, camere spa\u021bioase \u0219i o gr\u0103din\u0103 uimitoare, este locul ideal pentru vacan\u021be memorabile, \u00eent\u00e2lniri de afaceri sau petreceri exclusive. Descoper\u0103 versatilitatea \u0219i rafinamentul \u00eentr-un cadru unic, gata s\u0103 transforme orice ocazie \u00eentr-o experien\u021b\u0103 de neuitat.\u201d se arat\u0103 \u00een anun\u021bul postat de una dintre agen\u021biile impobiliare la care a apelat fostul primar. <\/p>\n<p>\u00cen perioada exercit\u0103rii func\u0163iei de primar, Ioan Cozma a reu\u015fit s\u0103 achizi\u0163ioneze prin intermediul societ\u0103\u0163ii Instalrep, administrat\u0103 de fiul s\u0103u, George Ionu\u0163, cunoscutul conac boieresc de la Todire\u015fti (localitate aflat\u0103 \u00een imediata apropiere a ora\u015fului Negre\u0219ti), vechi de peste 200 de ani. Ini\u0163ial, primar a achizi\u0163ionat doar terenul din jur, \u00eens\u0103 \u00een acte a fost trecut \u201e\u00eent\u00e2mpl\u0103tor\u201d \u015fi conacul. Achizi\u0163ionarea conacului, complet renovat \u015fi modernizat, a  f\u0103cut obiectul anchetei procurorilor anticorup\u0163ie la acea vreme. FOTO: Storia.ro (Agen\u021bia Remax)<\/p>\n<figure class=\"wp-block-gallery columns-3 is-cropped\">\n<ul class=\"blocks-gallery-grid\">\n<li class=\"blocks-gallery-item\">\n<figure><img decoding=\"async\" loading=\"lazy\" width=\"1024\" height=\"683\" src=\"https:\/\/analyse.optim.biz\/wp-content\/uploads\/2026\/01\/www-ziaruldevaslui.webp\" class=\"wp-image-46188\" title=\"www-ziaruldevaslui\"><\/figure>\n<\/li>\n<li class=\"blocks-gallery-item\">\n<figure><img decoding=\"async\" loading=\"lazy\" width=\"1024\" height=\"576\" src=\"https:\/\/analyse.optim.biz\/wp-content\/uploads\/2026\/01\/www-ziaruldevaslui-1.webp\" class=\"wp-image-46189\" title=\"www-ziaruldevaslui-1\"><\/figure>\n<\/li>\n<li class=\"blocks-gallery-item\">\n<figure><img decoding=\"async\" loading=\"lazy\" width=\"1024\" height=\"576\" src=\"https:\/\/analyse.optim.biz\/wp-content\/uploads\/2026\/01\/www-ziaruldevaslui-2.webp\" class=\"wp-image-46190\" title=\"www-ziaruldevaslui-2\"><\/figure>\n<\/li>\n<li class=\"blocks-gallery-item\">\n<figure><img decoding=\"async\" loading=\"lazy\" width=\"1024\" height=\"576\" src=\"https:\/\/analyse.optim.biz\/wp-content\/uploads\/2026\/01\/www-ziaruldevaslui-3.webp\" class=\"wp-image-46191\" title=\"www-ziaruldevaslui-3\"><\/figure>\n<\/li>\n<li class=\"blocks-gallery-item\">\n<figure><img decoding=\"async\" loading=\"lazy\" width=\"1024\" height=\"682\" src=\"https:\/\/analyse.optim.biz\/wp-content\/uploads\/2026\/01\/www-ziaruldevaslui-4.webp\" class=\"wp-image-46192\" title=\"www-ziaruldevaslui-4\"><\/figure>\n<\/li>\n<li class=\"blocks-gallery-item\">\n<figure><img decoding=\"async\" loading=\"lazy\" width=\"1024\" height=\"682\" src=\"https:\/\/analyse.optim.biz\/wp-content\/uploads\/2026\/01\/www-ziaruldevaslui-5.webp\" class=\"wp-image-46193\" title=\"www-ziaruldevaslui-5\"><\/figure>\n<\/li>\n<\/ul>\n<\/figure>\n<aside class=\"mashsb-container mashsb-main \">\n<div class=\"mashsb-box\">\n<div class=\"mashsb-count mash-medium\">\n<div class=\"counts mashsbcount\">0<\/div>\n<p><span class=\"mashsb-sharetext\">SHARES<\/span><\/div>\n<div class=\"mashsb-buttons\"><a class=\"mashicon-facebook mash-medium mashsb-noshadow\" href=\"https:\/\/www.facebook.com\/sharer.php?u=http%3A%2F%2Fwww.ziaruldevaslui.ro%2Ffoto-se-vinde-conac-de-fost-primar%2F\" target=\"_top\" rel=\"nofollow\"><span class=\"text\">Share\u00a0pe\u00a0facebook<\/span><\/a><a class=\"mashicon-twitter mash-medium mashsb-noshadow\" href=\"https:\/\/twitter.com\/intent\/tweet?text=FOTO%20Se%20vinde%20conac%20de%20fost%20primar&amp;url=http:\/\/www.ziaruldevaslui.ro\/?p=46187\" target=\"_top\" rel=\"nofollow\"><span class=\"text\">Share\u00a0pe\u00a0twitter<\/span><\/a><\/div>\n<\/div>\n<\/aside>\n<\/div>\n<div class=\"entry-content\">\n<p>Ini\u021bial am crezut c\u0103 Ionel Sandu s-a apucat de Stand Up Comedy. Cu afacerile nu st\u0103 extraordinar, cu politica nici<\/p>\n<\/div>\n<p> Source URL: http:\/\/www.ziaruldevaslui.ro\/foto-se-vinde-conac-de-fost-primar\/<\/p>\n","protected":false},"excerpt":{"rendered":"<p>Ioan Cozma, fost primar al Negre\u015ftiului timp de dou\u0103 mandate (2004 \u2013 2012), \u0219i-a scos domeniul la v\u00e2nzare. \u00centins pe o suprafa\u021b\u0103 impresionant\u0103 de peste 19.000 mp, conacul are nu mai pu\u021bin de 313 mp utili, peste 10 camere \u0219i se ridic\u0103 la uluitorul pre\u021b de peste jum\u0103tate de milion de euro \u201eDescoperi\u021bi elegan\u021ba \u0219i [&hellip;]<\/p>\n","protected":false},"author":1,"featured_media":0,"comment_status":"open","ping_status":"","sticky":false,"template":"","format":"standard","meta":{"footnotes":""},"categories":[89],"tags":[218],"class_list":["post-1437467","post","type-post","status-publish","format-standard","hentry","category-romania","tag-ziaruldevaslui-ro"],"_links":{"self":[{"href":"https:\/\/analyse.optim.biz\/index.php?rest_route=\/wp\/v2\/posts\/1437467","targetHints":{"allow":["GET"]}}],"collection":[{"href":"https:\/\/analyse.optim.biz\/index.php?rest_route=\/wp\/v2\/posts"}],"about":[{"href":"https:\/\/analyse.optim.biz\/index.php?rest_route=\/wp\/v2\/types\/post"}],"author":[{"embeddable":true,"href":"https:\/\/analyse.optim.biz\/index.php?rest_route=\/wp\/v2\/users\/1"}],"replies":[{"embeddable":true,"href":"https:\/\/analyse.optim.biz\/index.php?rest_route=%2Fwp%2Fv2%2Fcomments&post=1437467"}],"version-history":[{"count":0,"href":"https:\/\/analyse.optim.biz\/index.php?rest_route=\/wp\/v2\/posts\/1437467\/revisions"}],"wp:attachment":[{"href":"https:\/\/analyse.optim.biz\/index.php?rest_route=%2Fwp%2Fv2%2Fmedia&parent=1437467"}],"wp:term":[{"taxonomy":"category","embeddable":true,"href":"https:\/\/analyse.optim.biz\/index.php?rest_route=%2Fwp%2Fv2%2Fcategories&post=1437467"},{"taxonomy":"post_tag","embeddable":true,"href":"https:\/\/analyse.optim.biz\/index.php?rest_route=%2Fwp%2Fv2%2Ftags&post=1437467"}],"curies":[{"name":"wp","href":"https:\/\/api.w.org\/{rel}","templated":true}]}}