{"id":1436944,"date":"2025-10-13T12:31:41","date_gmt":"2025-10-13T09:31:41","guid":{"rendered":"https:\/\/analyse.optim.biz\/?p=1436944"},"modified":"2025-10-13T12:31:41","modified_gmt":"2025-10-13T09:31:41","slug":"consilierii-judeteni-convocati-in-sedinta-extraordinara-ce-proiecte-sunt-pe-ordinea-de-zi","status":"publish","type":"post","link":"https:\/\/analyse.optim.biz\/?p=1436944","title":{"rendered":"Consilierii jude\u021beni convoca\u021bi \u00een \u0219edin\u021b\u0103 extraordinar\u0103. Ce proiecte sunt pe ordinea de zi"},"content":{"rendered":"<div class=\"td_block_wrap tdb_single_content tdi_106 td-pb-border-top td_block_template_1 td-post-content tagdiv-type\" data-td-block-uid=\"tdi_106\">\n<div class=\"tdb-block-inner td-fix-index\">\n<p>Consilierii jude\u0219eni se vor \u00eent\u00e2lni miercuri, 15 octombrie, de la ora 15.00, \u00een cadrul unei \u0219edin\u021be extraordinare care se va desf\u0103\u0219ura \u00een sistem online, pentru a dezbate \u0219i aproba cele \u0219apte proiecte aflate pe ordinea de zi. Printre acestea se num\u0103r\u0103 \u00eencheierea unor acte adi\u021bionale privind proiectele de constituire a Consor\u021biului pentru \u00eenv\u0103\u021b\u0103m\u00e2nt dual \u00een Jude\u021bul Vrancea dar \u0219i implementarea proiectului\u00a0 de construire a Campusului profesional, liceal \u0219i universitar.<\/p>\n<p>De asemenea, se va vota pe marginea modific\u0103rii statutului Societ\u0103\u021bii SERVICII PUBLICE VRANCEA SRL \u0219i a actualiz\u0103rii bugetului proiectului \u201eVerde la educatie \u2013 microbuze electrice pentru elev\u201d. Totodat\u0103, consilierii vor dezbate \u0219i proiectul de hot\u0103r\u00e2re privind alocarea a 52.000 de lei c\u0103tre Comuna Cote\u0219ti pentru implementarea Programului pentru \u0218coli al Rom\u00e2niei, in anul \u0219colar 2025-2026. Iat\u0103 mai jos toate proiectele de pe ordinea de zi:<\/p>\n<ol>\n<li>\u201e \u00cencheierea Actului adi\u021bional nr.3 la Contractul de parteneriat pentru constituirea \u201dConsor\u021biului pentru \u00eenv\u0103\u021b\u0103m\u00e2nt dual \u00een Jude\u021bul Vrancea\u201d<\/li>\n<li>\u201e \u00cencheierea Actului adi\u021bional nr. 3 la Acordul de parteneriat pentru implementarea proiectului \u201cCampus profesional integrat, liceal \u0219i universitar jude\u021bul Vrancea\u201c<\/li>\n<li>\u201e \u00censcrierea sub aspect valoric \u0219i cantitativ \u00een eviden\u021bele contabile ale Unit\u0103\u021bii Administrativ-Teritoriale Jude\u021bul Vrancea a masei lemnoase aferente unui num\u0103r total de 102 arbori cu un volum brut total de 197,29 mc\u201d<\/li>\n<li>\u201eModificarea Statutului Societ\u0103\u021bii SERVICII PUBLICE VRANCEA SRL\u201d<\/li>\n<\/ol>\n<ol start=\"5\">\n<li>\u201eActualizarea bugetului proiectului \u201eVerde la educatie \u2013 microbuze electrice pentru elevi\u201d<\/li>\n<li>\u201eRepartizarea sumei de 52,70 mii lei c\u0103tre Comuna Cote\u0219ti pentru implementarea Programului pentru \u0218coli al Rom\u00e2niei, in anul \u0219colar 2025-2026\u201d<\/li>\n<li>\u201e Aprobarea rectific\u0103rii bugetelor proprii ale Jude\u021bului Vrancea pentru finan\u021barea Unit\u0103\u021bii Administrativ \u2013 Teritoriale Jude\u021bul Vrancea \u015fi a institu\u021biilor publice de sub autoritatea Consiliului Jude\u021bean Vrancea, pe anul 2025\u201d<\/li>\n<\/ol>\n<\/div>\n<\/div>\n<p> Source URL: https:\/\/www.jurnaldevrancea.ro\/consilierii-judeteni-convocati-in-sedinta-extraordinara-ce-proiecte-sunt-pe-ordinea-de-zi-2\/<\/p>\n","protected":false},"excerpt":{"rendered":"<p>Consilierii jude\u0219eni se vor \u00eent\u00e2lni miercuri, 15 octombrie, de la ora 15.00, \u00een cadrul unei \u0219edin\u021be extraordinare care se va desf\u0103\u0219ura \u00een sistem online, pentru a dezbate \u0219i aproba cele \u0219apte proiecte aflate pe ordinea de zi. Printre acestea se num\u0103r\u0103 \u00eencheierea unor acte adi\u021bionale privind proiectele de constituire a Consor\u021biului pentru \u00eenv\u0103\u021b\u0103m\u00e2nt dual \u00een [&hellip;]<\/p>\n","protected":false},"author":1,"featured_media":0,"comment_status":"open","ping_status":"","sticky":false,"template":"","format":"standard","meta":{"footnotes":""},"categories":[89],"tags":[207],"class_list":["post-1436944","post","type-post","status-publish","format-standard","hentry","category-romania","tag-jurnaldevrancea-ro"],"_links":{"self":[{"href":"https:\/\/analyse.optim.biz\/index.php?rest_route=\/wp\/v2\/posts\/1436944","targetHints":{"allow":["GET"]}}],"collection":[{"href":"https:\/\/analyse.optim.biz\/index.php?rest_route=\/wp\/v2\/posts"}],"about":[{"href":"https:\/\/analyse.optim.biz\/index.php?rest_route=\/wp\/v2\/types\/post"}],"author":[{"embeddable":true,"href":"https:\/\/analyse.optim.biz\/index.php?rest_route=\/wp\/v2\/users\/1"}],"replies":[{"embeddable":true,"href":"https:\/\/analyse.optim.biz\/index.php?rest_route=%2Fwp%2Fv2%2Fcomments&post=1436944"}],"version-history":[{"count":0,"href":"https:\/\/analyse.optim.biz\/index.php?rest_route=\/wp\/v2\/posts\/1436944\/revisions"}],"wp:attachment":[{"href":"https:\/\/analyse.optim.biz\/index.php?rest_route=%2Fwp%2Fv2%2Fmedia&parent=1436944"}],"wp:term":[{"taxonomy":"category","embeddable":true,"href":"https:\/\/analyse.optim.biz\/index.php?rest_route=%2Fwp%2Fv2%2Fcategories&post=1436944"},{"taxonomy":"post_tag","embeddable":true,"href":"https:\/\/analyse.optim.biz\/index.php?rest_route=%2Fwp%2Fv2%2Ftags&post=1436944"}],"curies":[{"name":"wp","href":"https:\/\/api.w.org\/{rel}","templated":true}]}}