{"id":1436784,"date":"2025-10-22T09:58:36","date_gmt":"2025-10-22T06:58:36","guid":{"rendered":"https:\/\/analyse.optim.biz\/?p=1436784"},"modified":"2025-10-22T09:58:36","modified_gmt":"2025-10-22T06:58:36","slug":"pufesti-face-pasi-spre-modernizare-prin-proiecte-finantate-din-fonduri-europene-doua-proiecte-vizeaza-reabilitarea-gradinitei-din-ciorani-si-dotarea-svsu","status":"publish","type":"post","link":"https:\/\/analyse.optim.biz\/?p=1436784","title":{"rendered":"Pufe\u0219ti face pa\u0219i spre modernizare prin proiecte finan\u021bate din fonduri europene! Dou\u0103 proiecte vizeaz\u0103 reabilitarea gr\u0103dini\u021bei din Ciorani \u0219i dotarea SVSU"},"content":{"rendered":"<article id=\"template-id-121345\" class=\"post-121345 tdb_templates type-tdb_templates status-publish post\">\n<div id=\"tdi_73\" class=\"tdc-zone\">\n<div class=\"tdc_zone tdi_74  wpb_row td-pb-row\">\n<div id=\"tdi_75\" class=\"tdc-row\">\n<div class=\"vc_row tdi_76  wpb_row td-pb-row\">\n<div class=\"vc_column tdi_78  wpb_column vc_column_container tdc-column td-pb-span12\">\n<div class=\"wpb_wrapper\">\n<div class=\"td_block_wrap td-a-rec td-a-rec-id-custom-spot td-a-rec-img tdi_79 td_block_template_1\">\n<div><a href target=\"blank\" class=\"td_spot_img_all\"><img loading=\"lazy\" decoding=\"async\" src=\"https:\/\/analyse.optim.biz\/wp-content\/uploads\/2026\/01\/banner-aurora-multimarket-1200x200px-39.jpg\" alt=\"spot_img\" width=\"1200\" height=\"200\" title=\"banner-aurora-multimarket-1200x200px-39\"><\/a><a href target=\"blank\" class=\"td_spot_img_mob\"><img loading=\"lazy\" decoding=\"async\" src=\"https:\/\/analyse.optim.biz\/wp-content\/uploads\/2026\/01\/banner-aurora-multimarket-350x350px-39.jpg\" alt=\"spot_img\" width=\"300\" height=\"350\" title=\"banner-aurora-multimarket-350x350px-39\"><\/a><\/div>\n<\/div>\n<\/div>\n<\/div>\n<\/div>\n<\/div>\n<div id=\"tdi_80\" class=\"tdc-row\">\n<div class=\"vc_row tdi_81  wpb_row td-pb-row\">\n<div class=\"vc_column tdi_83  wpb_column vc_column_container tdc-column td-pb-span12\">\n<div class=\"wpb_wrapper\">\n<div class=\"td_block_wrap tdb_breadcrumbs tdi_84 td-pb-border-top td_block_template_1 tdb-breadcrumbs \" data-td-block-uid=\"tdi_84\">\n<div class=\"tdb-block-inner td-fix-index\"><span><a title class=\"tdb-entry-crumb\" href=\"https:\/\/www.jurnaldevrancea.ro\/\">Acas\u0103<\/a><\/span><span><a title=\"Vede\u021bi toate articolele \u00een Actualitate\" class=\"tdb-entry-crumb\" href=\"https:\/\/www.jurnaldevrancea.ro\/actualitate\/\">Actualitate<\/a><\/span><span class=\"tdb-bred-no-url-last\">Pufe\u0219ti face pa\u0219i spre modernizare prin proiecte finan\u021bate din fonduri europene! Dou\u0103 proiecte vizeaz\u0103 reabilitarea gr\u0103dini\u021bei&#8230;<\/span><\/div>\n<\/div>\n<div class=\"td_block_wrap tdb_single_categories tdi_85 td-pb-border-top td_block_template_1 \" data-td-block-uid=\"tdi_85\">\n<div class=\"tdb-category td-fix-index\"><a class=\"tdb-entry-category\" href=\"https:\/\/www.jurnaldevrancea.ro\/actualitate\/\">Actualitate<\/a><a class=\"tdb-entry-category\" href=\"https:\/\/www.jurnaldevrancea.ro\/administratie\/\">Administra\u021bie<\/a><\/div>\n<\/div>\n<div class=\"td_block_wrap tdb_title tdi_86 tdb-single-title td-pb-border-top td_block_template_1\" data-td-block-uid=\"tdi_86\">\n<div class=\"tdb-block-inner td-fix-index\">\n<h2 class=\"tdb-title-text\">Pufe\u0219ti face pa\u0219i spre modernizare prin proiecte finan\u021bate din fonduri europene! Dou\u0103 proiecte vizeaz\u0103 reabilitarea gr\u0103dini\u021bei din Ciorani \u0219i dotarea SVSU<\/h2>\n<\/div>\n<\/div>\n<div class=\"vc_row_inner tdi_88  vc_row vc_inner wpb_row td-pb-row\">\n<div class=\"vc_column_inner tdi_90  wpb_column vc_column_container tdc-inner-column td-pb-span3\">\n<div class=\"vc_column-inner\">\n<div class=\"wpb_wrapper\">\n<div class=\"td_block_wrap tdb_single_author tdi_91 td-pb-border-top td_block_template_1 tdb-post-meta\" data-td-block-uid=\"tdi_91\">\n<div class=\"tdb-block-inner td-fix-index\">\n<div class=\"tdb-author-name-wrap\"><span class=\"tdb-author-by\">DE:<\/span><a class=\"tdb-author-name\" href=\"https:\/\/www.jurnaldevrancea.ro\/author\/editor-online\/\">Editor Online<\/a><\/div>\n<\/div>\n<\/div>\n<\/div>\n<\/div>\n<\/div>\n<div class=\"vc_column_inner tdi_93  wpb_column vc_column_container tdc-inner-column td-pb-span3\">\n<div class=\"vc_column-inner\">\n<div class=\"wpb_wrapper\">\n<div class=\"td_block_wrap tdb_single_date tdi_94 td-pb-border-top td_block_template_1 tdb-post-meta\" data-td-block-uid=\"tdi_94\">\n<div class=\"tdb-block-inner td-fix-index\"><time class=\"entry-date updated td-module-date\" datetime=\"2025-10-22T11:58:36+02:00\">22\/10\/2025<\/time><\/div>\n<\/div>\n<\/div>\n<\/div>\n<\/div>\n<div class=\"vc_column_inner tdi_96  wpb_column vc_column_container tdc-inner-column td-pb-span3\">\n<div class=\"vc_column-inner\">\n<div class=\"wpb_wrapper\">\n<div class=\"td_block_wrap tdb_single_post_views tdi_97 td-pb-border-top td_block_template_1 tdb-post-meta\" data-td-block-uid=\"tdi_97\">\n<div class=\"tdb-block-inner td-fix-index\"><span class=\"td-nr-views-154290\">777<\/span><\/div>\n<\/div>\n<\/div>\n<\/div>\n<\/div>\n<div class=\"vc_column_inner tdi_99  wpb_column vc_column_container tdc-inner-column td-pb-span3\">\n<div class=\"vc_column-inner\">\n<div class=\"wpb_wrapper\">\n<div class=\"td_block_wrap tdb_single_post_share tdi_100  td-pb-border-top td_block_template_1\" data-td-block-uid=\"tdi_100\">\n<div id=\"tdi_100\" class=\"td-post-sharing tdb-block td-ps-bg td-ps-notext td-ps-bar td-post-sharing-style5 \">\n<div class=\"td-post-sharing-visible\"><a class=\"td-social-sharing-button td-social-sharing-button-js td-social-network td-social-facebook\" href=\"https:\/\/www.facebook.com\/sharer.php?u=https%3A%2F%2Fwww.jurnaldevrancea.ro%2Fpufesti-face-pasi-spre-modernizare-prin-proiecte-finantate-din-fonduri-europene-doua-proiecte-vizeaza-reabilitarea-gradinitei-din-ciorani-si-dotarea-svsu%2F\" title=\"Facebook\"><\/p>\n<div class=\"td-social-but-text\">Facebook<\/div>\n<p><\/a><a class=\"td-social-sharing-button td-social-sharing-button-js td-social-network td-social-twitter\" href=\"https:\/\/twitter.com\/intent\/tweet?text=Pufe%C8%99ti+face+pa%C8%99i+spre+modernizare+prin+proiecte+finan%C8%9Bate+din+fonduri+europene%21+Dou%C4%83+proiecte+vizeaz%C4%83+reabilitarea+gr%C4%83dini%C8%9Bei+din+Ciorani+%C8%99i+dotarea+SVSU&amp;url=https%3A%2F%2Fwww.jurnaldevrancea.ro%2Fpufesti-face-pasi-spre-modernizare-prin-proiecte-finantate-din-fonduri-europene-doua-proiecte-vizeaza-reabilitarea-gradinitei-din-ciorani-si-dotarea-svsu%2F&amp;via=Jurnal+de+Vrancea+-+Stiri+din+Vrancea+si+Focsani\" title=\"Twitter\"><\/p>\n<div class=\"td-social-but-text\">Twitter<\/div>\n<p><\/a><a class=\"td-social-sharing-button td-social-sharing-button-js td-social-network td-social-whatsapp\" href=\"https:\/\/api.whatsapp.com\/send?text=Pufe%C8%99ti+face+pa%C8%99i+spre+modernizare+prin+proiecte+finan%C8%9Bate+din+fonduri+europene%21+Dou%C4%83+proiecte+vizeaz%C4%83+reabilitarea+gr%C4%83dini%C8%9Bei+din+Ciorani+%C8%99i+dotarea+SVSU%20%0A%0A%20https:\/\/www.jurnaldevrancea.ro\/pufesti-face-pasi-spre-modernizare-prin-proiecte-finantate-din-fonduri-europene-doua-proiecte-vizeaza-reabilitarea-gradinitei-din-ciorani-si-dotarea-svsu\/\" title=\"WhatsApp\"><\/p>\n<div class=\"td-social-but-text\">WhatsApp<\/div>\n<p><\/a><a class=\"td-social-sharing-button td-social-sharing-button-js td-social-network td-social-print\" href=\"https:\/\/www.jurnaldevrancea.ro\/pufesti-face-pasi-spre-modernizare-prin-proiecte-finantate-din-fonduri-europene-doua-proiecte-vizeaza-reabilitarea-gradinitei-din-ciorani-si-dotarea-svsu\/\" title=\"Imprimare\"><\/p>\n<div class=\"td-social-but-text\">Imprimare<\/div>\n<p><\/a><\/div>\n<\/div>\n<\/div>\n<\/div>\n<\/div>\n<\/div>\n<\/div>\n<\/div>\n<\/div>\n<\/div>\n<\/div>\n<div id=\"tdi_101\" class=\"tdc-row\">\n<div class=\"vc_row tdi_102  wpb_row td-pb-row\">\n<div class=\"vc_column tdi_104  wpb_column vc_column_container tdc-column td-pb-span8\">\n<div class=\"wpb_wrapper\">\n<div class=\"td_block_wrap tdb_single_featured_image tdi_105 tdb-content-horiz-left td-pb-border-top td_block_template_1\" data-td-block-uid=\"tdi_105\">\n<div class=\"tdb-block-inner td-fix-index\"><img loading=\"lazy\" decoding=\"async\" width=\"696\" height=\"365\" class=\"entry-thumb\" src=\"https:\/\/analyse.optim.biz\/wp-content\/uploads\/2026\/01\/gradinita-pufesti-1-696x365-1.jpg\" title=\"gradinita pufesti (1)\"><\/div>\n<\/div>\n<div class=\"td_block_wrap tdb_single_content tdi_106 td-pb-border-top td_block_template_1 td-post-content tagdiv-type\" data-td-block-uid=\"tdi_106\">\n<div class=\"tdb-block-inner td-fix-index\">\n<p>Prim\u0103ria Pufe\u0219ti continu\u0103 parcursul pentru dezvoltarea comunei, accesarea de fonduri europene fiind parte integrant\u0103 a programului stabilit pentru modernizarea tuturor localit\u0103\u021bilor componente.<\/p>\n<p>\u00cen acest sens, prin intermediul Grupului de Ac\u021biune Local\u0103 (GAL) \u201eP\u0103durile Dacice\u201d, administra\u021bia local\u0103 tocmai a depus dou\u0103 proiecte la Agen\u021bia pentru Finan\u021barea Investi\u021biilor Rurale (AFIR) \u00een vederea ob\u021binerii finan\u021b\u0103rii a dou\u0103 obiective importante pentru Pufe\u0219ti.<\/p>\n<p>Banii europeni urmeaz\u0103 s\u0103 fie folosi\u021bi pentru reabilitarea energetic\u0103 a gr\u0103dini\u021bei din Ciorani \u0219i pentru achizi\u021bionarea unei autospeciale de lucru la \u00een\u0103l\u021bime (nacel\u0103), utilaj care va intra \u00een dotarea Serviciului Voluntar pentru Situa\u021bii de Urgen\u021b\u0103 (SVSU) Pufe\u0219ti.<\/p>\n<p>Dac\u0103 ne referim la gr\u0103dini\u021b\u0103, lucr\u0103rile prevazute pentru execu\u021bie presupun schimbarea anevelop\u0103rii termice, \u00eencalzire \u00een pardoseal\u0103, \u00eenlocuirea acoperi\u0219ului, refacerea grupurilor sanitare. Practic, toate acestera sunt de fapt lucr\u0103ri de repara\u021bii capitale, nu doar de eficientizare energetic\u0103.<\/p>\n<source srcset=\"https:\/\/www.jurnaldevrancea.ro\/wp\/wp-content\/webp-express\/webp-images\/uploads\/2025\/10\/gradinita-pufesti-2.jpg.webp 800w, https:\/\/www.jurnaldevrancea.ro\/wp\/wp-content\/webp-express\/webp-images\/uploads\/2025\/10\/gradinita-pufesti-2-768x402.jpg.webp 768w, https:\/\/www.jurnaldevrancea.ro\/wp\/wp-content\/webp-express\/webp-images\/uploads\/2025\/10\/gradinita-pufesti-2-150x79.jpg.webp 150w, https:\/\/www.jurnaldevrancea.ro\/wp\/wp-content\/webp-express\/webp-images\/uploads\/2025\/10\/gradinita-pufesti-2-300x157.jpg.webp 300w, https:\/\/www.jurnaldevrancea.ro\/wp\/wp-content\/webp-express\/webp-images\/uploads\/2025\/10\/gradinita-pufesti-2-696x365.jpg.webp 696w\" sizes=\"(max-width: 800px) 100vw, 800px\" type=\"image\/webp\" \/>\n<p>Mai mult, gr\u0103dini\u021ba este prins\u0103 \u00eentr-un proiect finan\u021bat cu fonduri europene prin Ministerul Energiei, proiect prin care se vor instala panouri fotovoltaice ce vor diminua consumul de energie electric\u0103 a centralei care folose\u0219te aceast\u0103 surs\u0103 de energie nepoluant\u0103.<\/p>\n<p>\u00cen ceea ce prive\u0219te dotarea SVSU cu utilajul amintit, trebuie amintit c\u0103 autospeciala de lucru la \u00een\u0103l\u021bime va cre\u0219te sim\u021bitor operativitatea \u00een cazul unor situa\u021bii de urgen\u021b\u0103 cum ar fi stingerea incendiilor \u0219i \u00eendep\u0103rtarea unor arbori de pe domeniul public care pun \u00een pericol cet\u0103\u021benii sau circula\u021bia rutier\u0103.<\/p>\n<p><strong>Consilierii AUR, opozi\u021bie \u00een detrimentul comunit\u0103\u021bii<\/strong><\/p>\n<p>Prim\u0103ria consider\u0103 c\u0103 are \u0219anse s\u0103 c\u00e2\u0219tige cel pu\u021bin un proiect la finan\u021bare, poate ambele \u00een cazul unei supracontract\u0103ri sau a nefolosirii banilor de alte GAL-uri. Cu toate acestea, se pare c\u0103 nu to\u021bi consilierii locali din Pufe\u0219ti sunt de acord cu asemenea obiective. Potrivit informa\u021biilor oficiale, ale\u0219ii locali ai AUR au considerat c\u0103 Pufe\u0219tiul nu are nevoie de asemenea proiecte \u0219i nu au votat pentru realizarea lor, culmea, de\u0219i chiar ei, ca cet\u0103\u021beni ai comunei, vor fi beneficiari ai acestor investi\u021bii cu bani europeni.<\/p>\n<p><strong><em>\u201eCet\u0103\u021benii comunei ar trebuie s\u0103 \u0219tie c\u0103 aceste proiecte nu au fost votate de consilierii AUR. Deasemenea, ace\u0219tia nu au fost de acord cu alocarea unei sume din excedent pentru continuarea lucr\u0103rilor la Centrul de zi pentru copiii in situa\u021bii de risc, \u00een ciuda faptului c\u0103 banii ar urma s\u0103 fie recupera\u021bi deoarece proiectul este finan\u021bat din fonduri europene\u201d<\/em><\/strong>, a \u021binut s\u0103 sublinieze primarul comunei Pufe\u0219ti, Nicolae Damian.<\/p>\n<p>Se pare c\u0103 nu toat\u0103 lumea vrea \u00een Europa\u2026 unii se simt mai apropia\u021bi de alte valori dec\u00e2t cele occidentale. La urma urmei, s\u0103 fie s\u0103n\u0103to\u0219i, democra\u021bia nu este pentru toat\u0103 lumea.<\/p>\n<\/div>\n<\/div>\n<div class=\"td_block_wrap td-a-rec td-a-rec-id-custom-spot td-a-rec-img tdi_107 td_block_template_1\">\n<div><a href=\"https:\/\/www.tomitatravel.ro\/\" target=\"blank\" class=\"td_spot_img_all\"><img loading=\"lazy\" decoding=\"async\" src=\"https:\/\/analyse.optim.biz\/wp-content\/uploads\/2026\/01\/banner-tomita_travel-focsani-1200x200-1-39.jpg\" alt=\"Tomi\u021b\u0103 Travel - Agen\u021bie de turism Foc\u0219ani\" width=\"1200\" height=\"200\" title=\"banner-tomita_travel-focsani-1200x200-1-39\"><\/a><a href=\"https:\/\/www.tomitatravel.ro\/\" target=\"blank\" class=\"td_spot_img_mob\"><img loading=\"lazy\" decoding=\"async\" src=\"https:\/\/analyse.optim.biz\/wp-content\/uploads\/2026\/01\/banner-tomita_travel-focsani-350x350-1-39.jpg\" alt=\"Tomi\u021b\u0103 Travel - Agen\u021bie de turism Foc\u0219ani\" width=\"300\" height=\"350\" title=\"banner-tomita_travel-focsani-350x350-1-39\"><\/a><\/div>\n<\/div>\n<div class=\"td_block_wrap td-a-rec td-a-rec-id-custom-spot td-a-rec-img tdi_108 td_block_template_1\">\n<div><a href=\"https:\/\/www.dezromania.ro\/categorii\/category\/14-produse.html\" target=\"blank\" class=\"td_spot_img_all\"><img loading=\"lazy\" decoding=\"async\" src=\"https:\/\/analyse.optim.biz\/wp-content\/uploads\/2026\/01\/banner-1200x200-sipotehnokar-auto-avariate-2025-39.jpg\" alt=\"spot_img\" width=\"1200\" height=\"200\" title=\"banner-1200x200-sipotehnokar-auto-avariate-2025-39\"><\/a><a href=\"https:\/\/www.dezromania.ro\/categorii\/category\/14-produse.html\" target=\"blank\" class=\"td_spot_img_mob\"><img loading=\"lazy\" decoding=\"async\" src=\"https:\/\/analyse.optim.biz\/wp-content\/uploads\/2026\/01\/banner-sipotehnokar-300xx220px-2025-37.jpg\" alt=\"spot_img\" width=\"300\" height=\"220\" title=\"banner-sipotehnokar-300xx220px-2025-37\"><\/a><\/div>\n<\/div>\n<div class=\"td_block_wrap td-a-rec td-a-rec-id-custom-spot td-a-rec-img tdi_109 td_block_template_1\">\n<div><a href=\"https:\/\/haipromo.ro\/\" target=\"blank\" class=\"td_spot_img_all\"><img loading=\"lazy\" decoding=\"async\" src=\"https:\/\/analyse.optim.biz\/wp-content\/uploads\/2026\/01\/banner-hai-promo-1200x200px-39.jpg\" alt=\"HAI PROMO\" width=\"1200\" height=\"200\" title=\"banner-hai-promo-1200x200px-39\"><\/a><a href=\"https:\/\/haipromo.ro\/\" target=\"blank\" class=\"td_spot_img_mob\"><img loading=\"lazy\" decoding=\"async\" src=\"https:\/\/analyse.optim.biz\/wp-content\/uploads\/2026\/01\/banner-hai-promo-350x350px-39.jpg\" alt=\"HAI PROMO\" width=\"350\" height=\"350\" title=\"banner-hai-promo-350x350px-39\"><\/a><\/div>\n<\/div>\n<\/div>\n<\/div>\n<div class=\"vc_column tdi_112  wpb_column vc_column_container tdc-column td-pb-span4\">\n<div class=\"wpb_wrapper\">\n<div class=\"wpb_wrapper td_block_wrap vc_widget_sidebar tdi_114 \">\n<aside id=\"custom_html-12\" class=\"widget_text td_block_template_1 widget custom_html-12 widget_custom_html\">\n<h4 class=\"block-title\"><span>\u2013 PUBLICITATE \u2013<\/span><\/h4>\n<div class=\"textwidget custom-html-widget\"><a href=\"https:\/\/www.facebook.com\/TractariAutoVranceaSOS24\"><source srcset=\"https:\/\/www.jurnaldevrancea.ro\/wp\/wp-content\/webp-express\/webp-images\/uploads\/2024\/11\/BANNER-sos-24-2024-300x300-px.jpg.webp\" type=\"image\/webp\" \/><\/a><a href=\"https:\/\/haipromo.ro\/\"><source srcset=\"https:\/\/www.jurnaldevrancea.ro\/wp\/wp-content\/webp-express\/webp-images\/uploads\/2024\/06\/banner-HAI-PROMO-350x350px.jpg.webp\" type=\"image\/webp\" \/><\/a><a href=\"https:\/\/www.facebook.com\/acnasygcons\"><source srcset=\"https:\/\/www.jurnaldevrancea.ro\/wp\/wp-content\/webp-express\/webp-images\/uploads\/2025\/08\/Banner-350x350px-Asyg-Consulting.jpg.webp\" type=\"image\/webp\" \/><\/a><\/div>\n<\/aside>\n<\/div>\n<div class=\"td_block_wrap tdb_single_tags tdi_115 td-pb-border-top td_block_template_1\" data-td-block-uid=\"tdi_115\">\n<div class=\"tdb-block-inner td-fix-index\">\n<ul class=\"tdb-tags\">\n<li><span>Tags<\/span><\/li>\n<li><a href=\"https:\/\/www.jurnaldevrancea.ro\/tag\/administratie-locala\/\">administratie locala<\/a><\/li>\n<li><a href=\"https:\/\/www.jurnaldevrancea.ro\/tag\/adrian-damian\/\">adrian damian<\/a><\/li>\n<li><a href=\"https:\/\/www.jurnaldevrancea.ro\/tag\/fonduri-europene\/\">fonduri europene<\/a><\/li>\n<li><a href=\"https:\/\/www.jurnaldevrancea.ro\/tag\/investitii\/\">investitii<\/a><\/li>\n<li><a href=\"https:\/\/www.jurnaldevrancea.ro\/tag\/pufesti\/\">pufesti<\/a><\/li>\n<\/ul>\n<\/div>\n<\/div>\n<div class=\"tdm_block td_block_wrap tdm_block_column_title tdi_116 tdm-content-horiz-center td-pb-border-top td_block_template_1\" data-td-block-uid=\"tdi_116\">\n<div class=\"td-block-row\">\n<div class=\"td-block-span12 tdm-col\">\n<div class=\"tds-title tds-title1 td-fix-index tdi_117 \">\n<h3 class=\"tdm-title tdm-title-md\">ARTICOLE SIMILARE<\/h3>\n<\/div>\n<\/div>\n<\/div>\n<\/div>\n<div class=\"td_block_wrap td_flex_block_1 tdi_118 td-pb-border-top td_block_template_1 td_flex_block\" data-td-block-uid=\"tdi_118\">\n<div id=\"tdi_118\" class=\"td_block_inner td-mc1-wrap\">\n<div class=\"td_module_flex td_module_flex_1 td_module_wrap td-animation-stack td-cpt-post\">\n<div class=\"td-module-container td-category-pos-above\">\n<div class=\"td-module-meta-info\"><a href=\"https:\/\/www.jurnaldevrancea.ro\/actualitate\/\" class=\"td-post-category\">Actualitate<\/a><\/p>\n<h3 class=\"entry-title td-module-title\"><a href=\"https:\/\/www.jurnaldevrancea.ro\/video-15-kilograme-de-droguri-descoperite-de-politistii-vranceni-intr-un-bolid-de-lux-mai-multe-persoane-au-fost-retinute\/\" rel=\"bookmark\" title=\"VIDEO 15 kilograme de droguri descoperite de poli\u021bi\u0219tii vr\u00e2nceni \u00eentr-un bolid de lux! Mai multe persoane au fost re\u021binute!\">VIDEO 15 kilograme de droguri descoperite de poli\u021bi\u0219tii vr\u00e2nceni \u00eentr-un bolid de lux! Mai multe persoane au fost re\u021binute!<\/a><\/h3>\n<div class=\"td-excerpt\">Poli\u021bi\u0219tii Serviciului de Combatere a Criminalit\u0103\u021bii Organizate Vrancea, \u00eempreun\u0103 cu procurorii Direc\u021biei de Investigare&#8230;<\/div>\n<\/div>\n<\/div>\n<\/div>\n<div class=\"td_module_flex td_module_flex_1 td_module_wrap td-animation-stack td-cpt-post\">\n<div class=\"td-module-container td-category-pos-above\">\n<div class=\"td-module-meta-info\"><a href=\"https:\/\/www.jurnaldevrancea.ro\/actualitate\/\" class=\"td-post-category\">Actualitate<\/a><\/p>\n<h3 class=\"entry-title td-module-title\"><a href=\"https:\/\/www.jurnaldevrancea.ro\/atentie-soferi-restrictii-de-circulatie-pe-a7-focsani-bacau\/\" rel=\"bookmark\" title=\"ATEN\u021aIE, \u0219oferi! Restric\u021bii de circula\u021bie pe A7 Foc\u0219ani-Bac\u0103u\">ATEN\u021aIE, \u0219oferi! Restric\u021bii de circula\u021bie pe A7 Foc\u0219ani-Bac\u0103u<\/a><\/h3>\n<div class=\"td-excerpt\">Direc\u021bia Regional\u0103 de Drumuri \u0219i Poduri\u00a0 Buz\u0103u (DRDP) anun\u021b\u0103 c\u0103 miercuri, 28 ianuarie, se&#8230;<\/div>\n<\/div>\n<\/div>\n<\/div>\n<\/div>\n<\/div>\n<\/div>\n<\/div>\n<\/div>\n<\/div>\n<div id=\"tdi_119\" class=\"tdc-row\">\n<div class=\"vc_row tdi_120  wpb_row td-pb-row\">\n<div class=\"vc_column tdi_122  wpb_column vc_column_container tdc-column td-pb-span12\">\n<div class=\"wpb_wrapper\">\n<div class=\"tdm_block td_block_wrap tdm_block_column_title tdi_123 tdm-content-horiz-center td-pb-border-top td_block_template_1\" data-td-block-uid=\"tdi_123\">\n<div class=\"td-block-row\">\n<div class=\"td-block-span12 tdm-col\">\n<div class=\"tds-title tds-title1 td-fix-index tdi_124 \">\n<h3 class=\"tdm-title tdm-title-md\">ARTICOLE POPULARE<\/h3>\n<\/div>\n<\/div>\n<\/div>\n<\/div>\n<\/div>\n<\/div>\n<\/div>\n<\/div>\n<div id=\"tdi_125\" class=\"tdc-row\">\n<div class=\"vc_row tdi_126  wpb_row td-pb-row\">\n<div class=\"vc_column tdi_128  wpb_column vc_column_container tdc-column td-pb-span12\">\n<div class=\"wpb_wrapper\">\n<div class=\"td_block_wrap td_flex_block_1 tdi_129 td-pb-border-top td_block_template_1 td_flex_block\" data-td-block-uid=\"tdi_129\">\n<div id=\"tdi_129\" class=\"td_block_inner td-mc1-wrap\">\n<div class=\"td_module_flex td_module_flex_1 td_module_wrap td-animation-stack td-cpt-post\">\n<div class=\"td-module-container td-category-pos-above\">\n<div class=\"td-module-meta-info\"><a href=\"https:\/\/www.jurnaldevrancea.ro\/actualitate\/\" class=\"td-post-category\">Actualitate<\/a><\/p>\n<h3 class=\"entry-title td-module-title\"><a href=\"https:\/\/www.jurnaldevrancea.ro\/sofer-mort-dupa-ce-a-intrat-cu-masina-intr-un-copac\/\" rel=\"bookmark\" title=\"\u0218ofer mort dup\u0103 ce a intrat cu ma\u0219ina \u00eentr-un copac\">\u0218ofer mort dup\u0103 ce a intrat cu ma\u0219ina \u00eentr-un copac<\/a><\/h3>\n<div class=\"td-excerpt\">Un accident mortal s-a produs vineri (23 ianuarie) diminea\u021b\u0103, \u00een jurul orei 10.00, pe&#8230;<\/div>\n<div class=\"td-editor-date\"><span class=\"td-author-date\"><span class=\"td-post-date\"><time class=\"entry-date updated td-module-date\" datetime=\"2026-01-23T11:38:17+02:00\">23\/01\/2026<\/time><\/span><\/span><\/div>\n<\/div>\n<\/div>\n<\/div>\n<div class=\"td_module_flex td_module_flex_1 td_module_wrap td-animation-stack td-cpt-post\">\n<div class=\"td-module-container td-category-pos-above\">\n<div class=\"td-module-meta-info\"><a href=\"https:\/\/www.jurnaldevrancea.ro\/actualitate\/\" class=\"td-post-category\">Actualitate<\/a><\/p>\n<h3 class=\"entry-title td-module-title\"><a href=\"https:\/\/www.jurnaldevrancea.ro\/incredibil-adolescent-15-ani-ucis-si-ingropat-intr-o-gradina-de-prietenii-sai-minori-si-ei\/\" rel=\"bookmark\" title=\"INCREDIBIL Adolescent de 15 ani ucis \u0219i \u00eengropat \u00eentr-o gr\u0103din\u0103 de prietenii s\u0103i, minori \u0219i ei\">INCREDIBIL Adolescent de 15 ani ucis \u0219i \u00eengropat \u00eentr-o gr\u0103din\u0103 de prietenii s\u0103i, minori \u0219i ei<\/a><\/h3>\n<div class=\"td-excerpt\">Un adolescent \u00een v\u00e2rst\u0103 de 15 ani din Cenei, jude\u021bul Timi\u0219 a fost dat&#8230;<\/div>\n<div class=\"td-editor-date\"><span class=\"td-author-date\"><span class=\"td-post-date\"><time class=\"entry-date updated td-module-date\" datetime=\"2026-01-21T12:35:19+02:00\">21\/01\/2026<\/time><\/span><\/span><\/div>\n<\/div>\n<\/div>\n<\/div>\n<div class=\"td_module_flex td_module_flex_1 td_module_wrap td-animation-stack td-cpt-post\">\n<div class=\"td-module-container td-category-pos-above\">\n<div class=\"td-module-meta-info\"><a href=\"https:\/\/www.jurnaldevrancea.ro\/actualitate\/\" class=\"td-post-category\">Actualitate<\/a><\/p>\n<h3 class=\"entry-title td-module-title\"><a href=\"https:\/\/www.jurnaldevrancea.ro\/natasa-simion-fost-director-colegiului-pedagogic-spiru-haret-din-focsani-trimisa-in-judecata-pentru-abuz-in-serviciu\/\" rel=\"bookmark\" title=\"Nata\u0219a Simion, fost director al Colegiului Pedagogic \u201eSpiru Haret\u201d din Foc\u0219ani, trimis\u0103 \u00een judecat\u0103 pentru abuz \u00een serviciu\">Nata\u0219a Simion, fost director al Colegiului Pedagogic \u201eSpiru Haret\u201d din Foc\u0219ani, trimis\u0103 \u00een judecat\u0103 pentru abuz \u00een serviciu<\/a><\/h3>\n<div class=\"td-excerpt\">Procurorii au dispus trimiterea \u00een judecat\u0103 a Simonei Nata\u0219a, p\u00e2n\u0103 de cur\u00e2nd director al&#8230;<\/div>\n<div class=\"td-editor-date\"><span class=\"td-author-date\"><span class=\"td-post-date\"><time class=\"entry-date updated td-module-date\" datetime=\"2026-01-23T09:31:18+02:00\">23\/01\/2026<\/time><\/span><\/span><\/div>\n<\/div>\n<\/div>\n<\/div>\n<\/div>\n<\/div>\n<\/div>\n<\/div>\n<\/div>\n<\/div>\n<\/div>\n<\/div>\n<p><span class=\"td-page-meta\"><\/span><span class=\"td-page-meta\"><span class=\"td-page-meta\"><\/span><\/span><span class=\"td-page-meta\"><\/span><\/article>\n<p> Source URL: https:\/\/www.jurnaldevrancea.ro\/pufesti-face-pasi-spre-modernizare-prin-proiecte-finantate-din-fonduri-europene-doua-proiecte-vizeaza-reabilitarea-gradinitei-din-ciorani-si-dotarea-svsu\/<\/p>\n","protected":false},"excerpt":{"rendered":"<p>Acas\u0103ActualitatePufe\u0219ti face pa\u0219i spre modernizare prin proiecte finan\u021bate din fonduri europene! Dou\u0103 proiecte vizeaz\u0103 reabilitarea gr\u0103dini\u021bei&#8230; ActualitateAdministra\u021bie Pufe\u0219ti face pa\u0219i spre modernizare prin proiecte finan\u021bate din fonduri europene! Dou\u0103 proiecte vizeaz\u0103 reabilitarea gr\u0103dini\u021bei din Ciorani \u0219i dotarea SVSU DE:Editor Online 22\/10\/2025 777 Facebook Twitter WhatsApp Imprimare Prim\u0103ria Pufe\u0219ti continu\u0103 parcursul pentru dezvoltarea comunei, accesarea de [&hellip;]<\/p>\n","protected":false},"author":1,"featured_media":0,"comment_status":"open","ping_status":"","sticky":false,"template":"","format":"standard","meta":{"footnotes":""},"categories":[89],"tags":[207],"class_list":["post-1436784","post","type-post","status-publish","format-standard","hentry","category-romania","tag-jurnaldevrancea-ro"],"_links":{"self":[{"href":"https:\/\/analyse.optim.biz\/index.php?rest_route=\/wp\/v2\/posts\/1436784","targetHints":{"allow":["GET"]}}],"collection":[{"href":"https:\/\/analyse.optim.biz\/index.php?rest_route=\/wp\/v2\/posts"}],"about":[{"href":"https:\/\/analyse.optim.biz\/index.php?rest_route=\/wp\/v2\/types\/post"}],"author":[{"embeddable":true,"href":"https:\/\/analyse.optim.biz\/index.php?rest_route=\/wp\/v2\/users\/1"}],"replies":[{"embeddable":true,"href":"https:\/\/analyse.optim.biz\/index.php?rest_route=%2Fwp%2Fv2%2Fcomments&post=1436784"}],"version-history":[{"count":0,"href":"https:\/\/analyse.optim.biz\/index.php?rest_route=\/wp\/v2\/posts\/1436784\/revisions"}],"wp:attachment":[{"href":"https:\/\/analyse.optim.biz\/index.php?rest_route=%2Fwp%2Fv2%2Fmedia&parent=1436784"}],"wp:term":[{"taxonomy":"category","embeddable":true,"href":"https:\/\/analyse.optim.biz\/index.php?rest_route=%2Fwp%2Fv2%2Fcategories&post=1436784"},{"taxonomy":"post_tag","embeddable":true,"href":"https:\/\/analyse.optim.biz\/index.php?rest_route=%2Fwp%2Fv2%2Ftags&post=1436784"}],"curies":[{"name":"wp","href":"https:\/\/api.w.org\/{rel}","templated":true}]}}