{"id":1436724,"date":"2025-10-23T12:18:16","date_gmt":"2025-10-23T09:18:16","guid":{"rendered":"https:\/\/analyse.optim.biz\/?p=1436724"},"modified":"2025-10-23T12:18:16","modified_gmt":"2025-10-23T09:18:16","slug":"retea-de-gaze-naturale-pentru-locuitorii-din-suraia-si-biliesti","status":"publish","type":"post","link":"https:\/\/analyse.optim.biz\/?p=1436724","title":{"rendered":"Re\u021bea de gaze naturale pentru locuitorii din Suraia \u0219i Bilie\u0219ti"},"content":{"rendered":"<article id=\"template-id-121345\" class=\"post-121345 tdb_templates type-tdb_templates status-publish post\">\n<div id=\"tdi_73\" class=\"tdc-zone\">\n<div class=\"tdc_zone tdi_74  wpb_row td-pb-row\">\n<div id=\"tdi_75\" class=\"tdc-row\">\n<div class=\"vc_row tdi_76  wpb_row td-pb-row\">\n<div class=\"vc_column tdi_78  wpb_column vc_column_container tdc-column td-pb-span12\">\n<div class=\"wpb_wrapper\">\n<div class=\"td_block_wrap td-a-rec td-a-rec-id-custom-spot td-a-rec-img tdi_79 td_block_template_1\">\n<div><a href target=\"blank\" class=\"td_spot_img_all\"><img loading=\"lazy\" decoding=\"async\" src=\"https:\/\/analyse.optim.biz\/wp-content\/uploads\/2026\/01\/banner-aurora-multimarket-1200x200px-38.jpg\" alt=\"spot_img\" width=\"1200\" height=\"200\" title=\"banner-aurora-multimarket-1200x200px-38\"><\/a><a href target=\"blank\" class=\"td_spot_img_mob\"><img loading=\"lazy\" decoding=\"async\" src=\"https:\/\/analyse.optim.biz\/wp-content\/uploads\/2026\/01\/banner-aurora-multimarket-350x350px-38.jpg\" alt=\"spot_img\" width=\"300\" height=\"350\" title=\"banner-aurora-multimarket-350x350px-38\"><\/a><\/div>\n<\/div>\n<\/div>\n<\/div>\n<\/div>\n<\/div>\n<div id=\"tdi_80\" class=\"tdc-row\">\n<div class=\"vc_row tdi_81  wpb_row td-pb-row\">\n<div class=\"vc_column tdi_83  wpb_column vc_column_container tdc-column td-pb-span12\">\n<div class=\"wpb_wrapper\">\n<div class=\"td_block_wrap tdb_breadcrumbs tdi_84 td-pb-border-top td_block_template_1 tdb-breadcrumbs \" data-td-block-uid=\"tdi_84\">\n<div class=\"tdb-block-inner td-fix-index\"><span><a title class=\"tdb-entry-crumb\" href=\"https:\/\/www.jurnaldevrancea.ro\/\">Acas\u0103<\/a><\/span><span><a title=\"Vede\u021bi toate articolele \u00een Actualitate\" class=\"tdb-entry-crumb\" href=\"https:\/\/www.jurnaldevrancea.ro\/actualitate\/\">Actualitate<\/a><\/span><span class=\"tdb-bred-no-url-last\">Re\u021bea de gaze naturale pentru locuitorii din Suraia \u0219i Bilie\u0219ti<\/span><\/div>\n<\/div>\n<div class=\"td_block_wrap tdb_single_categories tdi_85 td-pb-border-top td_block_template_1 \" data-td-block-uid=\"tdi_85\">\n<div class=\"tdb-category td-fix-index\"><a class=\"tdb-entry-category\" href=\"https:\/\/www.jurnaldevrancea.ro\/actualitate\/\">Actualitate<\/a><a class=\"tdb-entry-category\" href=\"https:\/\/www.jurnaldevrancea.ro\/administratie\/\">Administra\u021bie<\/a><\/div>\n<\/div>\n<div class=\"td_block_wrap tdb_title tdi_86 tdb-single-title td-pb-border-top td_block_template_1\" data-td-block-uid=\"tdi_86\">\n<div class=\"tdb-block-inner td-fix-index\">\n<h2 class=\"tdb-title-text\">Re\u021bea de gaze naturale pentru locuitorii din Suraia \u0219i Bilie\u0219ti<\/h2>\n<\/div>\n<\/div>\n<div class=\"vc_row_inner tdi_88  vc_row vc_inner wpb_row td-pb-row\">\n<div class=\"vc_column_inner tdi_90  wpb_column vc_column_container tdc-inner-column td-pb-span3\">\n<div class=\"vc_column-inner\">\n<div class=\"wpb_wrapper\">\n<div class=\"td_block_wrap tdb_single_author tdi_91 td-pb-border-top td_block_template_1 tdb-post-meta\" data-td-block-uid=\"tdi_91\">\n<div class=\"tdb-block-inner td-fix-index\">\n<div class=\"tdb-author-name-wrap\"><span class=\"tdb-author-by\">DE:<\/span><a class=\"tdb-author-name\" href=\"https:\/\/www.jurnaldevrancea.ro\/author\/editor-online\/\">Editor Online<\/a><\/div>\n<\/div>\n<\/div>\n<\/div>\n<\/div>\n<\/div>\n<div class=\"vc_column_inner tdi_93  wpb_column vc_column_container tdc-inner-column td-pb-span3\">\n<div class=\"vc_column-inner\">\n<div class=\"wpb_wrapper\">\n<div class=\"td_block_wrap tdb_single_date tdi_94 td-pb-border-top td_block_template_1 tdb-post-meta\" data-td-block-uid=\"tdi_94\">\n<div class=\"tdb-block-inner td-fix-index\"><time class=\"entry-date updated td-module-date\" datetime=\"2025-10-23T14:18:16+02:00\">23\/10\/2025<\/time><\/div>\n<\/div>\n<\/div>\n<\/div>\n<\/div>\n<div class=\"vc_column_inner tdi_96  wpb_column vc_column_container tdc-inner-column td-pb-span3\">\n<div class=\"vc_column-inner\">\n<div class=\"wpb_wrapper\">\n<div class=\"td_block_wrap tdb_single_post_views tdi_97 td-pb-border-top td_block_template_1 tdb-post-meta\" data-td-block-uid=\"tdi_97\">\n<div class=\"tdb-block-inner td-fix-index\"><span class=\"td-nr-views-154371\">78<\/span><\/div>\n<\/div>\n<\/div>\n<\/div>\n<\/div>\n<div class=\"vc_column_inner tdi_99  wpb_column vc_column_container tdc-inner-column td-pb-span3\">\n<div class=\"vc_column-inner\">\n<div class=\"wpb_wrapper\">\n<div class=\"td_block_wrap tdb_single_post_share tdi_100  td-pb-border-top td_block_template_1\" data-td-block-uid=\"tdi_100\">\n<div id=\"tdi_100\" class=\"td-post-sharing tdb-block td-ps-bg td-ps-notext td-ps-bar td-post-sharing-style5 \">\n<div class=\"td-post-sharing-visible\"><a class=\"td-social-sharing-button td-social-sharing-button-js td-social-network td-social-facebook\" href=\"https:\/\/www.facebook.com\/sharer.php?u=https%3A%2F%2Fwww.jurnaldevrancea.ro%2Fretea-de-gaze-naturale-pentru-locuitorii-din-suraia-si-biliesti%2F\" title=\"Facebook\"><\/p>\n<div class=\"td-social-but-text\">Facebook<\/div>\n<p><\/a><a class=\"td-social-sharing-button td-social-sharing-button-js td-social-network td-social-twitter\" href=\"https:\/\/twitter.com\/intent\/tweet?text=Re%C8%9Bea+de+gaze+naturale+pentru+locuitorii+din+Suraia+%C8%99i+Bilie%C8%99ti&amp;url=https%3A%2F%2Fwww.jurnaldevrancea.ro%2Fretea-de-gaze-naturale-pentru-locuitorii-din-suraia-si-biliesti%2F&amp;via=Jurnal+de+Vrancea+-+Stiri+din+Vrancea+si+Focsani\" title=\"Twitter\"><\/p>\n<div class=\"td-social-but-text\">Twitter<\/div>\n<p><\/a><a class=\"td-social-sharing-button td-social-sharing-button-js td-social-network td-social-whatsapp\" href=\"https:\/\/api.whatsapp.com\/send?text=Re%C8%9Bea+de+gaze+naturale+pentru+locuitorii+din+Suraia+%C8%99i+Bilie%C8%99ti%20%0A%0A%20https:\/\/www.jurnaldevrancea.ro\/retea-de-gaze-naturale-pentru-locuitorii-din-suraia-si-biliesti\/\" title=\"WhatsApp\"><\/p>\n<div class=\"td-social-but-text\">WhatsApp<\/div>\n<p><\/a><a class=\"td-social-sharing-button td-social-sharing-button-js td-social-network td-social-print\" href=\"https:\/\/www.jurnaldevrancea.ro\/retea-de-gaze-naturale-pentru-locuitorii-din-suraia-si-biliesti\/\" title=\"Imprimare\"><\/p>\n<div class=\"td-social-but-text\">Imprimare<\/div>\n<p><\/a><\/div>\n<\/div>\n<\/div>\n<\/div>\n<\/div>\n<\/div>\n<\/div>\n<\/div>\n<\/div>\n<\/div>\n<\/div>\n<div id=\"tdi_101\" class=\"tdc-row\">\n<div class=\"vc_row tdi_102  wpb_row td-pb-row\">\n<div class=\"vc_column tdi_104  wpb_column vc_column_container tdc-column td-pb-span8\">\n<div class=\"wpb_wrapper\">\n<div class=\"td_block_wrap tdb_single_featured_image tdi_105 tdb-content-horiz-left td-pb-border-top td_block_template_1\" data-td-block-uid=\"tdi_105\">\n<div class=\"tdb-block-inner td-fix-index\"><img loading=\"lazy\" decoding=\"async\" width=\"620\" height=\"400\" class=\"entry-thumb\" src=\"https:\/\/analyse.optim.biz\/wp-content\/uploads\/2026\/01\/gaze-jpg.webp\" title=\"gaze-\"><\/div>\n<\/div>\n<div class=\"td_block_wrap tdb_single_content tdi_106 td-pb-border-top td_block_template_1 td-post-content tagdiv-type\" data-td-block-uid=\"tdi_106\">\n<div class=\"tdb-block-inner td-fix-index\">\n<p>Pre\u0219edintele Consiliului Jude\u021bean Vrancea, Nicu\u0219or Halici, a semnat autoriza\u021bia de amplasare \u0219i execu\u021bie lucr\u0103ri \u00een zona drumurilor jude\u021bene 204G \u0219i 204D \u0219i acordul prealabil pentru realizarea proiectului <em>\u201d\u00cenfiin\u021bare re\u021bea de alimentare \u0219i dsitribu\u021bie gaze naturale \u00een comunele Bilie\u0219ti \u0219i Suraia, jude\u021bul Vrancea\u201d<\/em>, beneficiar Asocia\u021bia de Dezvoltare Intercomunitar\u0103 Bilie\u0219ti \u2013 Suraia.<\/p>\n<p>Proiectul prevede racordarea la re\u021beaua de gaze naturale a 2.463 de consumatori din localit\u0103\u021bile Suraia \u0219i Bilie\u0219ti, prin execu\u021bia de bran\u0219amente individuale. Va fi montat\u0103 \u0219i o sta\u021bie de reglare \u2013 m\u0103surare \u0219i un sistem inteligent de monitorizare a distribu\u021biei gazelor naturale pentru \u00eentreaga re\u021bea de gaze nou construit\u0103, care implic\u0103 existen\u021ba unui dispecerat pentru centralizarea datelor din teren \u0219i contoare individuale cu transmiterea de la distan\u021b\u0103 a valorilor de consum. Lungimea total\u0103 a re\u021belei de gaz va fi de 50 km.<\/p>\n<source srcset=\"https:\/\/www.jurnaldevrancea.ro\/wp\/wp-content\/webp-express\/webp-images\/uploads\/2025\/10\/gaze-biliesti-si-suraia.jpg.webp 590w, https:\/\/www.jurnaldevrancea.ro\/wp\/wp-content\/webp-express\/webp-images\/uploads\/2025\/10\/gaze-biliesti-si-suraia-150x203.jpg.webp 150w, https:\/\/www.jurnaldevrancea.ro\/wp\/wp-content\/webp-express\/webp-images\/uploads\/2025\/10\/gaze-biliesti-si-suraia-300x407.jpg.webp 300w\" sizes=\"(max-width: 590px) 100vw, 590px\" type=\"image\/webp\" \/>\n<p>Pe durata execu\u021biei lucr\u0103rilor se vor lua toate m\u0103surile de semnalizare corespunz\u0103toare, se va asigura scurgerea apelor pluviale \u00een mod corespunz\u0103tor, se va \u021bine cont de toate instala\u021biile edilitare existente \u00een zon\u0103, fa\u021b\u0103 de care se vor respecta condi\u021biile de protec\u021bie, nu se vor executa lucr\u0103ri care s\u0103 pericliteze stabilitatea drumului, iar orice alt\u0103 interven\u021bie \u00een zona de siguran\u021b\u0103 a drumului jude\u021bean se poate face numai cu avizul CJ.<\/p>\n<p>Valoarea total\u0103 a investi\u021biei este de peste 48 de milioane de lei, cu finan\u021bare prin Programul Na\u021bional de Investi\u021bii \u201dAnghel Saligny\u201d.<\/p>\n<p><strong><em>\u201eEste un proiect important \u0219i mult a\u0219teptat de locuitorii din cele dou\u0103 comunit\u0103\u021bi, care va \u00eembun\u0103t\u0103\u021bi calitatea vie\u021bii acestora \u0219i va aduce confort \u00een case. Consiliul Jude\u021bean \u0219i eu personal, \u00een calitate de pre\u0219edinte al administra\u021biei jude\u021bene, sprijin toate proiectele care aduc dezvoltare pentru Vrancea \u0219i o via\u021b\u0103 mai bun\u0103 pentru vr\u00e2nceni\u201d<\/em><\/strong>, a declarat Nicu\u0219or Halici, pre\u0219edintele Consiliului Jude\u021bean Vrancea. (Biroul de pres\u0103 al Consiliului Jude\u021bean Vrancea)<\/p>\n<\/div>\n<\/div>\n<div class=\"td_block_wrap td-a-rec td-a-rec-id-custom-spot td-a-rec-img tdi_107 td_block_template_1\">\n<div><a href=\"https:\/\/www.tomitatravel.ro\/\" target=\"blank\" class=\"td_spot_img_all\"><img loading=\"lazy\" decoding=\"async\" src=\"https:\/\/analyse.optim.biz\/wp-content\/uploads\/2026\/01\/banner-tomita_travel-focsani-1200x200-1-38.jpg\" alt=\"Tomi\u021b\u0103 Travel - Agen\u021bie de turism Foc\u0219ani\" width=\"1200\" height=\"200\" title=\"banner-tomita_travel-focsani-1200x200-1-38\"><\/a><a href=\"https:\/\/www.tomitatravel.ro\/\" target=\"blank\" class=\"td_spot_img_mob\"><img loading=\"lazy\" decoding=\"async\" src=\"https:\/\/analyse.optim.biz\/wp-content\/uploads\/2026\/01\/banner-tomita_travel-focsani-350x350-1-38.jpg\" alt=\"Tomi\u021b\u0103 Travel - Agen\u021bie de turism Foc\u0219ani\" width=\"300\" height=\"350\" title=\"banner-tomita_travel-focsani-350x350-1-38\"><\/a><\/div>\n<\/div>\n<div class=\"td_block_wrap td-a-rec td-a-rec-id-custom-spot td-a-rec-img tdi_108 td_block_template_1\">\n<div><a href=\"https:\/\/www.dezromania.ro\/categorii\/category\/14-produse.html\" target=\"blank\" class=\"td_spot_img_all\"><img loading=\"lazy\" decoding=\"async\" src=\"https:\/\/analyse.optim.biz\/wp-content\/uploads\/2026\/01\/banner-1200x200-sipotehnokar-auto-avariate-2025-38.jpg\" alt=\"spot_img\" width=\"1200\" height=\"200\" title=\"banner-1200x200-sipotehnokar-auto-avariate-2025-38\"><\/a><a href=\"https:\/\/www.dezromania.ro\/categorii\/category\/14-produse.html\" target=\"blank\" class=\"td_spot_img_mob\"><img loading=\"lazy\" decoding=\"async\" src=\"https:\/\/analyse.optim.biz\/wp-content\/uploads\/2026\/01\/banner-sipotehnokar-300xx220px-2025-36.jpg\" alt=\"spot_img\" width=\"300\" height=\"220\" title=\"banner-sipotehnokar-300xx220px-2025-36\"><\/a><\/div>\n<\/div>\n<div class=\"td_block_wrap td-a-rec td-a-rec-id-custom-spot td-a-rec-img tdi_109 td_block_template_1\">\n<div><a href=\"https:\/\/haipromo.ro\/\" target=\"blank\" class=\"td_spot_img_all\"><img loading=\"lazy\" decoding=\"async\" src=\"https:\/\/analyse.optim.biz\/wp-content\/uploads\/2026\/01\/banner-hai-promo-1200x200px-38.jpg\" alt=\"HAI PROMO\" width=\"1200\" height=\"200\" title=\"banner-hai-promo-1200x200px-38\"><\/a><a href=\"https:\/\/haipromo.ro\/\" target=\"blank\" class=\"td_spot_img_mob\"><img loading=\"lazy\" decoding=\"async\" src=\"https:\/\/analyse.optim.biz\/wp-content\/uploads\/2026\/01\/banner-hai-promo-350x350px-38.jpg\" alt=\"HAI PROMO\" width=\"350\" height=\"350\" title=\"banner-hai-promo-350x350px-38\"><\/a><\/div>\n<\/div>\n<\/div>\n<\/div>\n<div class=\"vc_column tdi_112  wpb_column vc_column_container tdc-column td-pb-span4\">\n<div class=\"wpb_wrapper\">\n<div class=\"wpb_wrapper td_block_wrap vc_widget_sidebar tdi_114 \">\n<aside id=\"custom_html-12\" class=\"widget_text td_block_template_1 widget custom_html-12 widget_custom_html\">\n<h4 class=\"block-title\"><span>\u2013 PUBLICITATE \u2013<\/span><\/h4>\n<div class=\"textwidget custom-html-widget\"><a href=\"https:\/\/www.facebook.com\/TractariAutoVranceaSOS24\"><source srcset=\"https:\/\/www.jurnaldevrancea.ro\/wp\/wp-content\/webp-express\/webp-images\/uploads\/2024\/11\/BANNER-sos-24-2024-300x300-px.jpg.webp\" type=\"image\/webp\" \/><\/a><a href=\"https:\/\/haipromo.ro\/\"><source srcset=\"https:\/\/www.jurnaldevrancea.ro\/wp\/wp-content\/webp-express\/webp-images\/uploads\/2024\/06\/banner-HAI-PROMO-350x350px.jpg.webp\" type=\"image\/webp\" \/><\/a><a href=\"https:\/\/www.facebook.com\/acnasygcons\"><source srcset=\"https:\/\/www.jurnaldevrancea.ro\/wp\/wp-content\/webp-express\/webp-images\/uploads\/2025\/08\/Banner-350x350px-Asyg-Consulting.jpg.webp\" type=\"image\/webp\" \/><\/a><\/div>\n<\/aside>\n<\/div>\n<div class=\"td_block_wrap tdb_single_tags tdi_115 td-pb-border-top td_block_template_1\" data-td-block-uid=\"tdi_115\">\n<div class=\"tdb-block-inner td-fix-index\">\n<ul class=\"tdb-tags\">\n<li><span>Tags<\/span><\/li>\n<li><a href=\"https:\/\/www.jurnaldevrancea.ro\/tag\/biliesti\/\">biliesti<\/a><\/li>\n<li><a href=\"https:\/\/www.jurnaldevrancea.ro\/tag\/consiliul-judetean\/\">consiliul judetean<\/a><\/li>\n<li><a href=\"https:\/\/www.jurnaldevrancea.ro\/tag\/retea-de-gaze\/\">retea de gaze<\/a><\/li>\n<li><a href=\"https:\/\/www.jurnaldevrancea.ro\/tag\/suraia\/\">suraia<\/a><\/li>\n<\/ul>\n<\/div>\n<\/div>\n<div class=\"tdm_block td_block_wrap tdm_block_column_title tdi_116 tdm-content-horiz-center td-pb-border-top td_block_template_1\" data-td-block-uid=\"tdi_116\">\n<div class=\"td-block-row\">\n<div class=\"td-block-span12 tdm-col\">\n<div class=\"tds-title tds-title1 td-fix-index tdi_117 \">\n<h3 class=\"tdm-title tdm-title-md\">ARTICOLE SIMILARE<\/h3>\n<\/div>\n<\/div>\n<\/div>\n<\/div>\n<div class=\"td_block_wrap td_flex_block_1 tdi_118 td-pb-border-top td_block_template_1 td_flex_block\" data-td-block-uid=\"tdi_118\">\n<div id=\"tdi_118\" class=\"td_block_inner td-mc1-wrap\">\n<div class=\"td_module_flex td_module_flex_1 td_module_wrap td-animation-stack td-cpt-post\">\n<div class=\"td-module-container td-category-pos-above\">\n<div class=\"td-module-meta-info\"><a href=\"https:\/\/www.jurnaldevrancea.ro\/actualitate\/\" class=\"td-post-category\">Actualitate<\/a><\/p>\n<h3 class=\"entry-title td-module-title\"><a href=\"https:\/\/www.jurnaldevrancea.ro\/video-15-kilograme-de-droguri-descoperite-de-politistii-vranceni-intr-un-bolid-de-lux-mai-multe-persoane-au-fost-retinute\/\" rel=\"bookmark\" title=\"VIDEO 15 kilograme de droguri descoperite de poli\u021bi\u0219tii vr\u00e2nceni \u00eentr-un bolid de lux! Mai multe persoane au fost re\u021binute!\">VIDEO 15 kilograme de droguri descoperite de poli\u021bi\u0219tii vr\u00e2nceni \u00eentr-un bolid de lux! Mai multe persoane au fost re\u021binute!<\/a><\/h3>\n<div class=\"td-excerpt\">Poli\u021bi\u0219tii Serviciului de Combatere a Criminalit\u0103\u021bii Organizate Vrancea, \u00eempreun\u0103 cu procurorii Direc\u021biei de Investigare&#8230;<\/div>\n<\/div>\n<\/div>\n<\/div>\n<div class=\"td_module_flex td_module_flex_1 td_module_wrap td-animation-stack td-cpt-post\">\n<div class=\"td-module-container td-category-pos-above\">\n<div class=\"td-module-meta-info\"><a href=\"https:\/\/www.jurnaldevrancea.ro\/actualitate\/\" class=\"td-post-category\">Actualitate<\/a><\/p>\n<h3 class=\"entry-title td-module-title\"><a href=\"https:\/\/www.jurnaldevrancea.ro\/atentie-soferi-restrictii-de-circulatie-pe-a7-focsani-bacau\/\" rel=\"bookmark\" title=\"ATEN\u021aIE, \u0219oferi! Restric\u021bii de circula\u021bie pe A7 Foc\u0219ani-Bac\u0103u\">ATEN\u021aIE, \u0219oferi! Restric\u021bii de circula\u021bie pe A7 Foc\u0219ani-Bac\u0103u<\/a><\/h3>\n<div class=\"td-excerpt\">Direc\u021bia Regional\u0103 de Drumuri \u0219i Poduri\u00a0 Buz\u0103u (DRDP) anun\u021b\u0103 c\u0103 miercuri, 28 ianuarie, se&#8230;<\/div>\n<\/div>\n<\/div>\n<\/div>\n<\/div>\n<\/div>\n<\/div>\n<\/div>\n<\/div>\n<\/div>\n<div id=\"tdi_119\" class=\"tdc-row\">\n<div class=\"vc_row tdi_120  wpb_row td-pb-row\">\n<div class=\"vc_column tdi_122  wpb_column vc_column_container tdc-column td-pb-span12\">\n<div class=\"wpb_wrapper\">\n<div class=\"tdm_block td_block_wrap tdm_block_column_title tdi_123 tdm-content-horiz-center td-pb-border-top td_block_template_1\" data-td-block-uid=\"tdi_123\">\n<div class=\"td-block-row\">\n<div class=\"td-block-span12 tdm-col\">\n<div class=\"tds-title tds-title1 td-fix-index tdi_124 \">\n<h3 class=\"tdm-title tdm-title-md\">ARTICOLE POPULARE<\/h3>\n<\/div>\n<\/div>\n<\/div>\n<\/div>\n<\/div>\n<\/div>\n<\/div>\n<\/div>\n<div id=\"tdi_125\" class=\"tdc-row\">\n<div class=\"vc_row tdi_126  wpb_row td-pb-row\">\n<div class=\"vc_column tdi_128  wpb_column vc_column_container tdc-column td-pb-span12\">\n<div class=\"wpb_wrapper\">\n<div class=\"td_block_wrap td_flex_block_1 tdi_129 td-pb-border-top td_block_template_1 td_flex_block\" data-td-block-uid=\"tdi_129\">\n<div id=\"tdi_129\" class=\"td_block_inner td-mc1-wrap\">\n<div class=\"td_module_flex td_module_flex_1 td_module_wrap td-animation-stack td-cpt-post\">\n<div class=\"td-module-container td-category-pos-above\">\n<div class=\"td-module-meta-info\"><a href=\"https:\/\/www.jurnaldevrancea.ro\/actualitate\/\" class=\"td-post-category\">Actualitate<\/a><\/p>\n<h3 class=\"entry-title td-module-title\"><a href=\"https:\/\/www.jurnaldevrancea.ro\/sofer-mort-dupa-ce-a-intrat-cu-masina-intr-un-copac\/\" rel=\"bookmark\" title=\"\u0218ofer mort dup\u0103 ce a intrat cu ma\u0219ina \u00eentr-un copac\">\u0218ofer mort dup\u0103 ce a intrat cu ma\u0219ina \u00eentr-un copac<\/a><\/h3>\n<div class=\"td-excerpt\">Un accident mortal s-a produs vineri (23 ianuarie) diminea\u021b\u0103, \u00een jurul orei 10.00, pe&#8230;<\/div>\n<div class=\"td-editor-date\"><span class=\"td-author-date\"><span class=\"td-post-date\"><time class=\"entry-date updated td-module-date\" datetime=\"2026-01-23T11:38:17+02:00\">23\/01\/2026<\/time><\/span><\/span><\/div>\n<\/div>\n<\/div>\n<\/div>\n<div class=\"td_module_flex td_module_flex_1 td_module_wrap td-animation-stack td-cpt-post\">\n<div class=\"td-module-container td-category-pos-above\">\n<div class=\"td-module-meta-info\"><a href=\"https:\/\/www.jurnaldevrancea.ro\/actualitate\/\" class=\"td-post-category\">Actualitate<\/a><\/p>\n<h3 class=\"entry-title td-module-title\"><a href=\"https:\/\/www.jurnaldevrancea.ro\/incredibil-adolescent-15-ani-ucis-si-ingropat-intr-o-gradina-de-prietenii-sai-minori-si-ei\/\" rel=\"bookmark\" title=\"INCREDIBIL Adolescent de 15 ani ucis \u0219i \u00eengropat \u00eentr-o gr\u0103din\u0103 de prietenii s\u0103i, minori \u0219i ei\">INCREDIBIL Adolescent de 15 ani ucis \u0219i \u00eengropat \u00eentr-o gr\u0103din\u0103 de prietenii s\u0103i, minori \u0219i ei<\/a><\/h3>\n<div class=\"td-excerpt\">Un adolescent \u00een v\u00e2rst\u0103 de 15 ani din Cenei, jude\u021bul Timi\u0219 a fost dat&#8230;<\/div>\n<div class=\"td-editor-date\"><span class=\"td-author-date\"><span class=\"td-post-date\"><time class=\"entry-date updated td-module-date\" datetime=\"2026-01-21T12:35:19+02:00\">21\/01\/2026<\/time><\/span><\/span><\/div>\n<\/div>\n<\/div>\n<\/div>\n<div class=\"td_module_flex td_module_flex_1 td_module_wrap td-animation-stack td-cpt-post\">\n<div class=\"td-module-container td-category-pos-above\">\n<div class=\"td-module-meta-info\"><a href=\"https:\/\/www.jurnaldevrancea.ro\/actualitate\/\" class=\"td-post-category\">Actualitate<\/a><\/p>\n<h3 class=\"entry-title td-module-title\"><a href=\"https:\/\/www.jurnaldevrancea.ro\/natasa-simion-fost-director-colegiului-pedagogic-spiru-haret-din-focsani-trimisa-in-judecata-pentru-abuz-in-serviciu\/\" rel=\"bookmark\" title=\"Nata\u0219a Simion, fost director al Colegiului Pedagogic \u201eSpiru Haret\u201d din Foc\u0219ani, trimis\u0103 \u00een judecat\u0103 pentru abuz \u00een serviciu\">Nata\u0219a Simion, fost director al Colegiului Pedagogic \u201eSpiru Haret\u201d din Foc\u0219ani, trimis\u0103 \u00een judecat\u0103 pentru abuz \u00een serviciu<\/a><\/h3>\n<div class=\"td-excerpt\">Procurorii au dispus trimiterea \u00een judecat\u0103 a Simonei Nata\u0219a, p\u00e2n\u0103 de cur\u00e2nd director al&#8230;<\/div>\n<div class=\"td-editor-date\"><span class=\"td-author-date\"><span class=\"td-post-date\"><time class=\"entry-date updated td-module-date\" datetime=\"2026-01-23T09:31:18+02:00\">23\/01\/2026<\/time><\/span><\/span><\/div>\n<\/div>\n<\/div>\n<\/div>\n<\/div>\n<\/div>\n<\/div>\n<\/div>\n<\/div>\n<\/div>\n<\/div>\n<\/div>\n<p><span class=\"td-page-meta\"><\/span><span class=\"td-page-meta\"><span class=\"td-page-meta\"><\/span><\/span><span class=\"td-page-meta\"><\/span><\/article>\n<p> Source URL: https:\/\/www.jurnaldevrancea.ro\/retea-de-gaze-naturale-pentru-locuitorii-din-suraia-si-biliesti\/<\/p>\n","protected":false},"excerpt":{"rendered":"<p>Acas\u0103ActualitateRe\u021bea de gaze naturale pentru locuitorii din Suraia \u0219i Bilie\u0219ti ActualitateAdministra\u021bie Re\u021bea de gaze naturale pentru locuitorii din Suraia \u0219i Bilie\u0219ti DE:Editor Online 23\/10\/2025 78 Facebook Twitter WhatsApp Imprimare Pre\u0219edintele Consiliului Jude\u021bean Vrancea, Nicu\u0219or Halici, a semnat autoriza\u021bia de amplasare \u0219i execu\u021bie lucr\u0103ri \u00een zona drumurilor jude\u021bene 204G \u0219i 204D \u0219i acordul prealabil pentru realizarea [&hellip;]<\/p>\n","protected":false},"author":1,"featured_media":0,"comment_status":"open","ping_status":"","sticky":false,"template":"","format":"standard","meta":{"footnotes":""},"categories":[89],"tags":[207],"class_list":["post-1436724","post","type-post","status-publish","format-standard","hentry","category-romania","tag-jurnaldevrancea-ro"],"_links":{"self":[{"href":"https:\/\/analyse.optim.biz\/index.php?rest_route=\/wp\/v2\/posts\/1436724","targetHints":{"allow":["GET"]}}],"collection":[{"href":"https:\/\/analyse.optim.biz\/index.php?rest_route=\/wp\/v2\/posts"}],"about":[{"href":"https:\/\/analyse.optim.biz\/index.php?rest_route=\/wp\/v2\/types\/post"}],"author":[{"embeddable":true,"href":"https:\/\/analyse.optim.biz\/index.php?rest_route=\/wp\/v2\/users\/1"}],"replies":[{"embeddable":true,"href":"https:\/\/analyse.optim.biz\/index.php?rest_route=%2Fwp%2Fv2%2Fcomments&post=1436724"}],"version-history":[{"count":0,"href":"https:\/\/analyse.optim.biz\/index.php?rest_route=\/wp\/v2\/posts\/1436724\/revisions"}],"wp:attachment":[{"href":"https:\/\/analyse.optim.biz\/index.php?rest_route=%2Fwp%2Fv2%2Fmedia&parent=1436724"}],"wp:term":[{"taxonomy":"category","embeddable":true,"href":"https:\/\/analyse.optim.biz\/index.php?rest_route=%2Fwp%2Fv2%2Fcategories&post=1436724"},{"taxonomy":"post_tag","embeddable":true,"href":"https:\/\/analyse.optim.biz\/index.php?rest_route=%2Fwp%2Fv2%2Ftags&post=1436724"}],"curies":[{"name":"wp","href":"https:\/\/api.w.org\/{rel}","templated":true}]}}