{"id":143533,"date":"2017-04-03T21:09:47","date_gmt":"2017-04-03T18:09:47","guid":{"rendered":"https:\/\/analyse.optim.biz\/?p=143533"},"modified":"2017-04-03T21:09:47","modified_gmt":"2017-04-03T18:09:47","slug":"dragnea-informatia-ca-psd-il-sustine-pe-geoana-la-sefia-sie-nu-e-reala","status":"publish","type":"post","link":"https:\/\/analyse.optim.biz\/?p=143533","title":{"rendered":"Dragnea: Informa\u021bia c\u0103 PSD \u00eel sus\u021bine pe Geoan\u0103 la \u0219efia SIE nu e real\u0103"},"content":{"rendered":"<div class=\"entry data-app-meta data-app-meta-article\" data-embed-base-url-canonical=\"https:\/\/www.digi24.ro\/embed\/stiri\/actualitate\/politica\/dragnea-informatia-ca-psd-il-sustine-pe-geoana-la-sefia-sie-nu-e-reala-699970\">\n<p data-index=\"1\"><strong>Informa\u021bia conform c\u0103reia PSD \u00eel sus\u021bine pe Mircea Geoan\u0103 pentru \u0219efia SIE nu este real\u0103, pentru c\u0103 p\u00e2n\u0103 acum nu s-a discutat despre acest lucru \u00een partid, a declarat luni liderul social-democra\u021bilor, Liviu Dragnea.<\/strong><\/p>\n<figure class=\"article-thumb\"><img decoding=\"async\" src=\"https:\/\/analyse.optim.biz\/wp-content\/uploads\/2024\/09\/zmfjntqxyjlhnje4mjhkn2vjownhyzvhnmzmn2m-thumb_.jpg\" alt=\"Mircea Geoana Agerpres\" data-skip-htmlfix=\"1\" title=\"zmfjntqxyjlhnje4mjhkn2vjownhyzvhnmzmn2m-thumb_\"><figcaption> FOTO: Agerpres <\/figcaption><\/figure>\n<p data-index=\"2\"><span lang=\"ro-RO\">El a ad\u0103ugat c\u0103 nu a discutat luni, la Cotroceni, cu \u0219eful statului despre \u0219efia SIE, pentru \u201ec\u0103 nu era cazul\u201d.<\/span><\/p>\n<p data-index=\"3\">\u00centrebat cum comenteaz\u0103 informa\u021bia pe surse potrivit c\u0103reia PSD \u00eel sus\u021bine pe Mircea Geoan\u0103 pentru \u0219efia SIE, Dragnea a spus: \u201eInforma\u021bia nu e real\u0103\u201d.<\/p>\n<p data-index=\"4\">\u201e\u0218i mie mi-a zis cineva c\u0103 \u0219tie din surse sigure c\u0103 PSD \u00eel sus\u021bine pe Mircea Geoan\u0103. Eu nu am discutat cu nimeni despre subiectul \u0103sta, deci informa\u021bia nu e real\u0103. Eu credeam c\u0103 sunt cea mai sigur\u0103 surs\u0103 din PSD. Nu am discutat subiectul \u0103sta, nici \u00een partid, nici cu altcineva despre Mircea Geoan\u0103\u201d, a afirmat Liviu Dragnea, \u00eentr-o emisiune televizat\u0103, potrivit <strong><a href=\"https:\/\/www.agerpres.ro\/politica\/2017\/04\/03\/dragnea-spune-ca-informatia-conform-careia-psd-il-sustine-pe-geoana-la-sefia-sie-nu-e-reala-20-49-55\" target=\"_blank\" data-skip-linkfix=\"1\" rel=\"noopener\">Agerpres.<\/a><\/strong><\/p>\n<p data-index=\"5\">\u00cen opinia acestuia, trebuie numit cineva la \u0219efia SIE, serviciu care \u00een prezent func\u021bioneaz\u0103 \u00een mod profesionist.<\/p>\n<p data-index=\"6\">\u201eCred c\u0103 nu arde, dar nici nu cred c\u0103 mai poate fi am\u00e2nat foarte mult. \u0218i acea institu\u021bie a\u0219teapt\u0103 cred s\u0103 aib\u0103 un \u0219ef votat \u00een Parlament. Cred c\u0103 \u0219i serviciile partenere a\u0219teapt\u0103 lucrul \u0103sta. \u0218i cred c\u0103, \u00eentr-o perioad\u0103 rezonabil\u0103, pre\u0219edintele va da un semn. Sper s\u0103 nu ajungem \u00een situa\u021bia \u00een care vine o h\u00e2rtie \u00een Parlament&#8230; Dar nu cred, a \u0219i spus pre\u0219edintele c\u0103 vom avea o discu\u021bie. SIE func\u021bioneaz\u0103. Totu\u0219i, trebuie umplut\u0103 schema\u201d, a ad\u0103ugat liderul PSD.<\/p>\n<\/div>\n<p> Source URL: https:\/\/www.digi24.ro\/stiri\/actualitate\/politica\/dragnea-informatia-ca-psd-il-sustine-pe-geoana-la-sefia-sie-nu-e-reala-699970<\/p>\n","protected":false},"excerpt":{"rendered":"<p>Informa\u021bia conform c\u0103reia PSD \u00eel sus\u021bine pe Mircea Geoan\u0103 pentru \u0219efia SIE nu este real\u0103, pentru c\u0103 p\u00e2n\u0103 acum nu s-a discutat despre acest lucru \u00een partid, a declarat luni liderul social-democra\u021bilor, Liviu Dragnea. FOTO: Agerpres El a ad\u0103ugat c\u0103 nu a discutat luni, la Cotroceni, cu \u0219eful statului despre \u0219efia SIE, pentru \u201ec\u0103 nu [&hellip;]<\/p>\n","protected":false},"author":1,"featured_media":143534,"comment_status":"open","ping_status":"","sticky":false,"template":"","format":"standard","meta":{"footnotes":""},"categories":[2],"tags":[11],"class_list":["post-143533","post","type-post","status-publish","format-standard","has-post-thumbnail","hentry","category-politics","tag-digi24"],"_links":{"self":[{"href":"https:\/\/analyse.optim.biz\/index.php?rest_route=\/wp\/v2\/posts\/143533","targetHints":{"allow":["GET"]}}],"collection":[{"href":"https:\/\/analyse.optim.biz\/index.php?rest_route=\/wp\/v2\/posts"}],"about":[{"href":"https:\/\/analyse.optim.biz\/index.php?rest_route=\/wp\/v2\/types\/post"}],"author":[{"embeddable":true,"href":"https:\/\/analyse.optim.biz\/index.php?rest_route=\/wp\/v2\/users\/1"}],"replies":[{"embeddable":true,"href":"https:\/\/analyse.optim.biz\/index.php?rest_route=%2Fwp%2Fv2%2Fcomments&post=143533"}],"version-history":[{"count":0,"href":"https:\/\/analyse.optim.biz\/index.php?rest_route=\/wp\/v2\/posts\/143533\/revisions"}],"wp:featuredmedia":[{"embeddable":true,"href":"https:\/\/analyse.optim.biz\/index.php?rest_route=\/wp\/v2\/media\/143534"}],"wp:attachment":[{"href":"https:\/\/analyse.optim.biz\/index.php?rest_route=%2Fwp%2Fv2%2Fmedia&parent=143533"}],"wp:term":[{"taxonomy":"category","embeddable":true,"href":"https:\/\/analyse.optim.biz\/index.php?rest_route=%2Fwp%2Fv2%2Fcategories&post=143533"},{"taxonomy":"post_tag","embeddable":true,"href":"https:\/\/analyse.optim.biz\/index.php?rest_route=%2Fwp%2Fv2%2Ftags&post=143533"}],"curies":[{"name":"wp","href":"https:\/\/api.w.org\/{rel}","templated":true}]}}