{"id":143530,"date":"2017-04-03T21:26:17","date_gmt":"2017-04-03T18:26:17","guid":{"rendered":"https:\/\/analyse.optim.biz\/?p=143530"},"modified":"2017-04-03T21:26:17","modified_gmt":"2017-04-03T18:26:17","slug":"de-ce-a-ras-dragnea-cu-iohannis-la-cotroceni","status":"publish","type":"post","link":"https:\/\/analyse.optim.biz\/?p=143530","title":{"rendered":"De ce a r\u00e2s Dragnea cu Iohannis la Cotroceni"},"content":{"rendered":"<div class=\"entry data-app-meta data-app-meta-article\" data-embed-base-url-canonical=\"https:\/\/www.digi24.ro\/embed\/stiri\/actualitate\/politica\/de-ce-a-ras-dragnea-cu-iohannis-la-cotroceni-699976\">\n<p data-index=\"1\"><span lang=\"ro-RO\">Pre\u0219edintele PSD, Liviu Dragnea,\u00a0a spus c\u0103 atmosfera de la ceremonia de depunere a jur\u0103m\u00e2ntului de la Palatul Cotroceni a fost mai relaxat\u0103 pentru c\u0103 i-a povestit pre\u015fedintelui Klaus Iohannis o glum\u0103 pe care o f\u0103cuse ministrul Sevil Shhaideh, care are \u201eun sim\u0163 al umorului extraordinar de dezvoltat\u201d. Dragnea a povestit c\u0103 ministrul Dezvolt\u0103rii glumise pe seama faptului c\u0103 premierul Sorin Grindeanu va fi \u201e\u00eencadrat\u201d \u00een guvern de dou\u0103 femei, ea \u015fi vicepremierul Gra\u0163iela Gavrilescu, potrivit <a href=\"http:\/\/www.news.ro\" target=\"_blank\" data-skip-linkfix=\"1\" rel=\"noopener\">News.ro<\/a>.<\/span><\/p>\n<figure class=\"article-thumb\"><img decoding=\"async\" src=\"https:\/\/analyse.optim.biz\/wp-content\/uploads\/2024\/09\/jmhhc2g9ntu3ymfmyzniotrhogu3zdy1yzhhmjq4mznmywixytk-thumb_.jpg\" alt=\"170403_COTROCENI_INVESTIRE_05_INQUAM_PHOTOS_Octav_Ganea\" data-skip-htmlfix=\"1\" title=\"jmhhc2g9ntu3ymfmyzniotrhogu3zdy1yzhhmjq4mznmywixytk-thumb_\"><figcaption> Foto: Inquam Photos \/ Octav Ganea <\/figcaption><\/figure>\n<p data-index=\"2\"><span lang=\"ro-RO\">\u00centrebat ce a discutat cu pre\u015fedintele Klaus Iohannis la ceremonia de depunere a jur\u0103m\u00e2ntului de la Palatul Cotroceni, \u00een condi\u0163iile \u00een care am\u00e2ndoi p\u0103reau amuza\u0163i, liderul PSD a spus c\u0103 i-a povestit \u015fefului statului o glum\u0103 pe care a f\u0103cut-o Sevil Shhaideh.<\/span><\/p>\n<p data-index=\"3\">\u201e<span lang=\"ro-RO\">O s\u0103 dau \u00een vileag cine a fost cauza acestei st\u0103ri. Sevil Shhaideh care, dincolo de faptul c\u0103 este un foarte bun ministru \u015fi un om foarte muncitor, are un sim\u0163 al umorului extraordinar de dezvoltat \u015fi \u00eei spunea premierului c\u00e2nd doamna Gra\u0163iela Gavrilescu a\u015ftepta s\u0103 depun\u0103 jur\u0103m\u00e2ntul, i-a spus premierului Grindeanu \u00abs\u0103 vedem cum o s\u0103 fi\u0163i dumneavoastr\u0103, domnule prim-ministru, pentru prima dat\u0103 \u00een istoria Rom\u00e2niei \u00eencadrat de dou\u0103 femei\u00bb. De aici au \u00eenceput tot felul de glume; ea spunea c\u0103 sunt dou\u0103 fete foarte tinere, foarte sub\u0163iri \u015fi care dau foarte bine \u00een poz\u0103. C\u00e2nd s-a apropiat pre\u015fedintele, le-am spus c\u0103 o s\u0103-i spun pre\u015fedintelui \u015fi i-am zis \u015fi pre\u015fedintelui\u201d, a povestit pre\u015fedintele PSD.<\/span><\/p>\n<p data-index=\"4\"><span lang=\"ro-RO\">El a mai spus c\u0103 acest moment nu are nicio leg\u0103tur\u0103 cu rela\u0163ia sa cu pre\u015fedintele Klaus Iohannis.<\/span><\/p>\n<p data-index=\"5\">\u201e<span lang=\"ro-RO\">Asta a fost tot, nu are nicio leg\u0103tur\u0103 cu mine \u015fi pre\u015fedintele Klaus Iohannis care poate s\u0103 fie tensionat\u0103, poate s\u0103 nu fie tensionat\u0103, depinde de modul cum vede dumnealui lucrurile\u201d, a conchis Liviu Dragnea.<\/span><\/p>\n<p data-index=\"6\"><span lang=\"ro-RO\">Pre\u015fedintele Klaus Iohannis nu a \u0163inut un discurs public la ceremonia de depunere a jurm\u0103m\u00e2ntului de c\u0103tre mini\u015ftrii Gra\u0163iela Gavrilescu \u015fi Viorel Ilie, el st\u00e2nd doar de vorb\u0103 c\u00e2teva zeci de secunde cu pre\u015fedintele PSD Liviu Dragnea \u015fi cu premierul Sorin Grindeanu.<\/span><\/p>\n<p data-index=\"7\"><span lang=\"ro-RO\">Dup\u0103 ce mini\u015ftrii Gavrilescu \u015fi Ilie au depus jur\u0103m\u00e2ntul, consilierul de stat Gheorghe Angelescu a anun\u0163at c\u0103 ceremonia s-a \u00eencheiat. Pre\u015fedintele a mers s\u0103 le str\u00e2ng\u0103 m\u00e2na pre\u015fedin\u0163ilor celor dou\u0103 Camere \u015fi mini\u015ftrilor prezen\u0163i la ceremonie, vorbind c\u00e2teva zeci de secunde cu Sorin Grindeanu, care a p\u0103rut amuzat.<\/span><\/p>\n<p data-index=\"8\"><span lang=\"ro-RO\">Iohannis a schimbat c\u00e2teva cuvinte \u015fi cu pre\u015fedintele Camerei Deputa\u0163ilor, Liviu Dragnea. Ajuns \u00een dreptul jurnali\u015ftilor, pre\u015fedintele le-a spus: \u201eAst\u0103zi numai v\u0103 salut\u201d. Dup\u0103 care a revenit la Dragnea, cu care a mai vorbit pu\u0163in.<\/span><\/p>\n<p data-index=\"9\"><span lang=\"ro-RO\">Pre\u015fedintele a p\u0103r\u0103sit apoi sala, \u00eens\u0103 pre\u015fedin\u0163ii Camerelor \u015fi mini\u015ftrii au mai z\u0103bovit c\u00e2teva minute \u00een Sala Unirii de la Palatul Cotroceni.<\/span><\/p>\n<p data-index=\"10\"><span lang=\"ro-RO\">De obicei, la astfel de ceremonii, \u015feful statului sus\u0163ine un scurt discurs, ceea ce nu s-a mai \u00eent\u00e2mplat cu aceast\u0103 ocazie.<\/span><\/p>\n<p data-index=\"11\"><span lang=\"ro-RO\">Noul ministru al Mediului, Gra\u0163iela Gavrilescu, \u015fi noul ministru delegat pentru Rela\u0163ia cu Parlamentul, Viorel Ilie, au depus jur\u0103m\u00e2ntul ca membri ai Guvernului.<\/span><\/p>\n<\/div>\n<p> Source URL: https:\/\/www.digi24.ro\/stiri\/actualitate\/politica\/de-ce-a-ras-dragnea-cu-iohannis-la-cotroceni-699976<\/p>\n","protected":false},"excerpt":{"rendered":"<p>Pre\u0219edintele PSD, Liviu Dragnea,\u00a0a spus c\u0103 atmosfera de la ceremonia de depunere a jur\u0103m\u00e2ntului de la Palatul Cotroceni a fost mai relaxat\u0103 pentru c\u0103 i-a povestit pre\u015fedintelui Klaus Iohannis o glum\u0103 pe care o f\u0103cuse ministrul Sevil Shhaideh, care are \u201eun sim\u0163 al umorului extraordinar de dezvoltat\u201d. Dragnea a povestit c\u0103 ministrul Dezvolt\u0103rii glumise pe [&hellip;]<\/p>\n","protected":false},"author":1,"featured_media":143531,"comment_status":"open","ping_status":"","sticky":false,"template":"","format":"standard","meta":{"footnotes":""},"categories":[2],"tags":[11],"class_list":["post-143530","post","type-post","status-publish","format-standard","has-post-thumbnail","hentry","category-politics","tag-digi24"],"_links":{"self":[{"href":"https:\/\/analyse.optim.biz\/index.php?rest_route=\/wp\/v2\/posts\/143530","targetHints":{"allow":["GET"]}}],"collection":[{"href":"https:\/\/analyse.optim.biz\/index.php?rest_route=\/wp\/v2\/posts"}],"about":[{"href":"https:\/\/analyse.optim.biz\/index.php?rest_route=\/wp\/v2\/types\/post"}],"author":[{"embeddable":true,"href":"https:\/\/analyse.optim.biz\/index.php?rest_route=\/wp\/v2\/users\/1"}],"replies":[{"embeddable":true,"href":"https:\/\/analyse.optim.biz\/index.php?rest_route=%2Fwp%2Fv2%2Fcomments&post=143530"}],"version-history":[{"count":0,"href":"https:\/\/analyse.optim.biz\/index.php?rest_route=\/wp\/v2\/posts\/143530\/revisions"}],"wp:featuredmedia":[{"embeddable":true,"href":"https:\/\/analyse.optim.biz\/index.php?rest_route=\/wp\/v2\/media\/143531"}],"wp:attachment":[{"href":"https:\/\/analyse.optim.biz\/index.php?rest_route=%2Fwp%2Fv2%2Fmedia&parent=143530"}],"wp:term":[{"taxonomy":"category","embeddable":true,"href":"https:\/\/analyse.optim.biz\/index.php?rest_route=%2Fwp%2Fv2%2Fcategories&post=143530"},{"taxonomy":"post_tag","embeddable":true,"href":"https:\/\/analyse.optim.biz\/index.php?rest_route=%2Fwp%2Fv2%2Ftags&post=143530"}],"curies":[{"name":"wp","href":"https:\/\/api.w.org\/{rel}","templated":true}]}}