{"id":143527,"date":"2017-04-04T06:01:31","date_gmt":"2017-04-04T03:01:31","guid":{"rendered":"https:\/\/analyse.optim.biz\/?p=143527"},"modified":"2017-04-04T06:01:31","modified_gmt":"2017-04-04T03:01:31","slug":"actualizare-a-treia-amanare-pe-legea-care-interzice-condamnatilor-sa-faca-parte-din-guvern","status":"publish","type":"post","link":"https:\/\/analyse.optim.biz\/?p=143527","title":{"rendered":"Actualizare. A treia am\u00e2nare pe legea care interzice condamna\u021bilor s\u0103 fac\u0103 parte din Guvern"},"content":{"rendered":"<div class=\"entry data-app-meta data-app-meta-article\" data-embed-base-url-canonical=\"https:\/\/www.digi24.ro\/embed\/stiri\/actualitate\/politica\/ccr-a-treia-discutie-pe-legea-care-interzice-condamnatilor-sa-faca-parte-din-guvern-699648\">\n<p data-index=\"1\"><strong>Magistra\u021bii Cur\u021bii Constitu\u021bionale au am\u00e2nat pentru data de 27 aprilie luarea unei decizii asupra\u00a0sesiz\u0103rii Avocatului Poporului pe Legea nr. 90\/2001, actul normativ care l-a \u00eempiedicat pe Liviu Dragnea s\u0103 pretind\u0103 func\u021bia de premier. Este, practic, a treia am\u00e2nare decis\u0103 de CCR. La am\u00e2narea din 21 martie, pre\u0219edintele CCR, Valer Dorneanu, ar\u0103ta c\u0103 magistra\u021bii constitu\u021bionali s-ar confrunta cu \u201ecea mai grea\u201d spe\u021b\u0103 de p\u00e2n\u0103 acum \u0219i vorbea de existen\u021ba unor presiuni mediatice \u0219i politice.<\/strong><\/p>\n<figure class=\"article-thumb\"><img decoding=\"async\" src=\"https:\/\/analyse.optim.biz\/wp-content\/uploads\/2024\/09\/jmhhc2g9ymm5njbjy2zimgmyytyyzdmxmduxn2i1mtc4odjjyty-thumb_.jpg\" alt=\"Valer Dorneanu agerpres_9503215\" data-skip-htmlfix=\"1\" title=\"jmhhc2g9ymm5njbjy2zimgmyytyyzdmxmduxn2i1mtc4odjjyty-thumb_\"><figcaption> Surs\u0103 foto: Agerpres <\/figcaption><\/figure>\n<p data-index=\"2\"><strong>Actualizare 15.15.<\/strong> La \u00eemplinirea a trei luni de la primirea sesiz\u0103rii Avocatului Poporului, magistra\u021bii Cur\u021bii Constitu\u021bionale nu reu\u0219esc s\u0103 convin\u0103 asupra unei decizii, semn al mizei deosebite pe care o are subiectul.<\/p>\n<p data-index=\"3\"><strong>Articolul care l-a \u00eempiedicat pe Liviu Dragnea s\u0103 pretind\u0103 func\u021bia de premier va fi discutat de magistra\u021bii constitu\u021bionali \u00een \u0219edin\u021ba din 27 aprilie, a patra dedicat\u0103 acestui subiect<\/strong>.<\/p>\n<p data-index=\"4\">Mar\u021bi, pre\u0219edintele CCR a anun\u021bat, \u00een schimb, c\u0103 <a href=\"https:\/\/www.digi24.ro\/stiri\/actualitate\/politica\/dupa-declaratiile-despre-presiuni-dorneanu-nu-mai-anunta-deciziile-ccr-700342\" target=\"_blank\" data-skip-linkfix=\"1\" rel=\"noopener\">deciziile Cur\u021bii nu vor mai fi comunicate public, de azi \u00eenainte, prin declara\u021bii f\u0103cute presei la sf\u00e2r\u0219itul \u0219edin\u021belor<\/a>, ci prin simple comunicate de pres\u0103. Hot\u0103r\u00e2rea de a elimina declara\u021biile de la sf\u00e2r\u0219itul \u0219edin\u021belor vine dup\u0103 ce, acum dou\u0103 s\u0103pt\u0103m\u00e2ni, Valer Dorneanu a vorbit, \u00een fa\u021ba camerelor \u0219i a microfoanelor, de presiuni mediatice \u0219i politice.<\/p>\n<p data-index=\"5\">&#8212;&#8211;<\/p>\n<p data-index=\"6\">Curtea Constitu\u021bional\u0103 a mai discutat sesizarea Avocatului Poporului \u00een \u0219edin\u021bele din 7 \u0219i 21 martie, dar <strong>magistra\u021bii nu au reu\u0219it s\u0103 ajung\u0103 la o majoritate<\/strong>, am\u00e2n\u00e2nd luarea unei decizii pentru \u0219edin\u021ba de mar\u021bi. \u201eE nevoie de mai mult studiu. <strong>S-au avansat p\u00e2n\u0103 acum mai multe solu\u0163ii, care niciuna dintre ele nu \u00eentrunea o majoritate decizional\u0103. Acum, ne-am cam apropiat de dou\u0103 variante. E cea mai grea solu\u0163ie pe care am avut-o de dat p\u00e2n\u0103 acum, pentru c\u0103 problemele sunt mai ales de apreciere politic\u0103<\/strong>\u201d, <a href=\"https:\/\/www.digi24.ro\/stiri\/actualitate\/politica\/dorneanu-este-cea-mai-grea-decizie-de-pana-acum-exista-presiune-mediatica-si-politica-692136\" target=\"_blank\" data-skip-linkfix=\"1\" rel=\"noopener\">explica Valer Dorneanu, la am\u00e2narea din 21 martie<\/a>.<\/p>\n<p data-index=\"7\">Tot pre\u0219edintele CCR vorbea, acum dou\u0103 s\u0103pt\u0103m\u00e2ni, de existen\u021ba unor presiuni asupra Cur\u021bii. \u201e<strong>Noi nu ne ghid\u0103m neap\u0103rat dup\u0103 presiunea mediatic\u0103, nici dup\u0103 cea politic\u0103, pentru c\u0103 aceea exist\u0103 tot timpul. De fapt, ambele exist\u0103<\/strong>. Vrem \u00eent\u00e2i s\u0103 fim \u00eemp\u0103ca\u0163i cu con\u015ftiin\u0163a noastr\u0103 \u015fi cu convingerea c\u0103 solu\u0163ia pe care o d\u0103m corespunde interpret\u0103rii exacte a Constitu\u021biei \u015fi sensului Legiuitorului, \u00een m\u0103sura \u00een care el este \u00een concordan\u0163\u0103 cu principiile constitu\u0163ionale\u201d, declara Dorneanu.<\/p>\n<p data-index=\"8\">Curtea Constitu\u0163ional\u0103 a fost sesizat\u0103 de Avocatul Poporului, Victor Ciorbea, pe 5 ianuarie 2017. Vizat este <strong>articolul 2 din Legea nr. 90\/2001, care spune c\u0103 nu pot fi membri ai Guvernului persoanele care au suferit condamn\u0103ri penale<\/strong>.<\/p>\n<p data-index=\"9\">\u00cen sesizarea depus\u0103 la CCR, Victor Ciorbea a argumentat c\u0103 articolul ar contraveni mai multor prevederi constitu\u021bionale, Conven\u021biei pentru ap\u0103rarea drepturilor \u0219i a libert\u0103\u021bilor fundamentale, Declara\u021biei Universale a Drepturilor Omului \u0219i Pactului interna\u021bional cu privire la drepturile civile \u0219i politice.<\/p>\n<p data-index=\"10\">\u201eEste de necontestat faptul c\u0103 o persoan\u0103 care urmeaz\u0103 s\u0103 ocupe o func\u021bie ce implic\u0103 exerci\u021biul autorit\u0103\u021bii de stat, trebuie s\u0103 \u00eendeplineasc\u0103 anumite cerin\u021be de integritate, legalitate \u015fi corectitudine menite s\u0103 consolideze \u00eencrederea cet\u0103\u021benilor \u00een autorit\u0103\u021bile statului, \u00eens\u0103 cadrul legislativ ce guverneaz\u0103 condi\u021biile de accedere la o func\u021bie trebuie s\u0103 fie unul coerent, predictibil \u0219i unitar, aplicabil tuturor reprezentan\u021bilor celor trei puteri organizate \u00een cadrul democra\u021biei constitu\u021bionale. Separa\u0163ia puterilor \u00een stat nu \u00eenseamn\u0103 lipsa unui mecanism de control \u00eentre puterile statului; dimpotriv\u0103, presupune existen\u0163a unui control reciproc, precum \u0219i realizarea unui echilibru de for\u0163e \u00eentre acestea. Or, un asemenea echilibru nu poate fi realizat dec\u00e2t prin existen\u021ba unui sistem coerent menit s\u0103 asigure condi\u021bii de integritate general valabile \u00een exercitarea func\u021biilor apar\u021bin\u00e2nd acestor trei puteri\u201d, ar\u0103ta Avocatul Poporului, la momentul sesiz\u0103rii CCR.<\/p>\n<p data-index=\"11\">Ulterior, la prima dezbatere a sesiz\u0103rii, <strong>reprezentantul Avocatului Poporului a pledat pentru admiterea sesiz\u0103rii f\u0103c\u00e2nd trimitere la Statutul deputa\u021bilor \u0219i senatorilor care nu con\u021bine vreo interdic\u021bie pentru persoanele condamnate<\/strong>, interdic\u021bia put\u00e2nd deriva doar din decizia definitiv\u0103 a instan\u021bei.<\/p>\n<p data-index=\"12\">Procurorul de \u0219edin\u021b\u0103 a invocat, \u00een schimb, alte categorii de profesii din domeniul public &#8211; medici, denti\u0219ti, primari, etc. &#8211; \u00een cazul c\u0103rora o condamnare definitiv\u0103 pentru anumite infrac\u021biuni \u00een leg\u0103tur\u0103 cu serviciul atrage interdic\u021bia exercit\u0103rii profesiei. <strong>Procurorul a mai ar\u0103tat c\u0103 trebuie s\u0103 existe un standard minim comun pentru ocuparea unei func\u021bii publice<\/strong>.<\/p>\n<p data-index=\"13\">Dup\u0103 alegerile parlamentare, pre\u0219edintele PSD, Liviu Dragnea, a sus\u021binut c\u0103 social-democra\u021bii nu vor ini\u021bia \u00een Parlament vreo procedur\u0103 de modificare a legii care-l \u00eempiedica s\u0103 devin\u0103 membru al Guvernului. Totu\u0219i, liderul PSD a precizat c\u0103 este decizia Avocatului Poporului dac\u0103 atac\u0103 sau nu prevederea la CCR, pe care a catalogat-o drept <strong>\u201eo abolire\u201d, \u201eo dec\u0103dere pe via\u021b\u0103\u201d din dreptul de \u201ea fi ales\u201d<\/strong>. \u201eNu este nici m\u0103car o restr\u00e2ngere a drepturilor fundamentale \u015fi aici <strong>vorbim de dreptul de a fi ales pentru c\u0103 membrii Guvernului sunt vota\u0163i de Parlament, deci sunt ale\u015fi<\/strong>\u201d a sus\u021binut, atunci, Dragnea.<\/p>\n<p data-index=\"14\">Pre\u0219edintele PSD a declarat duminica trecut\u0103, la un post de televiziune, c\u0103 nu \u0219i-ar mai dori s\u0103 fie premier. \u201eObiectivul meu nu mai este s\u0103 fiu prim-ministru. Obiectivul meu este s\u0103 gestionez, at\u00e2t c\u00e2t pot, conducerea Camerei \u0219i conducerea Parlamentului, \u00eempreun\u0103 cu C\u0103lin Popescu T\u0103riceanu\u201d, a ar\u0103tat Dragnea.<\/p>\n<\/div>\n<p> Source URL: https:\/\/www.digi24.ro\/stiri\/actualitate\/politica\/ccr-a-treia-discutie-pe-legea-care-interzice-condamnatilor-sa-faca-parte-din-guvern-699648<\/p>\n","protected":false},"excerpt":{"rendered":"<p>Magistra\u021bii Cur\u021bii Constitu\u021bionale au am\u00e2nat pentru data de 27 aprilie luarea unei decizii asupra\u00a0sesiz\u0103rii Avocatului Poporului pe Legea nr. 90\/2001, actul normativ care l-a \u00eempiedicat pe Liviu Dragnea s\u0103 pretind\u0103 func\u021bia de premier. Este, practic, a treia am\u00e2nare decis\u0103 de CCR. La am\u00e2narea din 21 martie, pre\u0219edintele CCR, Valer Dorneanu, ar\u0103ta c\u0103 magistra\u021bii constitu\u021bionali s-ar [&hellip;]<\/p>\n","protected":false},"author":1,"featured_media":143528,"comment_status":"open","ping_status":"","sticky":false,"template":"","format":"standard","meta":{"footnotes":""},"categories":[2],"tags":[11],"class_list":["post-143527","post","type-post","status-publish","format-standard","has-post-thumbnail","hentry","category-politics","tag-digi24"],"_links":{"self":[{"href":"https:\/\/analyse.optim.biz\/index.php?rest_route=\/wp\/v2\/posts\/143527","targetHints":{"allow":["GET"]}}],"collection":[{"href":"https:\/\/analyse.optim.biz\/index.php?rest_route=\/wp\/v2\/posts"}],"about":[{"href":"https:\/\/analyse.optim.biz\/index.php?rest_route=\/wp\/v2\/types\/post"}],"author":[{"embeddable":true,"href":"https:\/\/analyse.optim.biz\/index.php?rest_route=\/wp\/v2\/users\/1"}],"replies":[{"embeddable":true,"href":"https:\/\/analyse.optim.biz\/index.php?rest_route=%2Fwp%2Fv2%2Fcomments&post=143527"}],"version-history":[{"count":0,"href":"https:\/\/analyse.optim.biz\/index.php?rest_route=\/wp\/v2\/posts\/143527\/revisions"}],"wp:featuredmedia":[{"embeddable":true,"href":"https:\/\/analyse.optim.biz\/index.php?rest_route=\/wp\/v2\/media\/143528"}],"wp:attachment":[{"href":"https:\/\/analyse.optim.biz\/index.php?rest_route=%2Fwp%2Fv2%2Fmedia&parent=143527"}],"wp:term":[{"taxonomy":"category","embeddable":true,"href":"https:\/\/analyse.optim.biz\/index.php?rest_route=%2Fwp%2Fv2%2Fcategories&post=143527"},{"taxonomy":"post_tag","embeddable":true,"href":"https:\/\/analyse.optim.biz\/index.php?rest_route=%2Fwp%2Fv2%2Ftags&post=143527"}],"curies":[{"name":"wp","href":"https:\/\/api.w.org\/{rel}","templated":true}]}}