{"id":143497,"date":"2017-04-04T08:49:36","date_gmt":"2017-04-04T05:49:36","guid":{"rendered":"https:\/\/analyse.optim.biz\/?p=143497"},"modified":"2017-04-04T08:49:36","modified_gmt":"2017-04-04T05:49:36","slug":"cazul-lui-eugen-bejinariu-retrimis-la-comisia-juridica","status":"publish","type":"post","link":"https:\/\/analyse.optim.biz\/?p=143497","title":{"rendered":"Cazul lui Eugen Bejinariu, retrimis la Comisia Juridic\u0103"},"content":{"rendered":"<div class=\"entry data-app-meta data-app-meta-article\" data-embed-base-url-canonical=\"https:\/\/www.digi24.ro\/embed\/stiri\/actualitate\/justitie\/imunitatea-lui-eugen-bejinariu-discutata-azi-in-camera-deputatilor-700096\">\n<p data-index=\"1\"><strong><span lang=\"ro-RO\">Cererea DNA de \u00eencuviin\u0163are a urm\u0103ririi penale \u00een cazul deputatului PSD Eugen Bejinariu nu va mai intra mar\u021bi pe ordinea de zi a plenului Camerei Deputa\u0163ilor, pentru dezbateri \u015fi vot final. Solicitarea DNA a fost trimis\u0103 Parlamentului \u00eenc\u0103 de anul trecut, \u00eens\u0103 fostul Legislativ nu a dat un vot, scrie News.ro.<\/span><\/strong><\/p>\n<figure class=\"article-thumb\"><img decoding=\"async\" src=\"https:\/\/analyse.optim.biz\/wp-content\/uploads\/2024\/09\/n2q0mthiyjnlmdjhndq5mmmzytjhnmvinjzjna-thumb_.jpg\" alt=\"161128_EUGEN_BEJINARIU_11_INQUAM_Octav_Ganea_\" data-skip-htmlfix=\"1\" title=\"n2q0mthiyjnlmdjhndq5mmmzytjhnmvinjzjna-thumb_\"><figcaption> Foto: InquamPhotos\/Octav Ganea <\/figcaption><\/figure>\n<p data-index=\"2\"><strong>Actualizare 10:18.<\/strong>\u00a0O nou\u0103 am\u00e2nare \u00een cazul lui Eugen Bejinariu. Cererea de ridicare a imunit\u0103\u021bii nu va mai fi discutat\u0103 ast\u0103zi \u00een plenul Camerei Deputa\u021bilor, dup\u0103 ce a fost retrimis\u0103 la Comisia Jurudic\u0103 pentru un nou raport.<\/p>\n<p data-index=\"3\">Retrimiterea la Comisia Juridic\u0103 a fost adoptat\u0103 prin vot majoritar al PSD \u0219i ALDE la solicitarea lui Eugen Nicolicea, pre\u0219edintele comisiei. El a motivat prin faptul c\u0103 raportul a fost f\u0103cut \u00een noiembrie anul trecut, c\u00e2nd \u00een Parlament erau al\u021bi deputa\u021bi \u0219i c\u0103 trebuie suspus la vot un raport f\u0103cut de actuala comisie juridic\u0103.<\/p>\n<hr>\n<p data-index=\"4\"><span lang=\"ro-RO\">Decizia a fost luat\u0103 \u00een \u015fedin\u0163a Biroului Permanent de luni, a anun\u0163at secretarul acestui for, Ioana Bran.\u00a0<\/span>\u00centrebat\u0103 ce se \u00eent\u00e2mpl\u0103 cu cererea DNA de \u00eencuviin\u0163are a urm\u0103ririi penale \u00een cazul lui Eugen Bejinariu, Ioana Bran a spus c\u0103 acest punct a fost introdus pe ordinea de zi a plenului de mar\u0163i, pentru dezbateri \u015fi vot final.<\/p>\n<p data-index=\"5\">Plenul Camerei Deputa\u0163ilor \u00een care urma s\u0103 fie votat\u0103 cererea DNA de urm\u0103rire penal\u0103 a fostului ministru PSD Eugen Bejinariu a fost suspendat, pe 5 decembrie 2016, din lips\u0103 de cvorum, dup\u0103 ce cu o s\u0103pt\u0103m\u00e2n\u0103 \u00eenainte \u015fedin\u0163a nu s-a putut desf\u0103\u015fura tot din lips\u0103 de cvorum.<\/p>\n<p data-index=\"6\">La alegerile din 11 decembrie, Eugen Bejinariu a fost ales deputat din partea PSD pentru un nou mandat.<\/p>\n<p data-index=\"7\">Pre\u015fedintele PSD, Liviu Dragnea, a declarat, \u00een 14 februarie, c\u0103 cererea DNA privind urm\u0103rirea penal\u0103 a deputatului Eugen Bejinariu, care dateaz\u0103 din mandatul trecut, va fi votat\u0103 cur\u00e2nd, explic\u00e2nd c\u0103, p\u00e2n\u0103 acum, subiectul a fost am\u00e2nat pentru c\u0103 pe ordinea de zi a plenului au fost \u201esubiecte mai importante\u201d.<\/p>\n<p data-index=\"8\">Procurorii DNA vor s\u0103 \u00eel pun\u0103 sub acuzare pe Eugen Bejinariu pentru c\u0103, \u00een perioada \u00een care a fost ministru pentru coordonarea Secretariatului General al Guvernului, \u00eenc\u0103lc\u00e2nd dispozi\u0163iile privind achizi\u0163iile publice, a ini\u0163iat \u015fi a sus\u0163inut proiectele hot\u0103r\u00e2rilor de guvern nr. 1473 din 11 decembrie 2003 \u015fi nr. 470 din 1 aprilie 2004, prin care s-a aprobat \u00eencheierea, \u00eentre Guvern \u015fi Fujitsu Siemens Computers GmbH, a unui contract comercial de \u00eenchiriere de licen\u0163e referitor la produsele Microsoft, invoc\u00e2ndu-se, \u00een mod nereal, calitatea companiei de unic distribuitor pentru aceste produse, \u00een scopul favoriz\u0103rii acesteia prin evitarea organiz\u0103rii unei licita\u0163ii publice.<\/p>\n<p data-index=\"9\">Eugen Bejinariu mai este suspectat c\u0103 a ini\u0163iat \u015fi sus\u0163inut proiectul Hot\u0103r\u00e2rii de Guvern nr. 1778 din 21 octombrie 2004, prin care s-a aprobat extinderea contractului comercial de \u00eenchiriere de licen\u0163e \u00eencheiat la data de 15 aprilie 2004 \u00eentre Guvern \u015fi Fujitsu Siemens Computers GmbH \u015fi pentru produsele educa\u0163ionale Microsoft, f\u0103r\u0103 a exista un necesar fundamentat. Procurorii sus\u0163in c\u0103 Bejinariu a semnat contractul comercial de \u00eenchiriere licen\u0163e Microsoft din 15 aprilie 2004 \u015fi actul adi\u0163ional la acesta, cunosc\u00e2nd c\u0103 nu era justificat\u0103 achizi\u0163ia din surs\u0103 unic\u0103.<\/p>\n<p data-index=\"10\">Prejudiciul produs statului prin aceste contracte care au avut la baz\u0103 hot\u0103r\u00e2ri de Guvern a fost estimat de procurorii DNA la 66.965.343 de dolari, sum\u0103 care a reprezentat un folos patrimonial necuvenit pentru compania Fujitsu Siemens Computers GmbH.<\/p>\n<p data-index=\"11\">\u00a0<\/p>\n<p data-index=\"12\">\u00a0<\/p>\n<\/div>\n<p> Source URL: https:\/\/www.digi24.ro\/stiri\/actualitate\/justitie\/imunitatea-lui-eugen-bejinariu-discutata-azi-in-camera-deputatilor-700096<\/p>\n","protected":false},"excerpt":{"rendered":"<p>Cererea DNA de \u00eencuviin\u0163are a urm\u0103ririi penale \u00een cazul deputatului PSD Eugen Bejinariu nu va mai intra mar\u021bi pe ordinea de zi a plenului Camerei Deputa\u0163ilor, pentru dezbateri \u015fi vot final. Solicitarea DNA a fost trimis\u0103 Parlamentului \u00eenc\u0103 de anul trecut, \u00eens\u0103 fostul Legislativ nu a dat un vot, scrie News.ro. Foto: InquamPhotos\/Octav Ganea Actualizare [&hellip;]<\/p>\n","protected":false},"author":1,"featured_media":143498,"comment_status":"open","ping_status":"","sticky":false,"template":"","format":"standard","meta":{"footnotes":""},"categories":[2],"tags":[11],"class_list":["post-143497","post","type-post","status-publish","format-standard","has-post-thumbnail","hentry","category-politics","tag-digi24"],"_links":{"self":[{"href":"https:\/\/analyse.optim.biz\/index.php?rest_route=\/wp\/v2\/posts\/143497","targetHints":{"allow":["GET"]}}],"collection":[{"href":"https:\/\/analyse.optim.biz\/index.php?rest_route=\/wp\/v2\/posts"}],"about":[{"href":"https:\/\/analyse.optim.biz\/index.php?rest_route=\/wp\/v2\/types\/post"}],"author":[{"embeddable":true,"href":"https:\/\/analyse.optim.biz\/index.php?rest_route=\/wp\/v2\/users\/1"}],"replies":[{"embeddable":true,"href":"https:\/\/analyse.optim.biz\/index.php?rest_route=%2Fwp%2Fv2%2Fcomments&post=143497"}],"version-history":[{"count":0,"href":"https:\/\/analyse.optim.biz\/index.php?rest_route=\/wp\/v2\/posts\/143497\/revisions"}],"wp:featuredmedia":[{"embeddable":true,"href":"https:\/\/analyse.optim.biz\/index.php?rest_route=\/wp\/v2\/media\/143498"}],"wp:attachment":[{"href":"https:\/\/analyse.optim.biz\/index.php?rest_route=%2Fwp%2Fv2%2Fmedia&parent=143497"}],"wp:term":[{"taxonomy":"category","embeddable":true,"href":"https:\/\/analyse.optim.biz\/index.php?rest_route=%2Fwp%2Fv2%2Fcategories&post=143497"},{"taxonomy":"post_tag","embeddable":true,"href":"https:\/\/analyse.optim.biz\/index.php?rest_route=%2Fwp%2Fv2%2Ftags&post=143497"}],"curies":[{"name":"wp","href":"https:\/\/api.w.org\/{rel}","templated":true}]}}