{"id":1431574,"date":"2026-01-13T20:37:38","date_gmt":"2026-01-13T17:37:38","guid":{"rendered":"https:\/\/analyse.optim.biz\/?p=1431574"},"modified":"2026-01-13T20:37:38","modified_gmt":"2026-01-13T17:37:38","slug":"parintele-tanasa-din-ulmeni-are-nevoie-de-ajutor","status":"publish","type":"post","link":"https:\/\/analyse.optim.biz\/?p=1431574","title":{"rendered":"P\u0103rintele T\u0103nas\u0103 din Ulmeni are nevoie de ajutor"},"content":{"rendered":"<article id=\"post-117694\" class=\"post-117694 post type-post status-publish format-video has-post-thumbnail hentry category-actualitate post_format-post-format-video\">\n<div class=\"td-post-header\">\n<ul class=\"td-category\">\n<li class=\"entry-category\"><a href=\"https:\/\/www.tvbuzau.ro\/category\/actualitate\/\">Actualitate<\/a><\/li>\n<\/ul>\n<header class=\"td-post-title\">\n<h1 class=\"entry-title\">P\u0103rintele T\u0103nas\u0103 din Ulmeni are nevoie de ajutor<\/h1>\n<div class=\"td-module-meta-info\">\n<div class=\"td-post-author-name\">De c\u0103tre <a href=\"https:\/\/www.tvbuzau.ro\/author\/mihai-vasilescu\/\">TV Buz\u0103u<\/a> &#8211; <\/div>\n<p><span class=\"td-post-date\"><time class=\"entry-date updated td-module-date\" datetime=\"2026-01-13T20:37:38+00:00\">ianuarie 13, 2026<\/time><\/span><\/p>\n<div class=\"td-post-comments\"><a href=\"https:\/\/www.tvbuzau.ro\/parintele-tanasa-din-ulmeni-are-nevoie-de-ajutor\/#respond\">0<\/a><\/div>\n<div class=\"td-post-views\"><span class=\"td-nr-views-117694\">149<\/span><\/div>\n<\/div>\n<\/header>\n<\/div>\n<div class=\"td-post-sharing td-post-sharing-top td-with-like\">\n<div class=\"td-default-sharing\"><a class=\"td-social-sharing-buttons td-social-facebook\" href=\"http:\/\/www.facebook.com\/sharer.php?u=https%3A%2F%2Fwww.tvbuzau.ro%2Fparintele-tanasa-din-ulmeni-are-nevoie-de-ajutor%2F\"><\/p>\n<div class=\"td-social-but-text\">Distribui\u021bi pe Facebook<\/div>\n<p><\/a><a class=\"td-social-sharing-buttons td-social-twitter\" href=\"https:\/\/twitter.com\/intent\/tweet?text=P%C4%83rintele+T%C4%83nas%C4%83+din+Ulmeni+are+nevoie+de+ajutor&amp;url=https%3A%2F%2Fwww.tvbuzau.ro%2Fparintele-tanasa-din-ulmeni-are-nevoie-de-ajutor%2F&amp;via=TV+Buz%C4%83u\"><\/p>\n<div class=\"td-social-but-text\">Distribui\u021bi pe Twitter<\/div>\n<p><\/a><\/div>\n<div class=\"td-classic-sharing\">\n<ul>\n<li class=\"td-classic-facebook\"><iframe frameborder src=\"https:\/\/www.facebook.com\/plugins\/like.php?href=https:\/\/www.tvbuzau.ro\/parintele-tanasa-din-ulmeni-are-nevoie-de-ajutor\/&amp;layout=button_count&amp;show_faces=false&amp;width=105&amp;action=like&amp;colorscheme=light&amp;height=21\"><\/iframe><\/li>\n<li class=\"td-classic-twitter\"><a href=\"https:\/\/twitter.com\/share\" class=\"twitter-share-button\" data-url=\"https:\/\/www.tvbuzau.ro\/parintele-tanasa-din-ulmeni-are-nevoie-de-ajutor\/\" data-text=\"P\u0103rintele T\u0103nas\u0103 din Ulmeni are nevoie de ajutor\" data-via data-lang=\"en\">tweet<\/a><\/li>\n<\/ul>\n<\/div>\n<\/div>\n<div class=\"td-post-content\">\n<div class=\"td-featured-image-rec\">\n<div class=\"wpb_video_wrapper\">\n                    <iframe loading=\"lazy\" id=\"td_youtube_player\" width=\"600\" height=\"560\" src=\"https:\/\/www.youtube.com\/embed\/vqZRbidGNEQ?enablejsapi=1&amp;feature=oembed&amp;wmode=opaque&amp;vq=hd720\" frameborder allowfullscreen><\/iframe><\/p><\/div>\n<\/div>\n<p>Tragedie \u00een masivul Bucegi; copilul are nevoie de ajutor<br \/>\nO tragedie cumplit\u0103 a lovit familia p\u0103rintelui T\u0103nas\u0103 \u0218tefan care sluje\u0219te la a\u0219ez\u0103m\u00e2ntul Sf.Sava din Ulmeni. Copilul s\u0103u \u00een v\u00e2rst\u0103 de 17 ani  trebuie s\u0103 mearg\u0103 \u00een str\u0103in\u0103tate pentru investiga\u021bii \u0219i tratament de specialitate dup\u0103 ce a c\u0103zut \u00eentr-o r\u00e2p\u0103 \u00een masivul Bucegi \u0219i nu se mai poate mi\u0219ca de la br\u00e2u \u00een jos. T\u00e2n\u0103rul \u00een v\u00e2rst\u0103 de 17 ani a fost al\u0103turi de tat\u0103l s\u0103u  la Pe\u0219tera Ialomi\u021bei, ulterior cei doi au \u00eencercat s\u0103 se deplaseze spre v\u00e2rful Omu.<br \/>\nDe\u0219i avea experien\u021b\u0103, urc\u00e2nd anterior  pe Vf.Negoiu, \u00eenainte cu c\u00e2teva zeci de minute de a atinge Vf.Omu t\u00e2n\u0103rul a alunecat \u00eentr-o pr\u0103pastie, s-a lovit la coloan\u0103 fiind recuperat ulterior de salvamonti\u0219ti.<br \/>\n\u00cen acest moment urmeaz\u0103 investiga\u021bii \u0219i recuperare at\u00e2t \u00een \u021bar\u0103 c\u00e2t \u0219i \u00een str\u0103in\u0103tate, \u00een schimb costurile sunt deosebit de ridicate.<br \/>\nFamilia \u0219i t\u00e2n\u0103rul au nevoie de rug\u0103ciune, sprijin \u0219i solidaritate.<\/p>\n<p>Cont RON :RO95 BTRL RON CRT 0220 2832 01<br \/>\nTitular: Tanasa Stefan<\/p>\n<div class=\"post-views post-117694 entry-meta\"><span class=\"post-views-label\">Post Views: <\/span><span class=\"post-views-count\">384<\/span><\/div>\n<\/div>\n<footer>\n<div class=\"td-post-sharing td-post-sharing-bottom td-with-like\"><span class=\"td-post-share-title\">DISTRIBUI\u021aI<\/span><\/p>\n<div class=\"td-default-sharing\"><a class=\"td-social-sharing-buttons td-social-facebook\" href=\"http:\/\/www.facebook.com\/sharer.php?u=https%3A%2F%2Fwww.tvbuzau.ro%2Fparintele-tanasa-din-ulmeni-are-nevoie-de-ajutor%2F\"><\/p>\n<div class=\"td-social-but-text\">Facebook<\/div>\n<p><\/a><a class=\"td-social-sharing-buttons td-social-twitter\" href=\"https:\/\/twitter.com\/intent\/tweet?text=P%C4%83rintele+T%C4%83nas%C4%83+din+Ulmeni+are+nevoie+de+ajutor&amp;url=https%3A%2F%2Fwww.tvbuzau.ro%2Fparintele-tanasa-din-ulmeni-are-nevoie-de-ajutor%2F&amp;via=TV+Buz%C4%83u\"><\/p>\n<div class=\"td-social-but-text\">Twitter<\/div>\n<p><\/a><\/div>\n<div class=\"td-classic-sharing\">\n<ul>\n<li class=\"td-classic-facebook\"><iframe frameborder src=\"https:\/\/www.facebook.com\/plugins\/like.php?href=https:\/\/www.tvbuzau.ro\/parintele-tanasa-din-ulmeni-are-nevoie-de-ajutor\/&amp;layout=button_count&amp;show_faces=false&amp;width=105&amp;action=like&amp;colorscheme=light&amp;height=21\"><\/iframe><\/li>\n<li class=\"td-classic-twitter\"><a href=\"https:\/\/twitter.com\/share\" class=\"twitter-share-button\" data-url=\"https:\/\/www.tvbuzau.ro\/parintele-tanasa-din-ulmeni-are-nevoie-de-ajutor\/\" data-text=\"P\u0103rintele T\u0103nas\u0103 din Ulmeni are nevoie de ajutor\" data-via data-lang=\"en\">tweet<\/a><\/li>\n<\/ul>\n<\/div>\n<\/div>\n<div class=\"td-author-name vcard author\"><span class=\"fn\"><a href=\"https:\/\/www.tvbuzau.ro\/author\/mihai-vasilescu\/\">TV Buz\u0103u<\/a><\/span><\/div>\n<p><span><\/span><span><span><\/span><\/span><span><\/span><\/footer>\n<\/article>\n<p> Source URL: https:\/\/www.tvbuzau.ro\/parintele-tanasa-din-ulmeni-are-nevoie-de-ajutor\/<\/p>\n","protected":false},"excerpt":{"rendered":"<p>Actualitate P\u0103rintele T\u0103nas\u0103 din Ulmeni are nevoie de ajutor De c\u0103tre TV Buz\u0103u &#8211; ianuarie 13, 2026 0 149 Distribui\u021bi pe Facebook Distribui\u021bi pe Twitter tweet Tragedie \u00een masivul Bucegi; copilul are nevoie de ajutor O tragedie cumplit\u0103 a lovit familia p\u0103rintelui T\u0103nas\u0103 \u0218tefan care sluje\u0219te la a\u0219ez\u0103m\u00e2ntul Sf.Sava din Ulmeni. Copilul s\u0103u \u00een v\u00e2rst\u0103 [&hellip;]<\/p>\n","protected":false},"author":1,"featured_media":0,"comment_status":"open","ping_status":"","sticky":false,"template":"","format":"standard","meta":{"footnotes":""},"categories":[2],"tags":[116],"class_list":["post-1431574","post","type-post","status-publish","format-standard","hentry","category-politics","tag-tvbuzau-ro"],"_links":{"self":[{"href":"https:\/\/analyse.optim.biz\/index.php?rest_route=\/wp\/v2\/posts\/1431574","targetHints":{"allow":["GET"]}}],"collection":[{"href":"https:\/\/analyse.optim.biz\/index.php?rest_route=\/wp\/v2\/posts"}],"about":[{"href":"https:\/\/analyse.optim.biz\/index.php?rest_route=\/wp\/v2\/types\/post"}],"author":[{"embeddable":true,"href":"https:\/\/analyse.optim.biz\/index.php?rest_route=\/wp\/v2\/users\/1"}],"replies":[{"embeddable":true,"href":"https:\/\/analyse.optim.biz\/index.php?rest_route=%2Fwp%2Fv2%2Fcomments&post=1431574"}],"version-history":[{"count":0,"href":"https:\/\/analyse.optim.biz\/index.php?rest_route=\/wp\/v2\/posts\/1431574\/revisions"}],"wp:attachment":[{"href":"https:\/\/analyse.optim.biz\/index.php?rest_route=%2Fwp%2Fv2%2Fmedia&parent=1431574"}],"wp:term":[{"taxonomy":"category","embeddable":true,"href":"https:\/\/analyse.optim.biz\/index.php?rest_route=%2Fwp%2Fv2%2Fcategories&post=1431574"},{"taxonomy":"post_tag","embeddable":true,"href":"https:\/\/analyse.optim.biz\/index.php?rest_route=%2Fwp%2Fv2%2Ftags&post=1431574"}],"curies":[{"name":"wp","href":"https:\/\/api.w.org\/{rel}","templated":true}]}}