{"id":143135,"date":"2017-04-08T13:46:04","date_gmt":"2017-04-08T10:46:04","guid":{"rendered":"https:\/\/analyse.optim.biz\/?p=143135"},"modified":"2017-04-08T13:46:04","modified_gmt":"2017-04-08T10:46:04","slug":"tariceanu-are-intalniri-luni-la-bruxelles-cu-seful-ce-si-comisarul-pentru-justitie","status":"publish","type":"post","link":"https:\/\/analyse.optim.biz\/?p=143135","title":{"rendered":"T\u0103riceanu are \u00eent\u00e2lniri, luni, la Bruxelles, cu \u0219eful CE \u0219i comisarul pentru justi\u021bie"},"content":{"rendered":"<div class=\"entry data-app-meta data-app-meta-article\" data-embed-base-url-canonical=\"https:\/\/www.digi24.ro\/embed\/stiri\/actualitate\/politica\/tariceanu-are-intalniri-luni-la-bruxelles-cu-seful-ce-si-comisarul-pentru-justitie-703085\">\n<p class=\"intro\" data-index=\"1\"><strong>Pre\u0219edintele Senatului Rom\u00e2niei, C\u0103lin Popescu &#8211; T\u0103riceanu, va avea luni, 10 aprilie 2017, \u00a0\u00eentrevederi cu\u00a0 Jean-Claude Juncker, pre\u0219edintele Comisiei Europene, \u00a0\u0219i cu Vera Jourova, comisarul\u00a0 pentru justi\u021bie, la sediul Comisiei Europene de la Bruxelles, anun\u021b\u0103, s\u00e2mb\u0103t\u0103, un comunicat al Senatului.<\/strong><\/p>\n<p class=\"intro\" data-index=\"2\"><img loading=\"lazy\" decoding=\"async\" class=\"alignnone size-full wp-image-681874\" src=\"https:\/\/analyse.optim.biz\/wp-content\/uploads\/2024\/09\/jnc9odawjmhhc2g9ytk4mmjlymrmnta2ztviowzlodrkntdlzgmwogriotc-thumb_-1.jpg\" alt=\"tariceanu la senat\" width=\"561\" height=\"357\" data-skip-htmlfix=\"1\" title=\"jnc9odawjmhhc2g9ytk4mmjlymrmnta2ztviowzlodrkntdlzgmwogriotc-thumb_-1\"><\/p>\n<p data-index=\"3\">\u00centrevederile vor avea ca teme de discu\u021bie viitorul Uniunii Europene, procesul Brexit \u0219i stadiul mecanismului de cooperare \u0219i verificare, precizeaz\u0103 comunicatul.<\/p>\n<p data-index=\"4\">\u201e\u00cen contextul dificil actual european, \u00a0marcat de perspectiva procesului Brexit \u0219i de existenta a numeroase \u0219 complexe riscuri \u0219i provoc\u0103ri contribu\u021bia tuturor statelor membre la reflec\u021bia aprofundat\u0103 asupra viitorului proiectului european este binevenit\u0103\u201d, apreciaz\u0103 comunicatul institu\u021biei conduse de C\u0103lin Popescu-T\u0103riceanu.<\/p>\n<p data-index=\"5\">\u201eDiscu\u021biile \u0219i consult\u0103rile au loc\u00a0 \u00een contextul eforturilor politice pe care Rom\u00e2nia trebuie s\u0103 le fac\u0103 pentru sus\u021binerea intereselor na\u021bionale \u00een plan european, \u021bin\u00e2nd cont de rolul important\u00a0 al parlamentelor na\u021bionale\u00a0 \u00een conturarea viitorului institu\u021bional \u0219i func\u021bional al Uniunii Europene\u201d, se mai spune \u00een comunicat.<\/p>\n<p data-index=\"6\">Citi\u021bi \u0219i:\u00a0<\/p>\n<p class=\"h2\" data-index=\"7\"><strong><a href=\"https:\/\/www.digi24.ro\/stiri\/actualitate\/politica\/tariceanu-ar-trebui-romania-sa-accepte-un-deficit-de-3-la-suta-care-ne-blocheaza-dezvoltarea-viitoare-634559\" data-skip-linkfix=\"1\">T\u0103riceanu: Ar trebui Rom\u00e2nia s\u0103 accepte un deficit de 3 la sut\u0103, care ne blocheaz\u0103 dezvoltarea viitoare?<\/a><\/strong><\/p>\n<p class=\"card-title\" data-index=\"8\"><strong><a title=\"title\" href=\"https:\/\/www.digi24.ro\/stiri\/actualitate\/justitie\/tariceanu-nu-exclude-introducerea-unui-prag-pentru-abuzul-in-serviciu-701641\" data-skip-linkfix=\"1\">T\u0103riceanu nu exclude introducerea unui prag pentru abuzul \u00een serviciu<\/a><\/strong><\/p>\n<p class=\"card-title\" data-index=\"9\"><strong><a title=\"title\" href=\"https:\/\/www.digi24.ro\/stiri\/actualitate\/politica\/tariceanu-nu-guvernul-a-gresit-cu-oug-13-protestatarii-au-stricat-imaginea-romaniei-695229\" data-skip-linkfix=\"1\">T\u0103riceanu: Nu Guvernul a gre\u0219it cu OUG 13. Protestatarii au stricat imaginea Rom\u00e2niei<\/a><\/strong><\/p>\n<p class=\"card-title\" data-index=\"10\"><strong><a title=\"title\" href=\"https:\/\/www.digi24.ro\/stiri\/actualitate\/justitie\/tariceanu-laura-codruta-kovesi-trebuie-sa-demisioneze-695155\" data-skip-linkfix=\"1\">T\u0103riceanu: Laura Codru\u021ba Kovesi trebuie s\u0103 demisioneze<\/a><\/strong><\/p>\n<\/div>\n<p> Source URL: https:\/\/www.digi24.ro\/stiri\/actualitate\/politica\/tariceanu-are-intalniri-luni-la-bruxelles-cu-seful-ce-si-comisarul-pentru-justitie-703085<\/p>\n","protected":false},"excerpt":{"rendered":"<p>Pre\u0219edintele Senatului Rom\u00e2niei, C\u0103lin Popescu &#8211; T\u0103riceanu, va avea luni, 10 aprilie 2017, \u00a0\u00eentrevederi cu\u00a0 Jean-Claude Juncker, pre\u0219edintele Comisiei Europene, \u00a0\u0219i cu Vera Jourova, comisarul\u00a0 pentru justi\u021bie, la sediul Comisiei Europene de la Bruxelles, anun\u021b\u0103, s\u00e2mb\u0103t\u0103, un comunicat al Senatului. \u00centrevederile vor avea ca teme de discu\u021bie viitorul Uniunii Europene, procesul Brexit \u0219i stadiul mecanismului [&hellip;]<\/p>\n","protected":false},"author":1,"featured_media":143136,"comment_status":"open","ping_status":"","sticky":false,"template":"","format":"standard","meta":{"footnotes":""},"categories":[2],"tags":[11],"class_list":["post-143135","post","type-post","status-publish","format-standard","has-post-thumbnail","hentry","category-politics","tag-digi24"],"_links":{"self":[{"href":"https:\/\/analyse.optim.biz\/index.php?rest_route=\/wp\/v2\/posts\/143135","targetHints":{"allow":["GET"]}}],"collection":[{"href":"https:\/\/analyse.optim.biz\/index.php?rest_route=\/wp\/v2\/posts"}],"about":[{"href":"https:\/\/analyse.optim.biz\/index.php?rest_route=\/wp\/v2\/types\/post"}],"author":[{"embeddable":true,"href":"https:\/\/analyse.optim.biz\/index.php?rest_route=\/wp\/v2\/users\/1"}],"replies":[{"embeddable":true,"href":"https:\/\/analyse.optim.biz\/index.php?rest_route=%2Fwp%2Fv2%2Fcomments&post=143135"}],"version-history":[{"count":0,"href":"https:\/\/analyse.optim.biz\/index.php?rest_route=\/wp\/v2\/posts\/143135\/revisions"}],"wp:featuredmedia":[{"embeddable":true,"href":"https:\/\/analyse.optim.biz\/index.php?rest_route=\/wp\/v2\/media\/143136"}],"wp:attachment":[{"href":"https:\/\/analyse.optim.biz\/index.php?rest_route=%2Fwp%2Fv2%2Fmedia&parent=143135"}],"wp:term":[{"taxonomy":"category","embeddable":true,"href":"https:\/\/analyse.optim.biz\/index.php?rest_route=%2Fwp%2Fv2%2Fcategories&post=143135"},{"taxonomy":"post_tag","embeddable":true,"href":"https:\/\/analyse.optim.biz\/index.php?rest_route=%2Fwp%2Fv2%2Ftags&post=143135"}],"curies":[{"name":"wp","href":"https:\/\/api.w.org\/{rel}","templated":true}]}}