{"id":143123,"date":"2017-04-08T16:25:59","date_gmt":"2017-04-08T13:25:59","guid":{"rendered":"https:\/\/analyse.optim.biz\/?p=143123"},"modified":"2017-04-08T16:25:59","modified_gmt":"2017-04-08T13:25:59","slug":"pnl-si-a-ales-seful-organizatiei-bucuresti","status":"publish","type":"post","link":"https:\/\/analyse.optim.biz\/?p=143123","title":{"rendered":"PNL \u0219i-a ales \u0219eful organiza\u021biei Bucure\u0219ti"},"content":{"rendered":"<div class=\"entry data-app-meta data-app-meta-article\" data-embed-base-url-canonical=\"https:\/\/www.digi24.ro\/embed\/stiri\/actualitate\/politica\/pnl-si-a-ales-seful-organizatiei-bucuresti-703177\">\n<p data-index=\"1\"><strong><span lang=\"ro-RO\">Partidul \u0219i-a exprimat duminic\u0103 \u0219i sprijinul pentru alegerea lui Klaus Iohannis \u00eentr-un nou mandat de pre\u0219edinte.<\/span><\/strong><\/p>\n<p data-index=\"2\"><img loading=\"lazy\" decoding=\"async\" class=\"alignnone size-full wp-image-460859\" src=\"https:\/\/analyse.optim.biz\/wp-content\/uploads\/2024\/09\/ytmzymviytqwnwy0ntzlyzkzyzewyjvlzda2nmqwma-thumb_.jpg\" alt=\"PNL 1\" width=\"800\" height=\"533\" data-skip-htmlfix=\"1\" title=\"ytmzymviytqwnwy0ntzlyzkzyzewyjvlzda2nmqwma-thumb_\"><\/p>\n<p data-index=\"3\">Pre\u015fedintele interimar al PNL Bucure\u015fti, Cristian Bu\u015foi, a fost ales \u00een func\u0163ia de lider al organiza\u0163iei cu 647 de voturi, el neav\u00e2nd contracandidat. Bu\u015foi le-a mul\u0163umit celor aproximativ 100 de liberali r\u0103ma\u015fi la reuniune, majoritatea plec\u00e2nd dup\u0103 ce \u015fi-au exprimat votul.<\/p>\n<p data-index=\"4\">\u201dAm avut 726 de buletine de vot. 79 dintre ele au fost anulate fiindc\u0103 nu s-a f\u0103cut procedura de vot corespunz\u0103toare \u015fi avem 647 de voturi valabil exprimate, neanulate, toate pentru candidatura domnului Cristian Bu\u015foi. Deci domnul Cristian Bu\u015foi &#8211; vechiul \u015fi noul pre\u015fedinte al PNL Bucure\u015fti, pe care \u00eel felicit\u0103m\u201d, a anun\u0163at prim-vicepre\u015fedintele PNL Teodor Atanasiu.<\/p>\n<p data-index=\"5\">Cristian Bu\u015foi a fost singurul candidat pentru func\u0163ia de pre\u015fedinte al organiza\u0163iei PNL Bucure\u015fti,<\/p>\n<p data-index=\"6\">cei mai mul\u0163i dintre liberali p\u0103r\u0103sind reuniunea dup\u0103 ce \u015fi-au exprimat votul.<\/p>\n<p data-index=\"7\">\u201dV\u0103 mul\u0163umesc \u00een primul r\u00e2nd dumneavoastr\u0103, celor care a\u0163i rezistat eroic p\u00e2n\u0103 la num\u0103rarea rezultatelor pentru func\u0163ia de pre\u015fedinte. Mergem \u00eempreun\u0103 \u00eenainte, cu \u00eencredere, cu unitate, cu echilibru, cu o echip\u0103, s\u0103 \u00eei convingem pe bucure\u015fteni c\u0103 PNL are solu\u0163iile cele bune pentru Bucure\u015fti \u015fi pentru Rom\u00e2nia\u201d, a afirmat Cristian Bu\u015foi \u00een fa\u0163a celor aproximativ 100 de delega\u0163i liberali r\u0103ma\u015fi \u00een sal\u0103.<\/p>\n<p data-index=\"8\">Cristian Bu\u015foi, care este liderul PNL Bucure\u015fti din iulie 2016. El a fost ales la conducerea PNL Bucure\u015fti dup\u0103 ce C\u0103t\u0103lin Predoiu a demisionat \u00een urma rezultatului dezastruos de doar 11,2% ob\u0163inut la alegerile locale din 2016, c\u00e2nd a candidat pentru func\u0163ia de primar general al Capitalei.<\/p>\n<p data-index=\"9\">De altfel, nici Cristian Bu\u015foi nu a ob\u0163inut rezultate electorale mult mai bune de c\u00e2nd a preluat conducerea organiza\u0163iei. La alegerile parlamentare din decembrie 2016, PNL a ob\u0163inut \u00een Bucure\u015fti abia 11,97% din voturi, clas\u00e2ndu-se pe locul 3 \u00een topul celor mai neperformante filiale PNL din \u0163ar\u0103.<\/p>\n<p data-index=\"10\">Considerat un apropiat al pre\u015fedintelui Klaus Iohannis, Cristian Bu\u015foi a declarat c\u0103 ia \u00een calcul inclusiv candidatura la \u015fefia partidului \u00een cadrul congresului din 17 iunie \u201ddac\u0103 \u015fi al\u0163i colegi din \u0163ar\u0103 vor dovedi deschidere\u201d. P\u00e2n\u0103 acum \u00een cursa pentru pre\u015fedin\u0163ia PNL au intrat oficial Ludovic Orban \u015fi C\u0103t\u0103lin Predoiu.<\/p>\n<p data-index=\"11\">Liberalii, echip\u0103 cu pre\u015fedintele Klaus Iohannis \u015fi \u00een 2019<\/p>\n<p data-index=\"12\">Liderul PNL Bucure\u015fti, Cristian Bu\u015foi, spune c\u0103 partidul \u00eel sus\u0163ine pe \u015feful statului pentru un nou mandat. De\u015fi nu o spune r\u0103spicat, liberalul d\u0103 de \u00een\u0163eles c\u0103 pre\u015fedintele ar putea s\u0103 nu-\u015fi doreasc\u0103 sus\u0163inerea PNL \u00een viitor. Motiv pentru care Cristian Bu\u015foi spune c\u0103 este important ca partidul s\u0103 continue parteneriatul cu \u015feful statului. Iar \u00een cazul \u00een care Klaus Iohannis ar refuza s\u0103 candideze a doua oar\u0103 din partea PNL, liberalii vor s\u0103-\u015fi caute propria garnitur\u0103 de lideri.<\/p>\n<\/div>\n<p> Source URL: https:\/\/www.digi24.ro\/stiri\/actualitate\/politica\/pnl-si-a-ales-seful-organizatiei-bucuresti-703177<\/p>\n","protected":false},"excerpt":{"rendered":"<p>Partidul \u0219i-a exprimat duminic\u0103 \u0219i sprijinul pentru alegerea lui Klaus Iohannis \u00eentr-un nou mandat de pre\u0219edinte. Pre\u015fedintele interimar al PNL Bucure\u015fti, Cristian Bu\u015foi, a fost ales \u00een func\u0163ia de lider al organiza\u0163iei cu 647 de voturi, el neav\u00e2nd contracandidat. Bu\u015foi le-a mul\u0163umit celor aproximativ 100 de liberali r\u0103ma\u015fi la reuniune, majoritatea plec\u00e2nd dup\u0103 ce \u015fi-au [&hellip;]<\/p>\n","protected":false},"author":1,"featured_media":143124,"comment_status":"open","ping_status":"","sticky":false,"template":"","format":"standard","meta":{"footnotes":""},"categories":[2],"tags":[11],"class_list":["post-143123","post","type-post","status-publish","format-standard","has-post-thumbnail","hentry","category-politics","tag-digi24"],"_links":{"self":[{"href":"https:\/\/analyse.optim.biz\/index.php?rest_route=\/wp\/v2\/posts\/143123","targetHints":{"allow":["GET"]}}],"collection":[{"href":"https:\/\/analyse.optim.biz\/index.php?rest_route=\/wp\/v2\/posts"}],"about":[{"href":"https:\/\/analyse.optim.biz\/index.php?rest_route=\/wp\/v2\/types\/post"}],"author":[{"embeddable":true,"href":"https:\/\/analyse.optim.biz\/index.php?rest_route=\/wp\/v2\/users\/1"}],"replies":[{"embeddable":true,"href":"https:\/\/analyse.optim.biz\/index.php?rest_route=%2Fwp%2Fv2%2Fcomments&post=143123"}],"version-history":[{"count":0,"href":"https:\/\/analyse.optim.biz\/index.php?rest_route=\/wp\/v2\/posts\/143123\/revisions"}],"wp:featuredmedia":[{"embeddable":true,"href":"https:\/\/analyse.optim.biz\/index.php?rest_route=\/wp\/v2\/media\/143124"}],"wp:attachment":[{"href":"https:\/\/analyse.optim.biz\/index.php?rest_route=%2Fwp%2Fv2%2Fmedia&parent=143123"}],"wp:term":[{"taxonomy":"category","embeddable":true,"href":"https:\/\/analyse.optim.biz\/index.php?rest_route=%2Fwp%2Fv2%2Fcategories&post=143123"},{"taxonomy":"post_tag","embeddable":true,"href":"https:\/\/analyse.optim.biz\/index.php?rest_route=%2Fwp%2Fv2%2Ftags&post=143123"}],"curies":[{"name":"wp","href":"https:\/\/api.w.org\/{rel}","templated":true}]}}