{"id":1431167,"date":"2026-01-19T20:49:48","date_gmt":"2026-01-19T17:49:48","guid":{"rendered":"https:\/\/analyse.optim.biz\/?p=1431167"},"modified":"2026-01-19T20:49:48","modified_gmt":"2026-01-19T17:49:48","slug":"personele-cu-handicap-si-donatorii-de-sange-raman-fara-reduceri-la-impozite","status":"publish","type":"post","link":"https:\/\/analyse.optim.biz\/?p=1431167","title":{"rendered":"Personele cu handicap \u015fi donatorii de s\u00e2nge r\u0103m\u00e2n f\u0103r\u0103 reduceri la impozite"},"content":{"rendered":"<article id=\"post-117768\" class=\"post-117768 post type-post status-publish format-video has-post-thumbnail hentry category-actualitate post_format-post-format-video\">\n<div class=\"td-post-header\">\n<ul class=\"td-category\">\n<li class=\"entry-category\"><a href=\"https:\/\/www.tvbuzau.ro\/category\/actualitate\/\">Actualitate<\/a><\/li>\n<\/ul>\n<header class=\"td-post-title\">\n<h1 class=\"entry-title\">Personele cu handicap \u015fi donatorii de s\u00e2nge r\u0103m\u00e2n f\u0103r\u0103 reduceri la impozite<\/h1>\n<div class=\"td-module-meta-info\">\n<div class=\"td-post-author-name\">De c\u0103tre <a href=\"https:\/\/www.tvbuzau.ro\/author\/mihai-vasilescu\/\">TV Buz\u0103u<\/a> &#8211; <\/div>\n<p><span class=\"td-post-date\"><time class=\"entry-date updated td-module-date\" datetime=\"2026-01-19T20:49:48+00:00\">ianuarie 19, 2026<\/time><\/span><\/p>\n<div class=\"td-post-comments\"><a href=\"https:\/\/www.tvbuzau.ro\/personele-cu-handicap-si-donatorii-de-sange-raman-fara-reduceri-la-impozite\/#respond\">0<\/a><\/div>\n<div class=\"td-post-views\"><span class=\"td-nr-views-117768\">49<\/span><\/div>\n<\/div>\n<\/header>\n<\/div>\n<div class=\"td-post-sharing td-post-sharing-top td-with-like\">\n<div class=\"td-default-sharing\"><a class=\"td-social-sharing-buttons td-social-facebook\" href=\"http:\/\/www.facebook.com\/sharer.php?u=https%3A%2F%2Fwww.tvbuzau.ro%2Fpersonele-cu-handicap-si-donatorii-de-sange-raman-fara-reduceri-la-impozite%2F\"><\/p>\n<div class=\"td-social-but-text\">Distribui\u021bi pe Facebook<\/div>\n<p><\/a><a class=\"td-social-sharing-buttons td-social-twitter\" href=\"https:\/\/twitter.com\/intent\/tweet?text=Personele+cu+handicap+%C5%9Fi+donatorii+de+s%C3%A2nge+r%C4%83m%C3%A2n+f%C4%83r%C4%83+reduceri+la+impozite&amp;url=https%3A%2F%2Fwww.tvbuzau.ro%2Fpersonele-cu-handicap-si-donatorii-de-sange-raman-fara-reduceri-la-impozite%2F&amp;via=TV+Buz%C4%83u\"><\/p>\n<div class=\"td-social-but-text\">Distribui\u021bi pe Twitter<\/div>\n<p><\/a><\/div>\n<div class=\"td-classic-sharing\">\n<ul>\n<li class=\"td-classic-facebook\"><iframe frameborder src=\"https:\/\/www.facebook.com\/plugins\/like.php?href=https:\/\/www.tvbuzau.ro\/personele-cu-handicap-si-donatorii-de-sange-raman-fara-reduceri-la-impozite\/&amp;layout=button_count&amp;show_faces=false&amp;width=105&amp;action=like&amp;colorscheme=light&amp;height=21\"><\/iframe><\/li>\n<li class=\"td-classic-twitter\"><a href=\"https:\/\/twitter.com\/share\" class=\"twitter-share-button\" data-url=\"https:\/\/www.tvbuzau.ro\/personele-cu-handicap-si-donatorii-de-sange-raman-fara-reduceri-la-impozite\/\" data-text=\"Personele cu handicap \u015fi donatorii de s\u00e2nge r\u0103m\u00e2n f\u0103r\u0103 reduceri la impozite\" data-via data-lang=\"en\">tweet<\/a><\/li>\n<\/ul>\n<\/div>\n<\/div>\n<div class=\"td-post-content\">\n<div class=\"td-featured-image-rec\">\n<div class=\"wpb_video_wrapper\">\n                    <iframe loading=\"lazy\" id=\"td_youtube_player\" width=\"600\" height=\"560\" src=\"https:\/\/www.youtube.com\/embed\/Jth4vUAIq6I?enablejsapi=1&amp;feature=oembed&amp;wmode=opaque&amp;vq=hd720\" frameborder allowfullscreen><\/iframe><\/p><\/div>\n<\/div>\n<p>Ce alte categorii pl\u0103tesc integral taxele \u015fi impozitele<br \/>\nTaxele \u015fi impozitele din 2026 nu au venit doar cu m\u0103riri, ci \u015fi cu t\u0103ieri ale unor beneficii pentru o parte dintre cei care le achitau. Astfel, donatorii de s\u00e2nge spre exemplu  \u00een anul acesta \u00ee\u015fi vor achita integral d\u0103rile c\u0103tre Prim\u0103ria Buz\u0103u.<br \/>\nPe l\u00e2ng\u0103 donatorii de s\u00e2nge \u015fi alte categorii de persoane nu mai beneficiaz\u0103 de anumit e scutiri sau reduceri.<br \/>\nPentru anul 2026 taxele \u015fi impozitele s-au m\u0103rit cu peste 70-80 la sut\u0103, \u00een unele ca-zuri dublu, \u00een func\u0163ie de vechimea cl\u0103dirii sau de capacitatea \u015fi norma de poluare, \u00een cazul autovehiculelor.<\/p>\n<div class=\"post-views post-117768 entry-meta\"><span class=\"post-views-label\">Post Views: <\/span><span class=\"post-views-count\">294<\/span><\/div>\n<\/div>\n<footer>\n<div class=\"td-post-sharing td-post-sharing-bottom td-with-like\"><span class=\"td-post-share-title\">DISTRIBUI\u021aI<\/span><\/p>\n<div class=\"td-default-sharing\"><a class=\"td-social-sharing-buttons td-social-facebook\" href=\"http:\/\/www.facebook.com\/sharer.php?u=https%3A%2F%2Fwww.tvbuzau.ro%2Fpersonele-cu-handicap-si-donatorii-de-sange-raman-fara-reduceri-la-impozite%2F\"><\/p>\n<div class=\"td-social-but-text\">Facebook<\/div>\n<p><\/a><a class=\"td-social-sharing-buttons td-social-twitter\" href=\"https:\/\/twitter.com\/intent\/tweet?text=Personele+cu+handicap+%C5%9Fi+donatorii+de+s%C3%A2nge+r%C4%83m%C3%A2n+f%C4%83r%C4%83+reduceri+la+impozite&amp;url=https%3A%2F%2Fwww.tvbuzau.ro%2Fpersonele-cu-handicap-si-donatorii-de-sange-raman-fara-reduceri-la-impozite%2F&amp;via=TV+Buz%C4%83u\"><\/p>\n<div class=\"td-social-but-text\">Twitter<\/div>\n<p><\/a><\/div>\n<div class=\"td-classic-sharing\">\n<ul>\n<li class=\"td-classic-facebook\"><iframe frameborder src=\"https:\/\/www.facebook.com\/plugins\/like.php?href=https:\/\/www.tvbuzau.ro\/personele-cu-handicap-si-donatorii-de-sange-raman-fara-reduceri-la-impozite\/&amp;layout=button_count&amp;show_faces=false&amp;width=105&amp;action=like&amp;colorscheme=light&amp;height=21\"><\/iframe><\/li>\n<li class=\"td-classic-twitter\"><a href=\"https:\/\/twitter.com\/share\" class=\"twitter-share-button\" data-url=\"https:\/\/www.tvbuzau.ro\/personele-cu-handicap-si-donatorii-de-sange-raman-fara-reduceri-la-impozite\/\" data-text=\"Personele cu handicap \u015fi donatorii de s\u00e2nge r\u0103m\u00e2n f\u0103r\u0103 reduceri la impozite\" data-via data-lang=\"en\">tweet<\/a><\/li>\n<\/ul>\n<\/div>\n<\/div>\n<div class=\"td-author-name vcard author\"><span class=\"fn\"><a href=\"https:\/\/www.tvbuzau.ro\/author\/mihai-vasilescu\/\">TV Buz\u0103u<\/a><\/span><\/div>\n<p><span><\/span><span><span><\/span><\/span><span><\/span><\/footer>\n<\/article>\n<p> Source URL: https:\/\/www.tvbuzau.ro\/personele-cu-handicap-si-donatorii-de-sange-raman-fara-reduceri-la-impozite\/<\/p>\n","protected":false},"excerpt":{"rendered":"<p>Actualitate Personele cu handicap \u015fi donatorii de s\u00e2nge r\u0103m\u00e2n f\u0103r\u0103 reduceri la impozite De c\u0103tre TV Buz\u0103u &#8211; ianuarie 19, 2026 0 49 Distribui\u021bi pe Facebook Distribui\u021bi pe Twitter tweet Ce alte categorii pl\u0103tesc integral taxele \u015fi impozitele Taxele \u015fi impozitele din 2026 nu au venit doar cu m\u0103riri, ci \u015fi cu t\u0103ieri ale unor [&hellip;]<\/p>\n","protected":false},"author":1,"featured_media":0,"comment_status":"open","ping_status":"","sticky":false,"template":"","format":"standard","meta":{"footnotes":""},"categories":[2],"tags":[116],"class_list":["post-1431167","post","type-post","status-publish","format-standard","hentry","category-politics","tag-tvbuzau-ro"],"_links":{"self":[{"href":"https:\/\/analyse.optim.biz\/index.php?rest_route=\/wp\/v2\/posts\/1431167","targetHints":{"allow":["GET"]}}],"collection":[{"href":"https:\/\/analyse.optim.biz\/index.php?rest_route=\/wp\/v2\/posts"}],"about":[{"href":"https:\/\/analyse.optim.biz\/index.php?rest_route=\/wp\/v2\/types\/post"}],"author":[{"embeddable":true,"href":"https:\/\/analyse.optim.biz\/index.php?rest_route=\/wp\/v2\/users\/1"}],"replies":[{"embeddable":true,"href":"https:\/\/analyse.optim.biz\/index.php?rest_route=%2Fwp%2Fv2%2Fcomments&post=1431167"}],"version-history":[{"count":0,"href":"https:\/\/analyse.optim.biz\/index.php?rest_route=\/wp\/v2\/posts\/1431167\/revisions"}],"wp:attachment":[{"href":"https:\/\/analyse.optim.biz\/index.php?rest_route=%2Fwp%2Fv2%2Fmedia&parent=1431167"}],"wp:term":[{"taxonomy":"category","embeddable":true,"href":"https:\/\/analyse.optim.biz\/index.php?rest_route=%2Fwp%2Fv2%2Fcategories&post=1431167"},{"taxonomy":"post_tag","embeddable":true,"href":"https:\/\/analyse.optim.biz\/index.php?rest_route=%2Fwp%2Fv2%2Ftags&post=1431167"}],"curies":[{"name":"wp","href":"https:\/\/api.w.org\/{rel}","templated":true}]}}