{"id":1431145,"date":"2026-01-19T20:52:34","date_gmt":"2026-01-19T17:52:34","guid":{"rendered":"https:\/\/analyse.optim.biz\/?p=1431145"},"modified":"2026-01-19T20:52:34","modified_gmt":"2026-01-19T17:52:34","slug":"locatarii-blocului-din-industriei-s-au-reintors-pentru-un-moment-in-apartamente","status":"publish","type":"post","link":"https:\/\/analyse.optim.biz\/?p=1431145","title":{"rendered":"Locatarii blocului din Industriei s-au re\u00eentors pentru un moment \u00een apartamente"},"content":{"rendered":"<article id=\"post-117774\" class=\"post-117774 post type-post status-publish format-video has-post-thumbnail hentry category-actualitate post_format-post-format-video\">\n<div class=\"td-post-header\">\n<ul class=\"td-category\">\n<li class=\"entry-category\"><a href=\"https:\/\/www.tvbuzau.ro\/category\/actualitate\/\">Actualitate<\/a><\/li>\n<\/ul>\n<header class=\"td-post-title\">\n<h1 class=\"entry-title\">Locatarii blocului din Industriei s-au re\u00eentors pentru un moment \u00een apartamente<\/h1>\n<div class=\"td-module-meta-info\">\n<div class=\"td-post-author-name\">De c\u0103tre <a href=\"https:\/\/www.tvbuzau.ro\/author\/mihai-vasilescu\/\">TV Buz\u0103u<\/a> &#8211; <\/div>\n<p><span class=\"td-post-date\"><time class=\"entry-date updated td-module-date\" datetime=\"2026-01-19T20:52:34+00:00\">ianuarie 19, 2026<\/time><\/span><\/p>\n<div class=\"td-post-comments\"><a href=\"https:\/\/www.tvbuzau.ro\/locatarii-blocului-din-industriei-s-au-reintors-pentru-un-moment-in-apartamente\/#respond\">0<\/a><\/div>\n<div class=\"td-post-views\"><span class=\"td-nr-views-117774\">19<\/span><\/div>\n<\/div>\n<\/header>\n<\/div>\n<div class=\"td-post-sharing td-post-sharing-top td-with-like\">\n<div class=\"td-default-sharing\"><a class=\"td-social-sharing-buttons td-social-facebook\" href=\"http:\/\/www.facebook.com\/sharer.php?u=https%3A%2F%2Fwww.tvbuzau.ro%2Flocatarii-blocului-din-industriei-s-au-reintors-pentru-un-moment-in-apartamente%2F\"><\/p>\n<div class=\"td-social-but-text\">Distribui\u021bi pe Facebook<\/div>\n<p><\/a><a class=\"td-social-sharing-buttons td-social-twitter\" href=\"https:\/\/twitter.com\/intent\/tweet?text=Locatarii+blocului+din+Industriei+s-au+re%C3%AEntors+pentru+un+moment+%C3%AEn+apartamente&amp;url=https%3A%2F%2Fwww.tvbuzau.ro%2Flocatarii-blocului-din-industriei-s-au-reintors-pentru-un-moment-in-apartamente%2F&amp;via=TV+Buz%C4%83u\"><\/p>\n<div class=\"td-social-but-text\">Distribui\u021bi pe Twitter<\/div>\n<p><\/a><\/div>\n<div class=\"td-classic-sharing\">\n<ul>\n<li class=\"td-classic-facebook\"><iframe frameborder src=\"https:\/\/www.facebook.com\/plugins\/like.php?href=https:\/\/www.tvbuzau.ro\/locatarii-blocului-din-industriei-s-au-reintors-pentru-un-moment-in-apartamente\/&amp;layout=button_count&amp;show_faces=false&amp;width=105&amp;action=like&amp;colorscheme=light&amp;height=21\"><\/iframe><\/li>\n<li class=\"td-classic-twitter\"><a href=\"https:\/\/twitter.com\/share\" class=\"twitter-share-button\" data-url=\"https:\/\/www.tvbuzau.ro\/locatarii-blocului-din-industriei-s-au-reintors-pentru-un-moment-in-apartamente\/\" data-text=\"Locatarii blocului din Industriei s-au re\u00eentors pentru un moment \u00een apartamente\" data-via data-lang=\"en\">tweet<\/a><\/li>\n<\/ul>\n<\/div>\n<\/div>\n<div class=\"td-post-content\">\n<div class=\"td-featured-image-rec\">\n<div class=\"wpb_video_wrapper\">\n                    <iframe loading=\"lazy\" id=\"td_youtube_player\" width=\"600\" height=\"560\" src=\"https:\/\/www.youtube.com\/embed\/uAViQt3-dek?enablejsapi=1&amp;feature=oembed&amp;wmode=opaque&amp;vq=hd720\" frameborder allowfullscreen><\/iframe><\/p><\/div>\n<\/div>\n<p>\u0218i-au luat strictul necesar<br \/>\nMai multe persoane care au fost evacuate duminic\u0103 din blocul de pe Aleea Industriei afectat de exploziei s-au \u00eentors luni diminea\u021b\u0103 \u00een apartamente. Dar nu de tot. Au mers s\u0103 \u00ee\u0219i ia c\u00e2teva lucruri strict necesare, de la alimente la haine groase pentru iarn\u0103.<br \/>\nAsocia\u021bia de proprietari face eforturi astfel \u00eenc\u00e2t \u00een bloc s\u0103 se reia furnizarea curentului electric pentru ca alimentele oamenilor s\u0103 nu se strice.<br \/>\nPompierii buzoieni au intervint duminic\u0103 \u00een urma unui apel la num\u0103rul de urgen\u021b\u0103, care semnala producerea unei explozii \u00eentr-un bloc situat pe Aleea Industriei, \u00een municipiul Buz\u0103u.<br \/>\nDin primele verific\u0103ri, explozia s-a produs ca urmare a unei acumul\u0103ri de gaze, nefiind urmat\u0103 de incendiu. \u00cen urma evenimentului, o persoan\u0103 de 64 de ani care prezenta arsuri, i-a fost acordat prim-ajutor medical la fa\u021ba locului, ulterior ajung\u00e2nd la spital. Alte 25 de persoane au fost evacuate.<\/p>\n<div class=\"post-views post-117774 entry-meta\"><span class=\"post-views-label\">Post Views: <\/span><span class=\"post-views-count\">229<\/span><\/div>\n<\/div>\n<footer>\n<div class=\"td-post-sharing td-post-sharing-bottom td-with-like\"><span class=\"td-post-share-title\">DISTRIBUI\u021aI<\/span><\/p>\n<div class=\"td-default-sharing\"><a class=\"td-social-sharing-buttons td-social-facebook\" href=\"http:\/\/www.facebook.com\/sharer.php?u=https%3A%2F%2Fwww.tvbuzau.ro%2Flocatarii-blocului-din-industriei-s-au-reintors-pentru-un-moment-in-apartamente%2F\"><\/p>\n<div class=\"td-social-but-text\">Facebook<\/div>\n<p><\/a><a class=\"td-social-sharing-buttons td-social-twitter\" href=\"https:\/\/twitter.com\/intent\/tweet?text=Locatarii+blocului+din+Industriei+s-au+re%C3%AEntors+pentru+un+moment+%C3%AEn+apartamente&amp;url=https%3A%2F%2Fwww.tvbuzau.ro%2Flocatarii-blocului-din-industriei-s-au-reintors-pentru-un-moment-in-apartamente%2F&amp;via=TV+Buz%C4%83u\"><\/p>\n<div class=\"td-social-but-text\">Twitter<\/div>\n<p><\/a><\/div>\n<div class=\"td-classic-sharing\">\n<ul>\n<li class=\"td-classic-facebook\"><iframe frameborder src=\"https:\/\/www.facebook.com\/plugins\/like.php?href=https:\/\/www.tvbuzau.ro\/locatarii-blocului-din-industriei-s-au-reintors-pentru-un-moment-in-apartamente\/&amp;layout=button_count&amp;show_faces=false&amp;width=105&amp;action=like&amp;colorscheme=light&amp;height=21\"><\/iframe><\/li>\n<li class=\"td-classic-twitter\"><a href=\"https:\/\/twitter.com\/share\" class=\"twitter-share-button\" data-url=\"https:\/\/www.tvbuzau.ro\/locatarii-blocului-din-industriei-s-au-reintors-pentru-un-moment-in-apartamente\/\" data-text=\"Locatarii blocului din Industriei s-au re\u00eentors pentru un moment \u00een apartamente\" data-via data-lang=\"en\">tweet<\/a><\/li>\n<\/ul>\n<\/div>\n<\/div>\n<div class=\"td-author-name vcard author\"><span class=\"fn\"><a href=\"https:\/\/www.tvbuzau.ro\/author\/mihai-vasilescu\/\">TV Buz\u0103u<\/a><\/span><\/div>\n<p><span><\/span><span><span><\/span><\/span><span><\/span><\/footer>\n<\/article>\n<p> Source URL: https:\/\/www.tvbuzau.ro\/locatarii-blocului-din-industriei-s-au-reintors-pentru-un-moment-in-apartamente\/<\/p>\n","protected":false},"excerpt":{"rendered":"<p>Actualitate Locatarii blocului din Industriei s-au re\u00eentors pentru un moment \u00een apartamente De c\u0103tre TV Buz\u0103u &#8211; ianuarie 19, 2026 0 19 Distribui\u021bi pe Facebook Distribui\u021bi pe Twitter tweet \u0218i-au luat strictul necesar Mai multe persoane care au fost evacuate duminic\u0103 din blocul de pe Aleea Industriei afectat de exploziei s-au \u00eentors luni diminea\u021b\u0103 \u00een [&hellip;]<\/p>\n","protected":false},"author":1,"featured_media":0,"comment_status":"open","ping_status":"","sticky":false,"template":"","format":"standard","meta":{"footnotes":""},"categories":[2],"tags":[116],"class_list":["post-1431145","post","type-post","status-publish","format-standard","hentry","category-politics","tag-tvbuzau-ro"],"_links":{"self":[{"href":"https:\/\/analyse.optim.biz\/index.php?rest_route=\/wp\/v2\/posts\/1431145","targetHints":{"allow":["GET"]}}],"collection":[{"href":"https:\/\/analyse.optim.biz\/index.php?rest_route=\/wp\/v2\/posts"}],"about":[{"href":"https:\/\/analyse.optim.biz\/index.php?rest_route=\/wp\/v2\/types\/post"}],"author":[{"embeddable":true,"href":"https:\/\/analyse.optim.biz\/index.php?rest_route=\/wp\/v2\/users\/1"}],"replies":[{"embeddable":true,"href":"https:\/\/analyse.optim.biz\/index.php?rest_route=%2Fwp%2Fv2%2Fcomments&post=1431145"}],"version-history":[{"count":0,"href":"https:\/\/analyse.optim.biz\/index.php?rest_route=\/wp\/v2\/posts\/1431145\/revisions"}],"wp:attachment":[{"href":"https:\/\/analyse.optim.biz\/index.php?rest_route=%2Fwp%2Fv2%2Fmedia&parent=1431145"}],"wp:term":[{"taxonomy":"category","embeddable":true,"href":"https:\/\/analyse.optim.biz\/index.php?rest_route=%2Fwp%2Fv2%2Fcategories&post=1431145"},{"taxonomy":"post_tag","embeddable":true,"href":"https:\/\/analyse.optim.biz\/index.php?rest_route=%2Fwp%2Fv2%2Ftags&post=1431145"}],"curies":[{"name":"wp","href":"https:\/\/api.w.org\/{rel}","templated":true}]}}