{"id":1431062,"date":"2026-01-21T19:56:06","date_gmt":"2026-01-21T16:56:06","guid":{"rendered":"https:\/\/analyse.optim.biz\/?p=1431062"},"modified":"2026-01-21T19:56:06","modified_gmt":"2026-01-21T16:56:06","slug":"tanar-accidentat-de-tren-in-gara-buzau","status":"publish","type":"post","link":"https:\/\/analyse.optim.biz\/?p=1431062","title":{"rendered":"T\u00e2n\u0103r accidentat de tren \u00een Gara Buz\u0103u"},"content":{"rendered":"<article id=\"post-117799\" class=\"post-117799 post type-post status-publish format-video has-post-thumbnail hentry category-actualitate post_format-post-format-video\">\n<div class=\"td-post-header\">\n<ul class=\"td-category\">\n<li class=\"entry-category\"><a href=\"https:\/\/www.tvbuzau.ro\/category\/actualitate\/\">Actualitate<\/a><\/li>\n<\/ul>\n<header class=\"td-post-title\">\n<h1 class=\"entry-title\">T\u00e2n\u0103r accidentat de tren \u00een Gara Buz\u0103u<\/h1>\n<div class=\"td-module-meta-info\">\n<div class=\"td-post-author-name\">De c\u0103tre <a href=\"https:\/\/www.tvbuzau.ro\/author\/mihai-vasilescu\/\">TV Buz\u0103u<\/a> &#8211; <\/div>\n<p><span class=\"td-post-date\"><time class=\"entry-date updated td-module-date\" datetime=\"2026-01-21T19:56:06+00:00\">ianuarie 21, 2026<\/time><\/span><\/p>\n<div class=\"td-post-comments\"><a href=\"https:\/\/www.tvbuzau.ro\/tanar-accidentat-de-tren-in-gara-buzau\/#respond\">0<\/a><\/div>\n<div class=\"td-post-views\"><span class=\"td-nr-views-117799\">24<\/span><\/div>\n<\/div>\n<\/header>\n<\/div>\n<div class=\"td-post-sharing td-post-sharing-top td-with-like\">\n<div class=\"td-default-sharing\"><a class=\"td-social-sharing-buttons td-social-facebook\" href=\"http:\/\/www.facebook.com\/sharer.php?u=https%3A%2F%2Fwww.tvbuzau.ro%2Ftanar-accidentat-de-tren-in-gara-buzau%2F\"><\/p>\n<div class=\"td-social-but-text\">Distribui\u021bi pe Facebook<\/div>\n<p><\/a><a class=\"td-social-sharing-buttons td-social-twitter\" href=\"https:\/\/twitter.com\/intent\/tweet?text=T%C3%A2n%C4%83r+accidentat+de+tren+%C3%AEn+Gara+Buz%C4%83u&amp;url=https%3A%2F%2Fwww.tvbuzau.ro%2Ftanar-accidentat-de-tren-in-gara-buzau%2F&amp;via=TV+Buz%C4%83u\"><\/p>\n<div class=\"td-social-but-text\">Distribui\u021bi pe Twitter<\/div>\n<p><\/a><\/div>\n<div class=\"td-classic-sharing\">\n<ul>\n<li class=\"td-classic-facebook\"><iframe frameborder src=\"https:\/\/www.facebook.com\/plugins\/like.php?href=https:\/\/www.tvbuzau.ro\/tanar-accidentat-de-tren-in-gara-buzau\/&amp;layout=button_count&amp;show_faces=false&amp;width=105&amp;action=like&amp;colorscheme=light&amp;height=21\"><\/iframe><\/li>\n<li class=\"td-classic-twitter\"><a href=\"https:\/\/twitter.com\/share\" class=\"twitter-share-button\" data-url=\"https:\/\/www.tvbuzau.ro\/tanar-accidentat-de-tren-in-gara-buzau\/\" data-text=\"T\u00e2n\u0103r accidentat de tren \u00een Gara Buz\u0103u\" data-via data-lang=\"en\">tweet<\/a><\/li>\n<\/ul>\n<\/div>\n<\/div>\n<div class=\"td-post-content\">\n<div class=\"td-featured-image-rec\">\n<div class=\"wpb_video_wrapper\">\n                    <iframe loading=\"lazy\" id=\"td_youtube_player\" width=\"600\" height=\"560\" src=\"https:\/\/www.youtube.com\/embed\/8iW8KPOClU8?enablejsapi=1&amp;feature=oembed&amp;wmode=opaque&amp;vq=hd720\" frameborder allowfullscreen><\/iframe><\/p><\/div>\n<\/div>\n<p>A fost deschis un dosar penal<br \/>\nPompierii buzoieni au fost solicita\u021bi s\u0103 intervin\u0103 mar\u0163i sear\u0103 pentru acordarea primului ajutor unei persoane surprinse de tren \u00een gara Buz\u0103u.<br \/>\nLa sosirea echipajelor de interven\u021bie, victima, un t\u00e2n\u0103r se afla pe peron, fiind extras\u0103 anterior de c\u0103tre cet\u0103\u021beni.<\/p>\n<p>\u201eUn t\u00e2n\u0103r \u00een v\u00e2rst\u0103 de 17 ani a fost transportat la U.P.U.-SMURD a S.J.U. Buz\u0103u dup\u0103 ce a fost implicat \u00eentr-un accident feroviar \u00een Gara Buz\u0103u. T\u00e2n\u0103rul a suferit un traumatism cranio-cerebral f\u0103r\u0103 pierdere de cuno\u0219tin\u021b\u0103, traumatism cranio-facial, traumatism toracic, traumatism membru inferior. La acest moment, t\u00e2n\u0103rul este stabil hemodinamic si respirator, con\u0219tient, cooperant, \u00een curs de investiga\u021bii\u201d, a anun\u0163at Spitalul Jude\u0163ean Buz\u0103u.<br \/>\nTotodat\u0103, Inspectoratul de Poli\u0163ie Buz\u0103u a anun\u0163at c\u0103 se va \u00eentocmi dosar penal \u015fi se continu\u0103 cercet\u0103rile pentru stabilirea tuturor \u00eemprejur\u0103rilor \u00een care s-a produs accidentul.<\/p>\n<div class=\"post-views post-117799 entry-meta\"><span class=\"post-views-label\">Post Views: <\/span><span class=\"post-views-count\">258<\/span><\/div>\n<\/div>\n<footer>\n<div class=\"td-post-sharing td-post-sharing-bottom td-with-like\"><span class=\"td-post-share-title\">DISTRIBUI\u021aI<\/span><\/p>\n<div class=\"td-default-sharing\"><a class=\"td-social-sharing-buttons td-social-facebook\" href=\"http:\/\/www.facebook.com\/sharer.php?u=https%3A%2F%2Fwww.tvbuzau.ro%2Ftanar-accidentat-de-tren-in-gara-buzau%2F\"><\/p>\n<div class=\"td-social-but-text\">Facebook<\/div>\n<p><\/a><a class=\"td-social-sharing-buttons td-social-twitter\" href=\"https:\/\/twitter.com\/intent\/tweet?text=T%C3%A2n%C4%83r+accidentat+de+tren+%C3%AEn+Gara+Buz%C4%83u&amp;url=https%3A%2F%2Fwww.tvbuzau.ro%2Ftanar-accidentat-de-tren-in-gara-buzau%2F&amp;via=TV+Buz%C4%83u\"><\/p>\n<div class=\"td-social-but-text\">Twitter<\/div>\n<p><\/a><\/div>\n<div class=\"td-classic-sharing\">\n<ul>\n<li class=\"td-classic-facebook\"><iframe frameborder src=\"https:\/\/www.facebook.com\/plugins\/like.php?href=https:\/\/www.tvbuzau.ro\/tanar-accidentat-de-tren-in-gara-buzau\/&amp;layout=button_count&amp;show_faces=false&amp;width=105&amp;action=like&amp;colorscheme=light&amp;height=21\"><\/iframe><\/li>\n<li class=\"td-classic-twitter\"><a href=\"https:\/\/twitter.com\/share\" class=\"twitter-share-button\" data-url=\"https:\/\/www.tvbuzau.ro\/tanar-accidentat-de-tren-in-gara-buzau\/\" data-text=\"T\u00e2n\u0103r accidentat de tren \u00een Gara Buz\u0103u\" data-via data-lang=\"en\">tweet<\/a><\/li>\n<\/ul>\n<\/div>\n<\/div>\n<div class=\"td-author-name vcard author\"><span class=\"fn\"><a href=\"https:\/\/www.tvbuzau.ro\/author\/mihai-vasilescu\/\">TV Buz\u0103u<\/a><\/span><\/div>\n<p><span><\/span><span><span><\/span><\/span><span><\/span><\/footer>\n<\/article>\n<p> Source URL: https:\/\/www.tvbuzau.ro\/tanar-accidentat-de-tren-in-gara-buzau\/<\/p>\n","protected":false},"excerpt":{"rendered":"<p>Actualitate T\u00e2n\u0103r accidentat de tren \u00een Gara Buz\u0103u De c\u0103tre TV Buz\u0103u &#8211; ianuarie 21, 2026 0 24 Distribui\u021bi pe Facebook Distribui\u021bi pe Twitter tweet A fost deschis un dosar penal Pompierii buzoieni au fost solicita\u021bi s\u0103 intervin\u0103 mar\u0163i sear\u0103 pentru acordarea primului ajutor unei persoane surprinse de tren \u00een gara Buz\u0103u. La sosirea echipajelor [&hellip;]<\/p>\n","protected":false},"author":1,"featured_media":0,"comment_status":"open","ping_status":"","sticky":false,"template":"","format":"standard","meta":{"footnotes":""},"categories":[2],"tags":[116],"class_list":["post-1431062","post","type-post","status-publish","format-standard","hentry","category-politics","tag-tvbuzau-ro"],"_links":{"self":[{"href":"https:\/\/analyse.optim.biz\/index.php?rest_route=\/wp\/v2\/posts\/1431062","targetHints":{"allow":["GET"]}}],"collection":[{"href":"https:\/\/analyse.optim.biz\/index.php?rest_route=\/wp\/v2\/posts"}],"about":[{"href":"https:\/\/analyse.optim.biz\/index.php?rest_route=\/wp\/v2\/types\/post"}],"author":[{"embeddable":true,"href":"https:\/\/analyse.optim.biz\/index.php?rest_route=\/wp\/v2\/users\/1"}],"replies":[{"embeddable":true,"href":"https:\/\/analyse.optim.biz\/index.php?rest_route=%2Fwp%2Fv2%2Fcomments&post=1431062"}],"version-history":[{"count":0,"href":"https:\/\/analyse.optim.biz\/index.php?rest_route=\/wp\/v2\/posts\/1431062\/revisions"}],"wp:attachment":[{"href":"https:\/\/analyse.optim.biz\/index.php?rest_route=%2Fwp%2Fv2%2Fmedia&parent=1431062"}],"wp:term":[{"taxonomy":"category","embeddable":true,"href":"https:\/\/analyse.optim.biz\/index.php?rest_route=%2Fwp%2Fv2%2Fcategories&post=1431062"},{"taxonomy":"post_tag","embeddable":true,"href":"https:\/\/analyse.optim.biz\/index.php?rest_route=%2Fwp%2Fv2%2Ftags&post=1431062"}],"curies":[{"name":"wp","href":"https:\/\/api.w.org\/{rel}","templated":true}]}}