{"id":1431037,"date":"2026-01-22T19:55:55","date_gmt":"2026-01-22T16:55:55","guid":{"rendered":"https:\/\/analyse.optim.biz\/?p=1431037"},"modified":"2026-01-22T19:55:55","modified_gmt":"2026-01-22T16:55:55","slug":"tinerii-nu-se-mai-regasesc-printre-someri","status":"publish","type":"post","link":"https:\/\/analyse.optim.biz\/?p=1431037","title":{"rendered":"Tinerii nu se mai reg\u0103sesc printre \u015fomeri"},"content":{"rendered":"<article id=\"post-117811\" class=\"post-117811 post type-post status-publish format-video has-post-thumbnail hentry category-actualitate post_format-post-format-video\">\n<div class=\"td-post-header\">\n<ul class=\"td-category\">\n<li class=\"entry-category\"><a href=\"https:\/\/www.tvbuzau.ro\/category\/actualitate\/\">Actualitate<\/a><\/li>\n<\/ul>\n<header class=\"td-post-title\">\n<h1 class=\"entry-title\">Tinerii nu se mai reg\u0103sesc printre \u015fomeri<\/h1>\n<div class=\"td-module-meta-info\">\n<div class=\"td-post-author-name\">De c\u0103tre <a href=\"https:\/\/www.tvbuzau.ro\/author\/mihai-vasilescu\/\">TV Buz\u0103u<\/a> &#8211; <\/div>\n<p><span class=\"td-post-date\"><time class=\"entry-date updated td-module-date\" datetime=\"2026-01-22T19:55:55+00:00\">ianuarie 22, 2026<\/time><\/span><\/p>\n<div class=\"td-post-comments\"><a href=\"https:\/\/www.tvbuzau.ro\/tinerii-nu-se-mai-regasesc-printre-someri\/#respond\">0<\/a><\/div>\n<div class=\"td-post-views\"><span class=\"td-nr-views-117811\">44<\/span><\/div>\n<\/div>\n<\/header>\n<\/div>\n<div class=\"td-post-sharing td-post-sharing-top td-with-like\">\n<div class=\"td-default-sharing\"><a class=\"td-social-sharing-buttons td-social-facebook\" href=\"http:\/\/www.facebook.com\/sharer.php?u=https%3A%2F%2Fwww.tvbuzau.ro%2Ftinerii-nu-se-mai-regasesc-printre-someri%2F\"><\/p>\n<div class=\"td-social-but-text\">Distribui\u021bi pe Facebook<\/div>\n<p><\/a><a class=\"td-social-sharing-buttons td-social-twitter\" href=\"https:\/\/twitter.com\/intent\/tweet?text=Tinerii+nu+se+mai+reg%C4%83sesc+printre+%C5%9Fomeri&amp;url=https%3A%2F%2Fwww.tvbuzau.ro%2Ftinerii-nu-se-mai-regasesc-printre-someri%2F&amp;via=TV+Buz%C4%83u\"><\/p>\n<div class=\"td-social-but-text\">Distribui\u021bi pe Twitter<\/div>\n<p><\/a><\/div>\n<div class=\"td-classic-sharing\">\n<ul>\n<li class=\"td-classic-facebook\"><iframe frameborder src=\"https:\/\/www.facebook.com\/plugins\/like.php?href=https:\/\/www.tvbuzau.ro\/tinerii-nu-se-mai-regasesc-printre-someri\/&amp;layout=button_count&amp;show_faces=false&amp;width=105&amp;action=like&amp;colorscheme=light&amp;height=21\"><\/iframe><\/li>\n<li class=\"td-classic-twitter\"><a href=\"https:\/\/twitter.com\/share\" class=\"twitter-share-button\" data-url=\"https:\/\/www.tvbuzau.ro\/tinerii-nu-se-mai-regasesc-printre-someri\/\" data-text=\"Tinerii nu se mai reg\u0103sesc printre \u015fomeri\" data-via data-lang=\"en\">tweet<\/a><\/li>\n<\/ul>\n<\/div>\n<\/div>\n<div class=\"td-post-content\">\n<div class=\"td-featured-image-rec\">\n<div class=\"wpb_video_wrapper\">\n                    <iframe loading=\"lazy\" id=\"td_youtube_player\" width=\"600\" height=\"560\" src=\"https:\/\/www.youtube.com\/embed\/Nyza4V98HmI?enablejsapi=1&amp;feature=oembed&amp;wmode=opaque&amp;vq=hd720\" frameborder allowfullscreen><\/iframe><\/p><\/div>\n<\/div>\n<p>Explica\u0163ia AJOFM Buz\u0103u<br \/>\nAgen\u0163ia Jude\u0163ean\u0103 pentru Ocuparea For\u0163ei de Munc\u0103 Buz\u0103u a sesizat \u00een ultimii ani, iar 2025 nu face nicio excep\u0163ie, un fenomen \u00een ceea ce prive\u015fte tinerii care ajungeau se transformau \u00een \u015fomeri, imediat ce absolveau o form\u0103 de \u00eenv\u0103\u0163\u0103m\u00e2nt. Astfel, num\u0103rul lor s-a diminuat.<br \/>\nAstfel, absolve\u0163ii cu prec\u0103dere cei ai \u015fcolilor de arte \u015fi meserii sunt angaja\u0163i imediat dup\u0103 absolvire.<br \/>\n\u00cen contextul dat, AJOFM atrage aten\u0163ia c\u0103 Rom\u00e2nia ar trebui s\u0103 sus\u0163in\u0103 mult mai mult \u015fcolile de arte \u015fi meserii, \u0163in\u00e2nd cont de cererea mare de for\u0163\u0103 de munc\u0103 calificat\u0103 pe care angajatorii o caut\u0103 zi de zi.<\/p>\n<div class=\"post-views post-117811 entry-meta\"><span class=\"post-views-label\">Post Views: <\/span><span class=\"post-views-count\">412<\/span><\/div>\n<\/div>\n<footer>\n<div class=\"td-post-sharing td-post-sharing-bottom td-with-like\"><span class=\"td-post-share-title\">DISTRIBUI\u021aI<\/span><\/p>\n<div class=\"td-default-sharing\"><a class=\"td-social-sharing-buttons td-social-facebook\" href=\"http:\/\/www.facebook.com\/sharer.php?u=https%3A%2F%2Fwww.tvbuzau.ro%2Ftinerii-nu-se-mai-regasesc-printre-someri%2F\"><\/p>\n<div class=\"td-social-but-text\">Facebook<\/div>\n<p><\/a><a class=\"td-social-sharing-buttons td-social-twitter\" href=\"https:\/\/twitter.com\/intent\/tweet?text=Tinerii+nu+se+mai+reg%C4%83sesc+printre+%C5%9Fomeri&amp;url=https%3A%2F%2Fwww.tvbuzau.ro%2Ftinerii-nu-se-mai-regasesc-printre-someri%2F&amp;via=TV+Buz%C4%83u\"><\/p>\n<div class=\"td-social-but-text\">Twitter<\/div>\n<p><\/a><\/div>\n<div class=\"td-classic-sharing\">\n<ul>\n<li class=\"td-classic-facebook\"><iframe frameborder src=\"https:\/\/www.facebook.com\/plugins\/like.php?href=https:\/\/www.tvbuzau.ro\/tinerii-nu-se-mai-regasesc-printre-someri\/&amp;layout=button_count&amp;show_faces=false&amp;width=105&amp;action=like&amp;colorscheme=light&amp;height=21\"><\/iframe><\/li>\n<li class=\"td-classic-twitter\"><a href=\"https:\/\/twitter.com\/share\" class=\"twitter-share-button\" data-url=\"https:\/\/www.tvbuzau.ro\/tinerii-nu-se-mai-regasesc-printre-someri\/\" data-text=\"Tinerii nu se mai reg\u0103sesc printre \u015fomeri\" data-via data-lang=\"en\">tweet<\/a><\/li>\n<\/ul>\n<\/div>\n<\/div>\n<div class=\"td-author-name vcard author\"><span class=\"fn\"><a href=\"https:\/\/www.tvbuzau.ro\/author\/mihai-vasilescu\/\">TV Buz\u0103u<\/a><\/span><\/div>\n<p><span><\/span><span><span><\/span><\/span><span><\/span><\/footer>\n<\/article>\n<p> Source URL: https:\/\/www.tvbuzau.ro\/tinerii-nu-se-mai-regasesc-printre-someri\/<\/p>\n","protected":false},"excerpt":{"rendered":"<p>Actualitate Tinerii nu se mai reg\u0103sesc printre \u015fomeri De c\u0103tre TV Buz\u0103u &#8211; ianuarie 22, 2026 0 44 Distribui\u021bi pe Facebook Distribui\u021bi pe Twitter tweet Explica\u0163ia AJOFM Buz\u0103u Agen\u0163ia Jude\u0163ean\u0103 pentru Ocuparea For\u0163ei de Munc\u0103 Buz\u0103u a sesizat \u00een ultimii ani, iar 2025 nu face nicio excep\u0163ie, un fenomen \u00een ceea ce prive\u015fte tinerii care [&hellip;]<\/p>\n","protected":false},"author":1,"featured_media":0,"comment_status":"open","ping_status":"","sticky":false,"template":"","format":"standard","meta":{"footnotes":""},"categories":[2],"tags":[116],"class_list":["post-1431037","post","type-post","status-publish","format-standard","hentry","category-politics","tag-tvbuzau-ro"],"_links":{"self":[{"href":"https:\/\/analyse.optim.biz\/index.php?rest_route=\/wp\/v2\/posts\/1431037","targetHints":{"allow":["GET"]}}],"collection":[{"href":"https:\/\/analyse.optim.biz\/index.php?rest_route=\/wp\/v2\/posts"}],"about":[{"href":"https:\/\/analyse.optim.biz\/index.php?rest_route=\/wp\/v2\/types\/post"}],"author":[{"embeddable":true,"href":"https:\/\/analyse.optim.biz\/index.php?rest_route=\/wp\/v2\/users\/1"}],"replies":[{"embeddable":true,"href":"https:\/\/analyse.optim.biz\/index.php?rest_route=%2Fwp%2Fv2%2Fcomments&post=1431037"}],"version-history":[{"count":0,"href":"https:\/\/analyse.optim.biz\/index.php?rest_route=\/wp\/v2\/posts\/1431037\/revisions"}],"wp:attachment":[{"href":"https:\/\/analyse.optim.biz\/index.php?rest_route=%2Fwp%2Fv2%2Fmedia&parent=1431037"}],"wp:term":[{"taxonomy":"category","embeddable":true,"href":"https:\/\/analyse.optim.biz\/index.php?rest_route=%2Fwp%2Fv2%2Fcategories&post=1431037"},{"taxonomy":"post_tag","embeddable":true,"href":"https:\/\/analyse.optim.biz\/index.php?rest_route=%2Fwp%2Fv2%2Ftags&post=1431037"}],"curies":[{"name":"wp","href":"https:\/\/api.w.org\/{rel}","templated":true}]}}