{"id":1431036,"date":"2026-01-22T19:56:53","date_gmt":"2026-01-22T16:56:53","guid":{"rendered":"https:\/\/analyse.optim.biz\/?p=1431036"},"modified":"2026-01-22T19:56:53","modified_gmt":"2026-01-22T16:56:53","slug":"peste-600-de-buzoieni-in-audienta-la-avocatul-poporului","status":"publish","type":"post","link":"https:\/\/analyse.optim.biz\/?p=1431036","title":{"rendered":"Peste 600 de buzoieni \u00een audien\u0163\u0103 la Avocatul Poporului"},"content":{"rendered":"<article id=\"post-117814\" class=\"post-117814 post type-post status-publish format-video has-post-thumbnail hentry category-actualitate post_format-post-format-video\">\n<div class=\"td-post-header\">\n<ul class=\"td-category\">\n<li class=\"entry-category\"><a href=\"https:\/\/www.tvbuzau.ro\/category\/actualitate\/\">Actualitate<\/a><\/li>\n<\/ul>\n<header class=\"td-post-title\">\n<h1 class=\"entry-title\">Peste 600 de buzoieni \u00een audien\u0163\u0103 la Avocatul Poporului<\/h1>\n<div class=\"td-module-meta-info\">\n<div class=\"td-post-author-name\">De c\u0103tre <a href=\"https:\/\/www.tvbuzau.ro\/author\/mihai-vasilescu\/\">TV Buz\u0103u<\/a> &#8211; <\/div>\n<p><span class=\"td-post-date\"><time class=\"entry-date updated td-module-date\" datetime=\"2026-01-22T19:56:53+00:00\">ianuarie 22, 2026<\/time><\/span><\/p>\n<div class=\"td-post-comments\"><a href=\"https:\/\/www.tvbuzau.ro\/peste-600-de-buzoieni-in-audienta-la-avocatul-poporului\/#respond\">0<\/a><\/div>\n<div class=\"td-post-views\"><span class=\"td-nr-views-117814\">29<\/span><\/div>\n<\/div>\n<\/header>\n<\/div>\n<div class=\"td-post-sharing td-post-sharing-top td-with-like\">\n<div class=\"td-default-sharing\"><a class=\"td-social-sharing-buttons td-social-facebook\" href=\"http:\/\/www.facebook.com\/sharer.php?u=https%3A%2F%2Fwww.tvbuzau.ro%2Fpeste-600-de-buzoieni-in-audienta-la-avocatul-poporului%2F\"><\/p>\n<div class=\"td-social-but-text\">Distribui\u021bi pe Facebook<\/div>\n<p><\/a><a class=\"td-social-sharing-buttons td-social-twitter\" href=\"https:\/\/twitter.com\/intent\/tweet?text=Peste+600+de+buzoieni+%C3%AEn+audien%C5%A3%C4%83+la+Avocatul+Poporului&amp;url=https%3A%2F%2Fwww.tvbuzau.ro%2Fpeste-600-de-buzoieni-in-audienta-la-avocatul-poporului%2F&amp;via=TV+Buz%C4%83u\"><\/p>\n<div class=\"td-social-but-text\">Distribui\u021bi pe Twitter<\/div>\n<p><\/a><\/div>\n<div class=\"td-classic-sharing\">\n<ul>\n<li class=\"td-classic-facebook\"><iframe frameborder src=\"https:\/\/www.facebook.com\/plugins\/like.php?href=https:\/\/www.tvbuzau.ro\/peste-600-de-buzoieni-in-audienta-la-avocatul-poporului\/&amp;layout=button_count&amp;show_faces=false&amp;width=105&amp;action=like&amp;colorscheme=light&amp;height=21\"><\/iframe><\/li>\n<li class=\"td-classic-twitter\"><a href=\"https:\/\/twitter.com\/share\" class=\"twitter-share-button\" data-url=\"https:\/\/www.tvbuzau.ro\/peste-600-de-buzoieni-in-audienta-la-avocatul-poporului\/\" data-text=\"Peste 600 de buzoieni \u00een audien\u0163\u0103 la Avocatul Poporului\" data-via data-lang=\"en\">tweet<\/a><\/li>\n<\/ul>\n<\/div>\n<\/div>\n<div class=\"td-post-content\">\n<div class=\"td-featured-image-rec\">\n<div class=\"wpb_video_wrapper\">\n                    <iframe loading=\"lazy\" id=\"td_youtube_player\" width=\"600\" height=\"560\" src=\"https:\/\/www.youtube.com\/embed\/WBfuGQHjQ_o?enablejsapi=1&amp;feature=oembed&amp;wmode=opaque&amp;vq=hd720\" frameborder allowfullscreen><\/iframe><\/p><\/div>\n<\/div>\n<p>Sute de nemul\u0163umiri la adresa institu\u0163iilor publice<br \/>\n\u00cen anul 2025, peste 600 de buzoieni s-au adresat Avocatului Poporului. Institu\u021bia este o autoritate \u0219i are drept drept scop ap\u0103rarea drepturilor \u0219i libert\u0103\u021bilor persoanelor fizice \u00een raporturile acestora cu autorit\u0103\u0163ile publice. Domeniile de activitate \u00een care poate ac\u021biona institu\u021bia Avocatul Poporului  drepturile omului, egalitate de \u015fanse \u00eentre b\u0103rba\u0163i \u015fi femei, culte religioase \u015fi minorit\u0103\u0163i na\u0163ionale \u2013 domeniul drepturile familiei, tinerilor, pensionarilor, persoanelor cu handicap \u2013 domeniul ap\u0103rarea, protec\u021bia \u015fi ap\u0103rarea drepturilor copilului \u2013 Avocatul Copilului \u2013 domeniul armat\u0103, justi\u0163ie, poli\u0163ie, penitenciare \u2013 domeniul proprietate, munc\u0103, protec\u0163ie social\u0103, impozite \u015fi taxe.<br \/>\nO bun\u0103 parte dintre sesiz\u0103rile Avocatului Poporului au avut drept surs\u0103, informa\u0163iile din pres\u0103.<br \/>\nSe poate adresa Avocatului Poporului orice persoan\u0103 care se simte nedrept\u0103\u021bit\u0103 de faptele unui func\u0163ionar public din cadrul autorit\u0103\u021bilor centrale ori locale. Pentru primirea \u00een audien\u0163\u0103 nu este necesar\u0103 programarea, toate persoanele care se vor prezenta vor fi primite \u00een audien\u0163\u0103.<\/p>\n<div class=\"post-views post-117814 entry-meta\"><span class=\"post-views-label\">Post Views: <\/span><span class=\"post-views-count\">392<\/span><\/div>\n<\/div>\n<footer>\n<div class=\"td-post-sharing td-post-sharing-bottom td-with-like\"><span class=\"td-post-share-title\">DISTRIBUI\u021aI<\/span><\/p>\n<div class=\"td-default-sharing\"><a class=\"td-social-sharing-buttons td-social-facebook\" href=\"http:\/\/www.facebook.com\/sharer.php?u=https%3A%2F%2Fwww.tvbuzau.ro%2Fpeste-600-de-buzoieni-in-audienta-la-avocatul-poporului%2F\"><\/p>\n<div class=\"td-social-but-text\">Facebook<\/div>\n<p><\/a><a class=\"td-social-sharing-buttons td-social-twitter\" href=\"https:\/\/twitter.com\/intent\/tweet?text=Peste+600+de+buzoieni+%C3%AEn+audien%C5%A3%C4%83+la+Avocatul+Poporului&amp;url=https%3A%2F%2Fwww.tvbuzau.ro%2Fpeste-600-de-buzoieni-in-audienta-la-avocatul-poporului%2F&amp;via=TV+Buz%C4%83u\"><\/p>\n<div class=\"td-social-but-text\">Twitter<\/div>\n<p><\/a><\/div>\n<div class=\"td-classic-sharing\">\n<ul>\n<li class=\"td-classic-facebook\"><iframe frameborder src=\"https:\/\/www.facebook.com\/plugins\/like.php?href=https:\/\/www.tvbuzau.ro\/peste-600-de-buzoieni-in-audienta-la-avocatul-poporului\/&amp;layout=button_count&amp;show_faces=false&amp;width=105&amp;action=like&amp;colorscheme=light&amp;height=21\"><\/iframe><\/li>\n<li class=\"td-classic-twitter\"><a href=\"https:\/\/twitter.com\/share\" class=\"twitter-share-button\" data-url=\"https:\/\/www.tvbuzau.ro\/peste-600-de-buzoieni-in-audienta-la-avocatul-poporului\/\" data-text=\"Peste 600 de buzoieni \u00een audien\u0163\u0103 la Avocatul Poporului\" data-via data-lang=\"en\">tweet<\/a><\/li>\n<\/ul>\n<\/div>\n<\/div>\n<div class=\"td-author-name vcard author\"><span class=\"fn\"><a href=\"https:\/\/www.tvbuzau.ro\/author\/mihai-vasilescu\/\">TV Buz\u0103u<\/a><\/span><\/div>\n<p><span><\/span><span><span><\/span><\/span><span><\/span><\/footer>\n<\/article>\n<p> Source URL: https:\/\/www.tvbuzau.ro\/peste-600-de-buzoieni-in-audienta-la-avocatul-poporului\/<\/p>\n","protected":false},"excerpt":{"rendered":"<p>Actualitate Peste 600 de buzoieni \u00een audien\u0163\u0103 la Avocatul Poporului De c\u0103tre TV Buz\u0103u &#8211; ianuarie 22, 2026 0 29 Distribui\u021bi pe Facebook Distribui\u021bi pe Twitter tweet Sute de nemul\u0163umiri la adresa institu\u0163iilor publice \u00cen anul 2025, peste 600 de buzoieni s-au adresat Avocatului Poporului. Institu\u021bia este o autoritate \u0219i are drept drept scop ap\u0103rarea [&hellip;]<\/p>\n","protected":false},"author":1,"featured_media":0,"comment_status":"open","ping_status":"","sticky":false,"template":"","format":"standard","meta":{"footnotes":""},"categories":[2],"tags":[116],"class_list":["post-1431036","post","type-post","status-publish","format-standard","hentry","category-politics","tag-tvbuzau-ro"],"_links":{"self":[{"href":"https:\/\/analyse.optim.biz\/index.php?rest_route=\/wp\/v2\/posts\/1431036","targetHints":{"allow":["GET"]}}],"collection":[{"href":"https:\/\/analyse.optim.biz\/index.php?rest_route=\/wp\/v2\/posts"}],"about":[{"href":"https:\/\/analyse.optim.biz\/index.php?rest_route=\/wp\/v2\/types\/post"}],"author":[{"embeddable":true,"href":"https:\/\/analyse.optim.biz\/index.php?rest_route=\/wp\/v2\/users\/1"}],"replies":[{"embeddable":true,"href":"https:\/\/analyse.optim.biz\/index.php?rest_route=%2Fwp%2Fv2%2Fcomments&post=1431036"}],"version-history":[{"count":0,"href":"https:\/\/analyse.optim.biz\/index.php?rest_route=\/wp\/v2\/posts\/1431036\/revisions"}],"wp:attachment":[{"href":"https:\/\/analyse.optim.biz\/index.php?rest_route=%2Fwp%2Fv2%2Fmedia&parent=1431036"}],"wp:term":[{"taxonomy":"category","embeddable":true,"href":"https:\/\/analyse.optim.biz\/index.php?rest_route=%2Fwp%2Fv2%2Fcategories&post=1431036"},{"taxonomy":"post_tag","embeddable":true,"href":"https:\/\/analyse.optim.biz\/index.php?rest_route=%2Fwp%2Fv2%2Ftags&post=1431036"}],"curies":[{"name":"wp","href":"https:\/\/api.w.org\/{rel}","templated":true}]}}