{"id":143098,"date":"2017-04-08T23:24:18","date_gmt":"2017-04-08T20:24:18","guid":{"rendered":"https:\/\/analyse.optim.biz\/?p=143098"},"modified":"2017-04-08T23:24:18","modified_gmt":"2017-04-08T20:24:18","slug":"interviu-t-melescanu-cu-rusia-vrem-sa-avem-o-relatie-care-sa-tina-seama-de-interesele-ambelor-state","status":"publish","type":"post","link":"https:\/\/analyse.optim.biz\/?p=143098","title":{"rendered":"INTERVIU. T. Mele\u015fcanu: Cu Rusia vrem s\u0103 avem o rela\u0163ie care s\u0103 \u0163in\u0103 seama de interesele ambelor state"},"content":{"rendered":"<div class=\"entry data-app-meta data-app-meta-article\" data-embed-base-url-canonical=\"https:\/\/www.digi24.ro\/embed\/stiri\/actualitate\/politica\/interviu-t-melescanu-cu-rusia-vrem-sa-avem-o-relatie-care-sa-tina-seama-de-interesele-ambelor-state-703353\">\n<p data-index=\"1\"><strong>&#8220;Politica noastr\u0103 fa\u0163\u0103 de Rusia este foarte simpl\u0103. Dorim s\u0103 avem o rela\u0163ie pragmatic\u0103 \u015fi predictibil\u0103, care s\u0103 \u0163in\u0103 seama de interesele ambelor state, \u015fi care s\u0103 fie fundamentate pe normele \u015fi principiile general admise ale dreptului interna\u0163ional.&#8221; Declara\u0163ia a fost f\u0103cut\u0103 de ministrul afacerilor externe, Teodor Mele\u015fcanu, \u00eentr-un interviu acordat Cristinei Cileacu.<\/strong><\/p>\n<p data-index=\"2\">\u00a0<\/p>\n<p data-index=\"3\"><strong>Cristina Cileacu: A\u0163i fost \u00een SUA la reuniunea \u0163\u0103rilor care sunt implicate \u00een lupta Daesh \u015fi a\u015f vrea s\u0103 v\u0103 \u00eentreb cum anume va participa Rom\u00e2nia la aceast\u0103 coali\u0163ie \u015fi dac\u0103 suntem preg\u0103ti\u0163i pentru eventualele urm\u0103ri ale acestui lucru.<\/strong><\/p>\n<p data-index=\"4\"><strong>Teodor Mele\u015fcanu:<\/strong> Aceast\u0103 conferin\u0163\u0103 de la Washington a avut drept obiectiv fundamental o evaluare a stadiului \u00een care se afl\u0103 opera\u0163iunile \u00eempotriva Daesh din punct de vedere militar \u00een Irak \u015fi \u00een al doilea r\u00e2nd \u015fi programul de creare a unor condi\u0163ii normale de via\u0163\u0103 \u015fi de supravie\u0163uire a popula\u0163iei din acea zon\u0103. Noi am mers pe ideea c\u0103 Rom\u00e2nia sprijin\u0103 lupta \u00eempotriva terorismului pornind de la principiul fundamental c\u0103 nu poate s\u0103 existe niciun fel de motiv, nici ideologic, nici rasial, nici religios, nici de alt\u0103 natur\u0103, care s\u0103 permit\u0103 perpetuarea unor acte teroriste \u015fi am subliniat c\u0103 este important ca pe l\u00e2nga \u00eempotriva terorismului, direct\u0103, s\u0103 ne concentr\u0103m \u015fi asupra modalit\u0103\u0163ilor de sprijinire a popula\u0163iei din \u0163\u0103rile respective, nu numai din Irak ci \u015fi din nordul Africii, din \u0163\u0103rile arabe, din zona Orientului Mijlociu, astfel \u00eenc\u00e2t s\u0103 nu gener\u0103m un climat care s\u0103 poat\u0103 s\u0103 fie utilizat de mi\u015fc\u0103rile teroriste pentru scopurile pe care le au. Din punct de vedere practic, contribu\u0163ia noastr\u0103 a fost acea ofert\u0103 de a trimite 50 de militari care s\u0103 lucreze \u00een Irak \u00een sprijinul \u015fi pentru instruirea for\u0163elor armate irakiene \u015fi a for\u0163elor de securitate. Dar cu aceast\u0103 ocazie, ca s\u0103 nu crede\u0163i c\u0103 \u00eencheiem a\u015fa de repede, am avut \u015fi posibiltiatea s\u0103 m\u0103 \u00eent\u00e2lnesc cu mai mul\u0163i congresmeni, Mike Turner \u015fi Dan Lipinski, m-am v\u0103zut \u015fi cu John McCain, bine\u00een\u0163eles.<\/p>\n<p data-index=\"5\"><strong>Cristina Cileacu: Urm\u0103toarea mea \u00eentrebare este legat\u0103 de prietenii pe care \u00eei avem \u00een SUA. Am fost la Washington \u015fi ambasadorul nostru, George Maior, am aflat c\u0103 urma s\u0103 vin\u0103 \u00een Rom\u00e2nia fostul consilier de securitate Michael Flynn. Dar \u00eentre timp \u015ftim ce s-a \u00eent\u00e2mplat cu dl Flynn. Cine sunt noii no\u015ftri prieteni, mai apropia\u0163i, la Casa Alb\u0103?<\/strong><\/p>\n<p data-index=\"6\"><strong>Teodor Mele\u015fcanu:<\/strong><a href=\"https:\/\/www.digi24.ro\/stiri\/actualitate\/evenimente\/exclusiv-t-melescanu-noii-nostri-prieteni-apropiati-de-la-casa-alba-sunt-in-curs-de-formare-701306\" target=\"_blank\" data-skip-linkfix=\"1\" rel=\"noopener\">Noii no\u015ftri prieteni apropia\u0163i deocamdat\u0103 sunt \u00een curs de formare<\/a> pentru c\u0103 la ora actual\u0103 administra\u0163ia american\u0103 este \u00eenc\u0103 confruntat\u0103 cu umplerea posturilor din nivelul de conducere al principalelor ministere. Parteneriatul strategic cu SUA, care indiferent de schimbarea administra\u0163iei r\u0103m\u00e2ne un document fundamental care guverneaz\u0103 rela\u0163iile \u00eentre SUA \u015fi Rom\u00e2nia, avem \u015fi un parteneriat aprofundat \u00een domeniul securit\u0103\u0163ii \u015fi lucr\u0103m foarte mult la un parteneriat aprofundat \u00een sistemul economic, rela\u0163iile economice dintre cele dou\u0103 state. Deci acesta este prietenul nostru cel mai important \u015fi cel mai solid. \u015ei al doilea pilon pe care \u00eel avem este mai degrab\u0103 \u00een r\u00e2ndul legislativului din SUA, congresmani \u015fi senatori care din diverse motive, c\u0103 e vorba de interes personal, de afinitate religioas\u0103, c\u0103 e vorba de alte lucruri care s-au \u00eent\u00e2mplat \u00een istoria noastr\u0103 mai recent\u0103 sunt sprijinitori ai cauzei Rom\u00e2niei. Am discutat \u015fi despre necesitatea organiz\u0103rii unor contacte la nivel c\u00e2t mai \u00eenalt \u015fi dl Tillerson mi-a spus c\u0103 exist\u0103 toat\u0103 disponibilitatea \u015fi \u00een func\u0163ie de programul pre\u015fedin\u0163ilor se va putea ajunge \u015fi la o asemenea \u00eent\u00e2lnire.<\/p>\n<p data-index=\"7\"><strong>Cristina Cileacu: Deci ne a\u015ftept\u0103m la ni\u015fte \u00eent\u00e2lniri la nivel \u00eenalt \u015fi foarte \u00eenalt \u00een acest an?<\/strong><\/p>\n<p data-index=\"8\"><strong>Teodor Mele\u015fcanu:<\/strong> E unul din obiectivele pentru care lucr\u0103m \u015fi noi ministerul \u015fi ambasada Rom\u00e2niei \u00een SUA.<\/p>\n<p data-index=\"9\"><strong>Cristina Cileacu: S-au \u00eemplinit 60 de ani de la semnarea Tratatului de la Roma, dar este un moment \u00een care \u0163\u0103rile vestice par s\u0103 nu mai cread\u0103 foarte mult \u00een proiectul european, iar Brexit este doar un astfel de exemplu. Dar pentru noi pare un fel de oportunitate. Avem un plan pe termen lung?<\/strong><\/p>\n<p data-index=\"10\"><strong>Teodor Mele\u015fcanu:<\/strong> Avem un plan foarte clar pe termen lung care va fi \u015fi transformat \u00eentr-un mandat cu care Rom\u00e2nia se va prezenta la diverselor reuniuni \u00een cadrul discut\u0103rii diverselor perspective europene, pentru c\u0103 declara\u0163ia de la Roma a fost sigur \u015fi un moment aniversar legat de aniversarea semn\u0103rii Tratatului de la Roma, dar \u00een acela\u015fi timp a fost \u015fi un moment de declan\u015fare a unei proceduri s\u0103-i spun de creare a unor puncte fundamentale pentru perioada urm\u0103toare \u00een rela\u0163iile din UE. \u015ei UE \u00eentr-adev\u0103r, pe l\u00e2ng\u0103 aspectele aniversare, este cel mai important proiect politic care s-a \u00eent\u00e2mplat \u00een ultimii c\u00e2\u0163iva zeci de ani. Este \u00een acest moment \u00eentr-o situa\u0163ie destul de delicat\u0103 \u015fi precar\u0103. Exist\u0103 foarte multe probleme cu care UE se confrunt\u0103. \u00cen primul r\u00e2nd a\u0163i men\u0163ionat deja Brexitul, ie\u015firea Marii Britanii din UE, ceea ce este o premier\u0103 absolut\u0103 \u00een ceea ce prive\u015fte UE, dar \u015fi alte probleme cum ar fi migra\u0163ia, probleme legate de dezvoltarea economic\u0103, problemele care privesc securitatea UE, \u00een special la partea de est, \u00een vecin\u0103tatea cu Balcanii de Vest \u015famd. Pe l\u00e2ng\u0103 aceste lucruri, trebuie s\u0103 mai ad\u0103ug\u0103m \u00eenc\u0103 un element care are importan\u0163\u0103 foarte mare \u00een tot ceea ce reprezint\u0103 UE la acest moment, \u015fi anume alegerile care au loc \u00een state cheie \u00een UE, m\u0103 refer la Fran\u0163a \u015fi Germania, unde \u00een perioada urm\u0103toare vor avea loc alegeri \u015fi de asemenea a fost \u015fi un moment care era de asemenea care era considerat ca un posibil indicator al unei schimb\u0103ri de mentalitate, alegerile din Olanda. Pentru noi ca \u0163ar\u0103, \u00een Rom\u00e2nia, lucrurile sunt foarte clare, dorim o integrare \u00een continuare accelerat\u0103 a \u0163\u0103rilor membre ale UE, dorim o Uniune European\u0103 unit\u0103, coeziv\u0103 \u015fi solidar\u0103 \u00een care Rom\u00e2nia s\u0103-\u015fi poat\u0103 juca un rol pe m\u0103sura poten\u0163ialului pe care \u00eel are la ora actual\u0103 \u015fi \u00een domeniul economic, \u015fi politic.<\/p>\n<p data-index=\"11\"><strong>Cristina Cileacu: O \u00eentrebare pe care, \u00een ultimii 5 ani de c\u00e2nd exist\u0103 Pa\u015faport diplomatic, am adresat-o tuturor mini\u015ftrilor de externe. De ce nu reu\u015fim s\u0103 ne folosim acest poten\u0163ial? Iar dac\u0103 ne g\u00e2ndim la recentele ac\u0163iuni politice din iarn\u0103, care au dus la proteste masive, a ap\u0103rut o nou\u0103 percep\u0163ie \u015fi anume c\u0103 Rom\u00e2nia din punct de vedere politic se \u00eentoarce \u00een timp. C\u00e2nd vom \u00eencepe s\u0103 fim o voce puternic\u0103 pentru c\u0103 \u00een acest moment se pare c\u0103 urm\u0103m direc\u0163ii, dar nu avem ini\u0163iative.<\/strong><\/p>\n<p data-index=\"12\"><strong>Teodor Mele\u015fcanu:<\/strong> Da, cred c\u0103 referirea dvs la \u00eentoarcerea \u00een timp este complet gre\u015fit\u0103.<\/p>\n<p data-index=\"13\"><strong>Cristina Cileacu: Nu este a mea, nu \u00eemi apar\u0163ine.<\/strong><\/p>\n<p data-index=\"14\"><strong>Teodor Mele\u015fcanu:<\/strong> Nu, expresia pe care a\u0163i folosit-o. \u015ei spun acest lucru pentru c\u0103 ceea ce s-a \u00eent\u00e2mplat \u00een Rom\u00e2nia este dimpotriv\u0103, un pas important \u00eenainte, \u00een care \u00eentr-o \u0163ar\u0103 membr\u0103 a UE, oameni obi\u015fnui\u0163i, cet\u0103\u0163eni ai acestei \u0163\u0103ri sau o parte din cet\u0103\u0163enii acestei \u0163\u0103ri, \u00een momentul \u00een care au anumite nemul\u0163umiri fa\u0163\u0103 de politicile publice care se execut\u0103 \u00een \u0163ara respectiv\u0103, s\u0103 poat\u0103 s\u0103 \u00ee\u015fi exprime un punct de vedere, s\u0103 fie \u00eempotriva unor anumite ac\u0163iuni, s\u0103 cear\u0103 alte m\u0103suri pe care le consider\u0103 mai potrivite. \u015ei vreau s\u0103 subliniez c\u0103 spre deosebire de alte manifesta\u0163ii care au loc \u00een \u0163\u0103rile mai vechi din UE, spre deosebire de acele manifesta\u0163ii, manifesta\u0163iile din Bucure\u015fti \u015fi din alte ora\u015fe au fost pa\u015fnice, \u00een care oamenii \u015fi-au putut exprima opiniile f\u0103r\u0103 ca cineva s\u0103-i \u00eempiedice s\u0103 fac\u0103 acest lucru, chiar dac\u0103 nu aveau autoriza\u0163ie de miting sau de demonstra\u0163ie, ceea ce dovede\u015fte ca la nivelul democra\u0163iei din Rom\u00e2nia ne afl\u0103m pe o treapt\u0103 chiar mai \u00eenalt\u0103 fa\u0163\u0103 de alte \u0163\u0103ri din UE.<\/p>\n<p data-index=\"15\"><strong>Cristina Cileacu: Protestele au fost apreciate, mai pu\u0163in apreciate au fost deciziile politice care au dus la aceste proteste.<\/strong><\/p>\n<p data-index=\"16\"><strong>Teodor Mele\u015fcanu:<\/strong> Da, protestele au fost apreciate, deciziile de asemenea sunt considerate ca necesare de majoritatea celor cu care am discutat, inclusiv la nivelul UE. Modul \u00een care au fost adoptate, poate consultarea mult prea scurt\u0103 a cet\u0103\u0163enilor pe aceste teme, au putut s\u0103 fie \u00eentr-adev\u0103r supuse sub semnul \u00eentreb\u0103rii. \u00cen niciun caz niciodat\u0103 nu s-a men\u0163ionat faptul c\u0103 \u00een Rom\u00e2nia adoptarea unor decizii de c\u0103tre guvern pentru a pune, pentru a transforma o decizie a Cur\u0163ii Constitu\u0163ionale care este obligatorie, nimeni nu a negat acest fapt, dimpotriv\u0103, toat\u0103 lumea a sus\u0163inut c\u0103 CCR este organismul a c\u0103rei decizii trebuie s\u0103 fie implementate de guvern \u015fi de parlament.<\/p>\n<p data-index=\"17\"><strong>Cristina Cileacu: Rusia este \u0163ara care \u015fi-a f\u0103cut un renume pentru faptul c\u0103 intervine \u00een rela\u0163iile interne ale altor state, cu sau f\u0103r\u0103 cerere din partea acelor state. Ce a\u015ftept\u0103ri avem noi de la rela\u0163ia cu Moscova, dincolo de acele tratate pe care urmeaz\u0103 s\u0103 le semn\u0103m?<\/strong><\/p>\n<p data-index=\"18\"><strong>Teodor Mele\u015fcanu:<\/strong> Nu avem niciun tratat \u00een lucru \u015fi apropos de informa\u0163ii false, am v\u0103zut \u015fi eu la televizor c\u0103 am semnat nu \u015ftiu ce tratat, ce acord, cu ambasadorul sovietic, actualmente ambasadorul care reprezint\u0103 Federa\u0163ia Rus\u0103, a fost ambasador \u015fi \u00een alte \u0163\u0103ri \u015fi vreau s\u0103 v\u0103 spun c\u0103 nu avem niciun fel de acord pentru moment \u00een lucru. Exist\u0103 un program de colaborare \u00een domeniul cultural \u015fi un protocol de colaborare \u00een acest domeniu care au expirat, au ajuns la momentul \u00een care \u00ee\u015fi \u00eencheie activitatea \u015fi urmeaz\u0103 ca \u00een func\u0163ie de evolu\u0163iile care vor avea loc s\u0103 putem s\u0103 relu\u0103m un dialog. Politica noastr\u0103 fa\u0163\u0103 de Rusia este foarte simpl\u0103. Dorim s\u0103 avem o rela\u0163ie pragmatic\u0103 \u015fi predictibil\u0103, care s\u0103 \u0163in\u0103 seama de interesele ambelor state, \u015fi care s\u0103 fie fundamentate pe normele \u015fi principiile general admise ale dreptului interna\u0163ional. \u00cen acela\u015fi timp sigur c\u0103 avem \u015fi o anumit\u0103 precizare. Toate aceste rela\u0163ii se vor dezvolta doar dac\u0103 exist\u0103 reciprocitate \u015fi doi, f\u0103r\u0103 a aduce atingere sanc\u0163iunilor care au fost decise de UE \u00eempotriva Rusiei \u015fi la care Rom\u00e2nia s-a asociat \u015fi este unul din sprijinitorii acestei politici.<\/p>\n<p data-index=\"19\"><strong>Cristina Cileacu: \u015ei \u00een ce m\u0103sur\u0103 se lucreaz\u0103 acum la dezvoltarea acestei rela\u0163ii?<\/strong><\/p>\n<p data-index=\"20\"><strong>Teodor Mele\u015fcanu:<\/strong> \u00cen primul r\u00e2nd noi am dorit ca s\u0103 avem un dialog politic, pe teme care ar putea fi de interes, cum ar fi neproliferarea armelor nucleare, unde am \u015fi avut la nivel de secretar de stat anul acesta o prim\u0103 \u00eentrevedere, \u00een alte domenii care de asemenea, repet, nu sunt supuse sanc\u0163iunilor. Dar \u00een esen\u0163\u0103, ceea ce este pe mas\u0103 la ora actual\u0103 este un protocol de colaborare \u00een domeniul culturii \u015fi educa\u0163iei \u015fi un program de colaborare, care sunt la nivelul ministerelor de specialitate, respectiv al educa\u0163iei \u015fi vom vedea \u00een ce m\u0103sur\u0103 lucrurile vor evolua \u00eentr-o direc\u0163ie sau alta.<\/p>\n<p data-index=\"21\"><strong>Cristina Cileacu: A\u0163i participat la Bruxelles la ministeriala NATO, unde s-a discutat despre bugetul Alian\u0163ei \u015fi \u00eentrebarea pe care vreau s\u0103 v-o adresez este legat\u0103 de un plan pe care l-ar avea Europa \u00een cazul \u00een care anumite \u0163\u0103ri europene nu \u00ee\u015fi respect\u0103 obliga\u0163ia de a atribui pentru ap\u0103rare 2% din PIB.<\/strong><\/p>\n<p data-index=\"22\"><strong>Teodor Mele\u015fcanu:<\/strong> La \u00eent\u00e2lnirea actual\u0103 obiectivul principal al \u00eent\u00e2lnirii a fost un prim dialog cu noul secretar de stat al SUA, dl Rex Tillerson, \u015fi un schimb de p\u0103reri \u00een leg\u0103tur\u0103 cu modul \u00een care ar trebui s\u0103 evolueze \u00een continuare activitatea NATO. Din punctul nostru de vedere, ca pozi\u0163ie, am sus\u0163inut foarte ferm necesitatea unei leg\u0103turi transatlantice solide. NATO f\u0103r\u0103 o participare a SUA \u015fi Canadei nu poate s\u0103 fie acel organism eficient a\u015fa cum a fost p\u00e2n\u0103 \u00een prezent \u015fi care a contribuit la p\u0103strarea p\u0103cii \u015fi securit\u0103\u0163ii \u00een lume. \u015ei \u00een al doilea r\u00e2nd, da, am sus\u0163inut \u015fi faptul c\u0103 exist\u0103 nevoie de o solidaritate \u015fi de pozi\u0163ii comune ale alia\u0163ilor din NATO pe toate temele care privesc securitatea \u015fi \u00een acela\u015fi timp de participarea tuturor, de contribu\u0163ia tuturor la o Alian\u0163\u0103 puternic\u0103, inclusiv prin alocarea a 2% din PIB.<\/p>\n<p data-index=\"23\"><strong>Cristina Cileacu: \u015ei dac\u0103 asta nu se va \u00eent\u00e2mpla?<\/strong><\/p>\n<p data-index=\"24\"><strong>Teodor Mele\u015fcanu:<\/strong> Nu exist\u0103 sanc\u0163iuni, nu au fost prev\u0103zute sanc\u0163iuni. La ora actual\u0103 Rom\u00e2nia este cea de-a \u015fasea \u0163ar\u0103 din NATO care acord\u0103 2% pentru cheltuielile de ap\u0103rare. Exist\u0103 \u015fi alte state care se afl\u0103 sub aceast\u0103 limit\u0103, un num\u0103r destul de important de state, din 27 r\u0103m\u00e2n vreo 21 de state care nu au atins acest nivel. \u00cens\u0103, la ora actual\u0103 discu\u0163ia care poart\u0103 este un pic mai complex\u0103, pentru c\u0103 ea \u00eenseamn\u0103 2% pentru ap\u0103rare \u015fi cel pu\u0163in 20% din aceste fonduri s\u0103 fie folosite pentru cheltuieli de \u00eenzestrare ale for\u0163elor armate ale fiec\u0103rei \u0163\u0103ri, inclusiv cu for\u0163ele armate care particip\u0103 la diverse opera\u0163iuni NATO. \u00cen plus, mai exist\u0103 \u015fi o discu\u0163ie \u00een leg\u0103tur\u0103 cu posibilitatea ca o parte din aceste cheltuieli s\u0103 fie folosite \u015fi pentru crearea unor condi\u0163ii mai bune de stabilitate \u00een anumite state din afara frontierelor Europei, ceea ce ar permite unor \u0163\u0103ri care au activitate foarte important\u0103 prin programe de asisten\u0163\u0103 tehnic\u0103, de asisten\u0163\u0103 cultural\u0103 \u00een alte state s\u0103 poat\u0103 s\u0103 constituie \u015fi aceasta o contribu\u0163ie la bugetul militar al ap\u0103r\u0103rii \u015fi scurit\u0103\u0163ii Alian\u0163ei.<\/p>\n<p data-index=\"25\"><strong>Cristina Cileacu: C\u00e2nd a\u0163i preluat mandatul de ministru de externe a\u0163i anun\u0163at o aten\u0163ie sporit\u0103 pentru dezvoltarea rela\u0163iilor bilaterale, mai ales cu vecinii. \u00cen ce stadiu sunt acum aceste rela\u0163ii, pentru c\u0103 Ungaria pare destul de neprietenoas\u0103, despre Ucraina nu \u015ftim mare lucru, Serbia r\u0103m\u00e2ne constant\u0103, cu bulgarii suntem oficial \u00eentr-o rela\u0163ie bun\u0103, dar pare cumva distant\u0103 \u015fi aceasta.<\/strong><\/p>\n<p data-index=\"26\"><strong>Teodor Mele\u015fcanu:<\/strong> Exist\u0103 proiecte foarte mari cu toate \u0163\u0103rile vecine \u015fi nu ascund faptul c\u0103 pentru guvernul actual rela\u0163iile cu \u0163\u0103rile vecine reprezint\u0103 una din priorit\u0103\u0163ile cele mai importante. Acest lucru explic\u0103 \u015fi faptul c\u0103 prima vizit\u0103 pe care am avut-o \u00een Rom\u00e2nia a fost a ministrului de externe al Moldovei, a dlui Galbur, prima mea vizit\u0103 \u00een str\u0103in\u0103tate a fost la Budapesta, am avut de asemenea \u015fi avem \u00een continuare contacte cu celelalte \u0163\u0103ri, inclusiv cu Ucraina, cu Bulgaria \u015fi cu Serbia. \u00cen al doilea r\u00e2nd a\u015f vrea s\u0103 subliniez c\u0103 pentru noi statele vecine reprezint\u0103 o no\u0163iune pu\u0163in mai larg\u0103, pentru c\u0103 noi includem \u00een ceea ce prive\u015fte rela\u0163iile cu \u0163\u0103rile din vecin\u0103tatea noastr\u0103 \u015fi rela\u0163iile cu Polonia \u015fi Turcia. \u00cen acest an \u00een iunie vom avea o nou\u0103 \u00eent\u00e2lnire trilateral\u0103 a acestor 3 \u0163\u0103ri care ne va permite s\u0103 acoperim \u015fi aceast\u0103 zon\u0103. \u00cen ceea ce prive\u015fte Ucraina, Rom\u00e2nia este una dintre \u0163\u0103rile care are o politic\u0103 foarte clar\u0103 de sprijinire a unit\u0103\u0163ii, integrit\u0103\u0163ii \u015fi suveranit\u0103\u0163ii republicii Ucraina \u015fi din acest punct de vedere nu r\u0103m\u00e2nem doar la nivel declarativ, pentru c\u0103 Rom\u00e2nia a contribuit \u015fi contribuie \u00een continuare la sprijinirea autorit\u0103\u0163ilor ucrainene \u00een lupta \u00eempotriva corup\u0163iei, de asemenea \u00een ceea ce prive\u015fte organismele de securitate, \u00eent\u00e2rirea lor, \u015fi \u00een ceea ce prive\u015fte ap\u0103rarea \u00eempotriva atacurilor cibernetice. Cel mai important lucru, dac\u0103 vre\u0163i, din acest punct de vedere, este rela\u0163ia cu Republica Moldova, unde pentru prima oar\u0103 avem deja elemente ale unui program de sprijin \u015fi de colaborare \u00eentre cele dou\u0103 \u0163\u0103ri. Nu putem spune c\u0103 nu avem ac\u0163iuni clare \u015fi foarte concrete \u00een rela\u0163iile cu aceste \u0163\u0103ri. Inclusiv cu Ungaria, v-a\u0163i referit la atmosfera care exist\u0103. Vreau s\u0103 v\u0103 spun c\u0103 am constatat o foarte mare disponibilitate la autorit\u0103\u0163ile maghiare, am avut \u015fi o \u00eentrevedere cu premierul Orban, evident, cu colegul meu dl. Peter Szjiarto, \u015fi am \u00eenregistrat o disponibilitate, repet, \u00een raporturile cu Rom\u00e2nia. \u00cen raporturile Ungariei cu \u0163\u0103rile membre ale UE, cea mai mare pondere la importuri \u015fi exporturi o are Germania. S\u0103 v\u0103 fac o surpriz\u0103. Pe locul doi dup\u0103 Germania sunt rela\u0163iile economice cu Rom\u00e2nia.<\/p>\n<p data-index=\"27\">Cristina Cileacu \u00cen ceea ce prive\u015fte Republica Moldova, ei par s\u0103 fie mai interesa\u0163i de ceea ce vine dinspre estul lor, dec\u00e2t dinspre noi. C\u00e2t de adev\u0103rat este acest lucru?<\/p>\n<p data-index=\"28\"><strong>Teodor Mele\u015fcanu:<\/strong> Lucrul acesta nu este adev\u0103rat \u015fi o s\u0103 v\u0103 spun de ce. S\u0103pt\u0103m\u00e2na trecut\u0103 s-a publicat un sondaj de opinie \u00een Republica Moldova \u015fi pentru prima oar\u0103 52% dintre cei intervieva\u0163i s-au promovat pentru integrarea european\u0103 a Republicii Moldova. Exist\u0103 \u00eens\u0103 \u00een mod evident \u015fi \u00een R. Moldova, cet\u0103\u0163eni sau for\u0163e politice care privesc, cum spunea\u0163i dvs., mai mult spre est dec\u00e2t spre vest. \u015ei sigur c\u0103 un caz deosebit este pre\u015fedintele Dodon care are o atitudine pro-estic\u0103 foarte pronun\u0163at\u0103 \u015fi pe care \u00eencearc\u0103 s\u0103 \u015fi-o \u015fi impun\u0103. Trebuie \u00eens\u0103 \u00een\u0163eles un lucru foarte important. Pre\u015fedintele Dodon sau pre\u015fedintele R. Moldova, indiferent cum l-ar chema, are atribu\u0163ii foarte limitate. Ceea ce exist\u0103 la ora actual\u0103 \u00een Moldova, exist\u0103 o majoritate parlamentar\u0103 stabil\u0103 \u015fi un guvern stabil, care sunt pro-europene \u015fi \u00ee\u015fi continu\u0103 procesul pe care l-au inaugurat a \u00eenaint\u0103rii lor pe calea apropierii de UE, deci inclusiv de Rom\u00e2nia. Din acest punct de vedere cred c\u0103 nu trebuie s\u0103 acord\u0103m prea mare aten\u0163ie diferitelor declara\u0163ii care se fac politice \u00een R. Moldova, pentru c\u0103 situa\u0163ia de fapt este cu totul alta.<\/p>\n<\/div>\n<p> Source URL: https:\/\/www.digi24.ro\/stiri\/actualitate\/politica\/interviu-t-melescanu-cu-rusia-vrem-sa-avem-o-relatie-care-sa-tina-seama-de-interesele-ambelor-state-703353<\/p>\n","protected":false},"excerpt":{"rendered":"<p>&#8220;Politica noastr\u0103 fa\u0163\u0103 de Rusia este foarte simpl\u0103. Dorim s\u0103 avem o rela\u0163ie pragmatic\u0103 \u015fi predictibil\u0103, care s\u0103 \u0163in\u0103 seama de interesele ambelor state, \u015fi care s\u0103 fie fundamentate pe normele \u015fi principiile general admise ale dreptului interna\u0163ional.&#8221; Declara\u0163ia a fost f\u0103cut\u0103 de ministrul afacerilor externe, Teodor Mele\u015fcanu, \u00eentr-un interviu acordat Cristinei Cileacu. \u00a0 Cristina [&hellip;]<\/p>\n","protected":false},"author":1,"featured_media":143099,"comment_status":"open","ping_status":"","sticky":false,"template":"","format":"standard","meta":{"footnotes":""},"categories":[2],"tags":[11],"class_list":["post-143098","post","type-post","status-publish","format-standard","has-post-thumbnail","hentry","category-politics","tag-digi24"],"_links":{"self":[{"href":"https:\/\/analyse.optim.biz\/index.php?rest_route=\/wp\/v2\/posts\/143098","targetHints":{"allow":["GET"]}}],"collection":[{"href":"https:\/\/analyse.optim.biz\/index.php?rest_route=\/wp\/v2\/posts"}],"about":[{"href":"https:\/\/analyse.optim.biz\/index.php?rest_route=\/wp\/v2\/types\/post"}],"author":[{"embeddable":true,"href":"https:\/\/analyse.optim.biz\/index.php?rest_route=\/wp\/v2\/users\/1"}],"replies":[{"embeddable":true,"href":"https:\/\/analyse.optim.biz\/index.php?rest_route=%2Fwp%2Fv2%2Fcomments&post=143098"}],"version-history":[{"count":0,"href":"https:\/\/analyse.optim.biz\/index.php?rest_route=\/wp\/v2\/posts\/143098\/revisions"}],"wp:featuredmedia":[{"embeddable":true,"href":"https:\/\/analyse.optim.biz\/index.php?rest_route=\/wp\/v2\/media\/143099"}],"wp:attachment":[{"href":"https:\/\/analyse.optim.biz\/index.php?rest_route=%2Fwp%2Fv2%2Fmedia&parent=143098"}],"wp:term":[{"taxonomy":"category","embeddable":true,"href":"https:\/\/analyse.optim.biz\/index.php?rest_route=%2Fwp%2Fv2%2Fcategories&post=143098"},{"taxonomy":"post_tag","embeddable":true,"href":"https:\/\/analyse.optim.biz\/index.php?rest_route=%2Fwp%2Fv2%2Ftags&post=143098"}],"curies":[{"name":"wp","href":"https:\/\/api.w.org\/{rel}","templated":true}]}}