{"id":1430973,"date":"2026-01-23T20:29:07","date_gmt":"2026-01-23T17:29:07","guid":{"rendered":"https:\/\/analyse.optim.biz\/?p=1430973"},"modified":"2026-01-23T20:29:07","modified_gmt":"2026-01-23T17:29:07","slug":"mica-unire-in-lumina-reflectoarelor","status":"publish","type":"post","link":"https:\/\/analyse.optim.biz\/?p=1430973","title":{"rendered":"\u201eMica Unire \u00een lumina reflectoarelor\u201d"},"content":{"rendered":"<article id=\"post-117835\" class=\"post-117835 post type-post status-publish format-video has-post-thumbnail hentry category-actualitate post_format-post-format-video\">\n<div class=\"td-post-header\">\n<ul class=\"td-category\">\n<li class=\"entry-category\"><a href=\"https:\/\/www.tvbuzau.ro\/category\/actualitate\/\">Actualitate<\/a><\/li>\n<\/ul>\n<header class=\"td-post-title\">\n<h1 class=\"entry-title\">\u201eMica Unire \u00een lumina reflectoarelor\u201d<\/h1>\n<div class=\"td-module-meta-info\">\n<div class=\"td-post-author-name\">De c\u0103tre <a href=\"https:\/\/www.tvbuzau.ro\/author\/mihai-vasilescu\/\">TV Buz\u0103u<\/a> &#8211; <\/div>\n<p><span class=\"td-post-date\"><time class=\"entry-date updated td-module-date\" datetime=\"2026-01-23T20:29:07+00:00\">ianuarie 23, 2026<\/time><\/span><\/p>\n<div class=\"td-post-comments\"><a href=\"https:\/\/www.tvbuzau.ro\/mica-unire-in-lumina-reflectoarelor\/#respond\">0<\/a><\/div>\n<div class=\"td-post-views\"><span class=\"td-nr-views-117835\">14<\/span><\/div>\n<\/div>\n<\/header>\n<\/div>\n<div class=\"td-post-sharing td-post-sharing-top td-with-like\">\n<div class=\"td-default-sharing\"><a class=\"td-social-sharing-buttons td-social-facebook\" href=\"http:\/\/www.facebook.com\/sharer.php?u=https%3A%2F%2Fwww.tvbuzau.ro%2Fmica-unire-in-lumina-reflectoarelor%2F\"><\/p>\n<div class=\"td-social-but-text\">Distribui\u021bi pe Facebook<\/div>\n<p><\/a><a class=\"td-social-sharing-buttons td-social-twitter\" href=\"https:\/\/twitter.com\/intent\/tweet?text=%E2%80%9EMica+Unire+%C3%AEn+lumina+reflectoarelor%E2%80%9D&amp;url=https%3A%2F%2Fwww.tvbuzau.ro%2Fmica-unire-in-lumina-reflectoarelor%2F&amp;via=TV+Buz%C4%83u\"><\/p>\n<div class=\"td-social-but-text\">Distribui\u021bi pe Twitter<\/div>\n<p><\/a><\/div>\n<div class=\"td-classic-sharing\">\n<ul>\n<li class=\"td-classic-facebook\"><iframe frameborder src=\"https:\/\/www.facebook.com\/plugins\/like.php?href=https:\/\/www.tvbuzau.ro\/mica-unire-in-lumina-reflectoarelor\/&amp;layout=button_count&amp;show_faces=false&amp;width=105&amp;action=like&amp;colorscheme=light&amp;height=21\"><\/iframe><\/li>\n<li class=\"td-classic-twitter\"><a href=\"https:\/\/twitter.com\/share\" class=\"twitter-share-button\" data-url=\"https:\/\/www.tvbuzau.ro\/mica-unire-in-lumina-reflectoarelor\/\" data-text=\"\u201eMica Unire \u00een lumina reflectoarelor\u201d\" data-via data-lang=\"en\">tweet<\/a><\/li>\n<\/ul>\n<\/div>\n<\/div>\n<div class=\"td-post-content\">\n<div class=\"td-featured-image-rec\">\n<div class=\"wpb_video_wrapper\">\n                    <iframe loading=\"lazy\" id=\"td_youtube_player\" width=\"600\" height=\"560\" src=\"https:\/\/www.youtube.com\/embed\/RcM-KWJZx6c?enablejsapi=1&amp;feature=oembed&amp;wmode=opaque&amp;vq=hd720\" frameborder allowfullscreen><\/iframe><\/p><\/div>\n<\/div>\n<p>Expozi\u021bie de costume de teatru<br \/>\nTeatrul \u201eGeorge Ciprian\u201d \u00een parteneriat cu Muzeul Jude\u021bean Buz\u0103u \u0219i Centrul de Cultur\u0103 \u0219i Art\u0103 organizeaz\u0103 o serie de activit\u0103\u021bi dedicate Zilei Unirii Principatelor Rom\u00e2ne, 24 ianuarie 2026.<br \/>\nTeatrul \u201eGeorge Ciprian\u201d aduce \u00een prim-plan expozi\u021bia \u201eMica Unire \u00een lumina reflectoarelor\u201d, o incursiune \u00een evolu\u021bia costumului de teatru de-a lungul a peste 20 de ani.<br \/>\nExpozi\u021bia \u201eMica Unire \u00een lumina reflectoarelor\u201d este deschis\u0103 publicului<br \/>\n\u00een perioada 23 \u2013 30 ianuarie, \u00een foaierul Teatrului \u201eGeorge Ciprian\u201d. Expozi\u021bia ofer\u0103 posibilitatea de a observa fuziunea \u0219i evolu\u021bia costumelor de-a lungul timpului, \u00eentr-un dialog vizual \u00eentre trecut \u0219i prezent. Publicul poate admira o selec\u021bie de costume reprezentative din repertoriul teatrului, care reflect\u0103 transform\u0103rile estetice \u0219i artistice ale crea\u021biei scenografice din anul 2002 p\u00e2n\u0103 \u00een prezent.<br \/>\nPrintre exponate se reg\u0103sesc costume din spectacolul \u201eO noapte furtunoas\u0103\u201d<br \/>\nde I.L. Caragiale, \u00een dou\u0103 mont\u0103ri:<\/p>\n<p>  \u2013 stagiunea 2002\u20132003, regia Cezar Ghioca<br \/>\n  \u2013 stagiunea 2025\u20132026, regia Daniel Bucur<\/p>\n<p>De asemenea, sunt expuse costume din spectacolul \u201eCenu\u0219\u0103reasa\u201d, adaptare<br \/>\ndup\u0103 Fra\u021bii Grimm:<\/p>\n<p>   \u2013 stagiunea 2002\u20132003, coordonatori Prof. Dana Dumitrescu \u0219i Prof.<br \/>\n   Lucian Ghimi\u0219i<br \/>\n   \u2013 stagiunea 2024\u20132025, regia Ionu\u021b Octavian Ghinea.<\/p>\n<p>Al\u0103turi de acestea, pot fi admirate \u0219i costume din c\u00e2teva spectacole din<br \/>\nrepertoriul curent al Teatrului \u201eGeorge Ciprian\u201d:<\/p>\n<p>   \u2013 \u201eChiri\u021ba \u00een Provin\u021bie\u201d de I.L. Caragiale, regia Daniel Bucur<br \/>\n   \u2013 \u201eCartea junglei\u201d, dup\u0103 Rudyard Kipling, regia Ionu\u021b Octavian Ghinea\u201d.<\/p>\n<p>Punctul central al expozi\u021biei \u00eel constituie costumele istorice din<br \/>\nspectacolul \u201eMari Rom\u00e2ni\u201d, realizat cu prilejul zilei de 24 ianuarie. Sunt expuse costumele personajelor Alexandru Ioan Cuza, Colonelul Florescu, Mihai Viteazul, Boierul Hristea, Regele Ferdinand \u0219i Regina Maria.<br \/>\nVizitatorii pot admira, de asemenea, expozi\u021biile permanente din foaierul<br \/>\nteatrului, confec\u021bionate \u00een cadrul atelierelor de scenografie din festivalurile organizate de Teatrul \u201eGeorge Ciprian\u201d care include expozi\u021bia de costume elisabetane, realizat\u0103 \u00een cadrul Festivalului \u201eBuz\u0103u Iube\u0219te Teatrul\u201d, edi\u021bia 2022, de stunden\u021bii<br \/>\nUniversit\u0103\u021bii Na\u021bionale de Art\u0103 Teatral\u0103 \u0219i Cinematografic\u0103 \u201eI. L.<br \/>\nCaragiale\u201d, Bucure\u0219ti, expozi\u021bia \u201eLumini \u0219i umbre\u201d, realizat\u0103 \u00een cadrul<br \/>\nFestivalului \u201eBuz\u0103u iube\u0219te Teatrul\u201d, edi\u021bia 2025, de stunden\u021bii<br \/>\nUniversit\u0103\u021bii Na\u021bionale de Art\u0103 Teatral\u0103 \u0219i Cinematografic\u0103 \u201eI. L.<br \/>\nCaragiale\u201d, Bucure\u0219ti, sec\u021bia Scenografie \u0219i elevii Liceului de Arte<br \/>\n\u201eMargareta Sterian\u201d Buz\u0103u, sec\u021bia Design Vestimentar.<br \/>\nO component\u0103 inedit\u0103 a expozi\u021biei este Robotul Ogmios Z42, element<br \/>\nspectaculos din spectacolul \u201e2032 Smart Family\u201d. Prezen\u021ba acestuia<br \/>\ncreeaz\u0103 o punte simbolic\u0103 \u00eentre tradi\u021bie \u0219i viitor, complet\u00e2nd parcursul<br \/>\nexpozi\u021bional dedicat evolu\u021biei teatrului. Robotul Ogmios Z42 poate fi<br \/>\nv\u0103zut de public \u00een aceea\u0219i perioad\u0103, 23 \u2013 30 ianuarie, \u00een foaierul<br \/>\nteatrului.<br \/>\nPe 24 ianuarie, de la ora 11:00, \u00een sala Teatrului \u201eGeorge Ciprian\u201d, va<br \/>\navea loc \u0219i un spectacol de muzic\u0103 popular\u0103 \u201eHai s\u0103 d\u0103m m\u00e2n\u0103 cu m\u00e2n\u0103\u201d,<br \/>\nsus\u021binut de Centrul de Cultur\u0103 \u0219i Art\u0103.<\/p>\n<div class=\"post-views post-117835 entry-meta\"><span class=\"post-views-label\">Post Views: <\/span><span class=\"post-views-count\">332<\/span><\/div>\n<\/div>\n<footer>\n<div class=\"td-post-sharing td-post-sharing-bottom td-with-like\"><span class=\"td-post-share-title\">DISTRIBUI\u021aI<\/span><\/p>\n<div class=\"td-default-sharing\"><a class=\"td-social-sharing-buttons td-social-facebook\" href=\"http:\/\/www.facebook.com\/sharer.php?u=https%3A%2F%2Fwww.tvbuzau.ro%2Fmica-unire-in-lumina-reflectoarelor%2F\"><\/p>\n<div class=\"td-social-but-text\">Facebook<\/div>\n<p><\/a><a class=\"td-social-sharing-buttons td-social-twitter\" href=\"https:\/\/twitter.com\/intent\/tweet?text=%E2%80%9EMica+Unire+%C3%AEn+lumina+reflectoarelor%E2%80%9D&amp;url=https%3A%2F%2Fwww.tvbuzau.ro%2Fmica-unire-in-lumina-reflectoarelor%2F&amp;via=TV+Buz%C4%83u\"><\/p>\n<div class=\"td-social-but-text\">Twitter<\/div>\n<p><\/a><\/div>\n<div class=\"td-classic-sharing\">\n<ul>\n<li class=\"td-classic-facebook\"><iframe frameborder src=\"https:\/\/www.facebook.com\/plugins\/like.php?href=https:\/\/www.tvbuzau.ro\/mica-unire-in-lumina-reflectoarelor\/&amp;layout=button_count&amp;show_faces=false&amp;width=105&amp;action=like&amp;colorscheme=light&amp;height=21\"><\/iframe><\/li>\n<li class=\"td-classic-twitter\"><a href=\"https:\/\/twitter.com\/share\" class=\"twitter-share-button\" data-url=\"https:\/\/www.tvbuzau.ro\/mica-unire-in-lumina-reflectoarelor\/\" data-text=\"\u201eMica Unire \u00een lumina reflectoarelor\u201d\" data-via data-lang=\"en\">tweet<\/a><\/li>\n<\/ul>\n<\/div>\n<\/div>\n<div class=\"td-author-name vcard author\"><span class=\"fn\"><a href=\"https:\/\/www.tvbuzau.ro\/author\/mihai-vasilescu\/\">TV Buz\u0103u<\/a><\/span><\/div>\n<p><span><\/span><span><span><\/span><\/span><span><\/span><\/footer>\n<\/article>\n<p> Source URL: https:\/\/www.tvbuzau.ro\/mica-unire-in-lumina-reflectoarelor\/<\/p>\n","protected":false},"excerpt":{"rendered":"<p>Actualitate \u201eMica Unire \u00een lumina reflectoarelor\u201d De c\u0103tre TV Buz\u0103u &#8211; ianuarie 23, 2026 0 14 Distribui\u021bi pe Facebook Distribui\u021bi pe Twitter tweet Expozi\u021bie de costume de teatru Teatrul \u201eGeorge Ciprian\u201d \u00een parteneriat cu Muzeul Jude\u021bean Buz\u0103u \u0219i Centrul de Cultur\u0103 \u0219i Art\u0103 organizeaz\u0103 o serie de activit\u0103\u021bi dedicate Zilei Unirii Principatelor Rom\u00e2ne, 24 ianuarie [&hellip;]<\/p>\n","protected":false},"author":1,"featured_media":0,"comment_status":"open","ping_status":"","sticky":false,"template":"","format":"standard","meta":{"footnotes":""},"categories":[2],"tags":[116],"class_list":["post-1430973","post","type-post","status-publish","format-standard","hentry","category-politics","tag-tvbuzau-ro"],"_links":{"self":[{"href":"https:\/\/analyse.optim.biz\/index.php?rest_route=\/wp\/v2\/posts\/1430973","targetHints":{"allow":["GET"]}}],"collection":[{"href":"https:\/\/analyse.optim.biz\/index.php?rest_route=\/wp\/v2\/posts"}],"about":[{"href":"https:\/\/analyse.optim.biz\/index.php?rest_route=\/wp\/v2\/types\/post"}],"author":[{"embeddable":true,"href":"https:\/\/analyse.optim.biz\/index.php?rest_route=\/wp\/v2\/users\/1"}],"replies":[{"embeddable":true,"href":"https:\/\/analyse.optim.biz\/index.php?rest_route=%2Fwp%2Fv2%2Fcomments&post=1430973"}],"version-history":[{"count":0,"href":"https:\/\/analyse.optim.biz\/index.php?rest_route=\/wp\/v2\/posts\/1430973\/revisions"}],"wp:attachment":[{"href":"https:\/\/analyse.optim.biz\/index.php?rest_route=%2Fwp%2Fv2%2Fmedia&parent=1430973"}],"wp:term":[{"taxonomy":"category","embeddable":true,"href":"https:\/\/analyse.optim.biz\/index.php?rest_route=%2Fwp%2Fv2%2Fcategories&post=1430973"},{"taxonomy":"post_tag","embeddable":true,"href":"https:\/\/analyse.optim.biz\/index.php?rest_route=%2Fwp%2Fv2%2Ftags&post=1430973"}],"curies":[{"name":"wp","href":"https:\/\/api.w.org\/{rel}","templated":true}]}}