{"id":143095,"date":"2017-04-09T00:43:13","date_gmt":"2017-04-08T21:43:13","guid":{"rendered":"https:\/\/analyse.optim.biz\/?p=143095"},"modified":"2017-04-09T00:43:13","modified_gmt":"2017-04-08T21:43:13","slug":"tariceanu-ciolos-ar-trebui-sa-apere-interesele-romaniei-nu-pe-ale-mai-marilor-de-la-bruxelles","status":"publish","type":"post","link":"https:\/\/analyse.optim.biz\/?p=143095","title":{"rendered":"T\u0103riceanu: Ciolo\u0219 ar trebui s\u0103 apere interesele Rom\u00e2niei, nu pe ale mai marilor de la Bruxelles"},"content":{"rendered":"<div class=\"entry data-app-meta data-app-meta-article\" data-embed-base-url-canonical=\"https:\/\/www.digi24.ro\/embed\/stiri\/actualitate\/politica\/tariceanu-ciolos-ar-trebui-sa-apere-interesele-romaniei-nu-pe-ale-mai-marilor-de-la-bruxelles-703383\">\n<p data-index=\"1\"><strong>Pre\u0219edintele Senatului, C\u0103lin Popescu-T\u0103riceanu, consider\u0103 c\u0103 Dacian Ciolo\u0219 ar trebui &#8220;s\u0103 apere interesele Rom\u00e2niei, nu ale mai marilor de la Bruxelles&#8221;. El a sus\u0163inut c\u0103 fostul premier ar fi reprezentantul unui curent \u00een politica rom\u00e2neasc\u0103 potrivit c\u0103ruia \u021bara noastr\u0103 ar trebui &#8220;s\u0103 fie mul\u021bumit\u0103 cu pozi\u021bia de stat colonie \u00een UE&#8221;.<\/strong><\/p>\n<p data-index=\"2\"><img loading=\"lazy\" decoding=\"async\" class=\"alignnone size-full wp-image-703384\" src=\"https:\/\/analyse.optim.biz\/wp-content\/uploads\/2024\/09\/jmhhc2g9ztywowu4nwi0yjm0zwviodg2yzeyzdfmodm4ngjmm2e-thumb_.jpg\" alt=\"tariceanu fb\" width=\"756\" height=\"503\" data-skip-htmlfix=\"1\" title=\"jmhhc2g9ztywowu4nwi0yjm0zwviodg2yzeyzdfmodm4ngjmm2e-thumb_\"><\/p>\n<p data-index=\"3\">&#8220;Am constatat cu surprindere criticile aduse \u00een aceste zile de fostul premier tehnocrat Dacian Ciolo\u0219 \u0219i cred c\u0103 merit\u0103 s\u0103 primeasc\u0103 o replic\u0103. Nu este o replic\u0103 personal\u0103, pentru c\u0103 nu vreau s\u0103 \u00eei atribui domnului Ciolo\u0219 o mai mare importan\u021b\u0103 dec\u00e2t are \u00een realitate. Dacian Ciolo\u0219 este reprezentantul unui curent \u00een politica rom\u00e2neasc\u0103 care spune c\u0103 Rom\u00e2nia ar trebui s\u0103 fie mul\u021bumit\u0103 cu pozi\u021bia de stat colonie \u00een Uniunea Europeana. Sunt oameni politici care merg \u00een capitalele europene cu aceea\u0219i g\u00e2ndire de acum 250 de ani, c\u00e2nd domnitorii fanario\u021bi mergeau la \u00cenalta Poarta: &#8216;capul plecat, sabia nu \u00eel taie&#8217;. Sunt oameni politici care prezint\u0103 rom\u00e2nilor ca pe o mare victorie faptul ca sintagma &#8216;Europa cu mai multe viteze&#8217; a fost \u00eenlocuit\u0103 cu &#8216;ritmuri \u0219i intensit\u0103\u021bi diferite&#8217;. Adic\u0103 &#8216;aceea\u0219i Marie cu alt\u0103 p\u0103l\u0103rie&#8217;, cum ar spune rom\u00e2nul ironic&#8221;, a scris T\u0103riceanu \u00eentr-un mesaj postat, s\u00e2mb\u0103t\u0103 sear\u0103, pe Facebook.<\/p>\n<p data-index=\"4\">El sus\u021bine c\u0103 deciziile \u00een UE sunt luate \u00een urma &#8220;unor negocieri dure&#8221;, \u00een care fiecare stat trebuie s\u0103 ac\u021bioneze &#8220;energic&#8221; pentru a \u00ee\u0219i proteja interesele.<\/p>\n<p data-index=\"5\">Potrivit acestuia, Rom\u00e2nia trebuie s\u0103 \u00ee\u0219i sus\u021bin\u0103 &#8220;interesele&#8221; la Bruxelles.<\/p>\n<p data-index=\"6\">&#8220;Aceast\u0103 Uniune Europeana pe care cred c\u0103 fiecare rom\u00e2n \u0219i-o dore\u0219te, poate fi realizat\u0103 doar dac\u0103 ne sus\u021binem interesele la Bruxelles \u0219i nu accept\u0103m statutul de valet. Oameni politici ca Dacian Ciolo\u0219 vor s\u0103 v\u00e2nd\u0103 o iluzie pu\u021binilor rom\u00e2ni care \u00eei mai cred. Iluzia c\u0103 dac\u0103 st\u0103m cumin\u021bi \u0219i nu deranj\u0103m, vom primi ce ni se cuvine. Iluzia c\u0103 dac\u0103 ne \u021binem gura c\u00e2nd drepturile \u0219i libert\u0103\u021bile cet\u0103\u021benilor sunt \u00eenc\u0103lcate, vom fi considera\u021bi &#8216;de partea binelui&#8217;. Iluzia c\u0103 dac\u0103 aplaud\u0103m toate deciziile luate de liderii de ast\u0103zi de la Bruxelles, vom primi un loc mai \u00een fa\u021b\u0103. Dac\u0103 exista o lec\u021bie din istoria Rom\u00e2niei, este tocmai aceasta: c\u00e2nd am fost vale\u021bii altora, am fost mai slabi \u0219i am tr\u0103it mai r\u0103u; c\u00e2nd am \u00eendr\u0103znit s\u0103 ridic\u0103m ochii din p\u0103m\u00e2nt, am fost mai puternici \u0219i am f\u0103cut o Rom\u00e2nie mai puternic\u0103. Sper c\u0103 Dacian Ciolo\u0219, al\u0103turi de al\u021bi oameni politici asemenea lui, sa g\u0103seasc\u0103 acest curaj. Indiferent dac\u0103 \u00eel g\u0103sesc sau nu, eu \u00eempreun\u0103 cu ALDE \u0219i partenerii de la guvernare vom continua s\u0103 ac\u021bion\u0103m pentru ca Rom\u00e2nia s\u0103 fie mai puternic\u0103 \u00een UE&#8221;, a men\u021bionat T\u0103riceanu.<\/p>\n<\/div>\n<p> Source URL: https:\/\/www.digi24.ro\/stiri\/actualitate\/politica\/tariceanu-ciolos-ar-trebui-sa-apere-interesele-romaniei-nu-pe-ale-mai-marilor-de-la-bruxelles-703383<\/p>\n","protected":false},"excerpt":{"rendered":"<p>Pre\u0219edintele Senatului, C\u0103lin Popescu-T\u0103riceanu, consider\u0103 c\u0103 Dacian Ciolo\u0219 ar trebui &#8220;s\u0103 apere interesele Rom\u00e2niei, nu ale mai marilor de la Bruxelles&#8221;. El a sus\u0163inut c\u0103 fostul premier ar fi reprezentantul unui curent \u00een politica rom\u00e2neasc\u0103 potrivit c\u0103ruia \u021bara noastr\u0103 ar trebui &#8220;s\u0103 fie mul\u021bumit\u0103 cu pozi\u021bia de stat colonie \u00een UE&#8221;. &#8220;Am constatat cu surprindere [&hellip;]<\/p>\n","protected":false},"author":1,"featured_media":143096,"comment_status":"open","ping_status":"","sticky":false,"template":"","format":"standard","meta":{"footnotes":""},"categories":[2],"tags":[11],"class_list":["post-143095","post","type-post","status-publish","format-standard","has-post-thumbnail","hentry","category-politics","tag-digi24"],"_links":{"self":[{"href":"https:\/\/analyse.optim.biz\/index.php?rest_route=\/wp\/v2\/posts\/143095","targetHints":{"allow":["GET"]}}],"collection":[{"href":"https:\/\/analyse.optim.biz\/index.php?rest_route=\/wp\/v2\/posts"}],"about":[{"href":"https:\/\/analyse.optim.biz\/index.php?rest_route=\/wp\/v2\/types\/post"}],"author":[{"embeddable":true,"href":"https:\/\/analyse.optim.biz\/index.php?rest_route=\/wp\/v2\/users\/1"}],"replies":[{"embeddable":true,"href":"https:\/\/analyse.optim.biz\/index.php?rest_route=%2Fwp%2Fv2%2Fcomments&post=143095"}],"version-history":[{"count":0,"href":"https:\/\/analyse.optim.biz\/index.php?rest_route=\/wp\/v2\/posts\/143095\/revisions"}],"wp:featuredmedia":[{"embeddable":true,"href":"https:\/\/analyse.optim.biz\/index.php?rest_route=\/wp\/v2\/media\/143096"}],"wp:attachment":[{"href":"https:\/\/analyse.optim.biz\/index.php?rest_route=%2Fwp%2Fv2%2Fmedia&parent=143095"}],"wp:term":[{"taxonomy":"category","embeddable":true,"href":"https:\/\/analyse.optim.biz\/index.php?rest_route=%2Fwp%2Fv2%2Fcategories&post=143095"},{"taxonomy":"post_tag","embeddable":true,"href":"https:\/\/analyse.optim.biz\/index.php?rest_route=%2Fwp%2Fv2%2Ftags&post=143095"}],"curies":[{"name":"wp","href":"https:\/\/api.w.org\/{rel}","templated":true}]}}