{"id":143081,"date":"2017-04-09T06:05:46","date_gmt":"2017-04-09T03:05:46","guid":{"rendered":"https:\/\/analyse.optim.biz\/?p=143081"},"modified":"2017-04-09T06:05:46","modified_gmt":"2017-04-09T03:05:46","slug":"ctp-un-album-si-o-invitatie-pentru-procurori-la-brebu","status":"publish","type":"post","link":"https:\/\/analyse.optim.biz\/?p=143081","title":{"rendered":"CTP, un album \u0219i o invita\u021bie pentru procurori. La Brebu"},"content":{"rendered":"<div class=\"entry data-app-meta data-app-meta-article\" data-embed-base-url-canonical=\"https:\/\/www.digi24.ro\/embed\/stiri\/actualitate\/social\/ctp-un-album-si-o-invitatie-la-brebu-703131\">\n<p data-index=\"1\"><strong>Cristian Tudor Popescu \u00eei invit\u0103 pe procurori &#8211; de la DNA sau Parchetul General &#8211; s\u0103 fac\u0103 o vizit\u0103 \u00een localitatea Brebu din jude\u021bul Prahova, o comun\u0103 cu 7.000 de locuitori. Ideea i-a venit dup\u0103 o \u00eent\u00e2mplare &#8211; pe care a povestit-o la Digi24 &#8211; \u00een urma c\u0103reia s-a ales cu un cadou: un album-monografie de o foarte bun\u0103 calitate \u0219i un DVD cu film\u0103ri aeriene.<\/strong><\/p>\n<p data-index=\"2\">\u201eNoi am mai vorbit de Brebu, dar acum vine vorba din nou, pentru c\u0103 tocmai discutar\u0103m de ctitorie (de <a href=\"https:\/\/www.digi24.ro\/stiri\/actualitate\/c-t-popescu-de-ce-nu-ar-avea-voie-si-inalt-prefericitul-daniel-sa-si-faca-un-selfie-cu-dumnezeu-702076\" target=\"_blank\" data-skip-linkfix=\"1\" rel=\"noopener\">Catedrala Neamului \u0219i clopotul ei<\/a> &#8211; n.r.). (&#8230;) V\u0103 aminti\u021bi de primarul din Brebu? L-am avut aici, ca subiect\u201d, a spus Cristian Tudor Popescu \u00een emisiunea \u201eJurnalul de Sear\u0103\u201d de la Digi24. E <strong><a href=\"https:\/\/www.digi24.ro\/stiri\/actualitate\/politica\/primarul-care-viziteaza-miami-si-las-vegas-pe-banii-comunei-677259\" target=\"_blank\" data-skip-linkfix=\"1\" rel=\"noopener\">primarul care a vrut \u201es\u0103 ctitoreasc\u0103\u201d un schimb de experien\u021b\u0103 cu \u201elasveg\u0103senii\u201d<\/a>,<\/strong> adic\u0103 s\u0103 ia de la ei p\u0103c\u0103nele perfec\u021bionate de la Las Vegas, o rulet\u0103, ceva, s\u0103 pun\u0103 \u00een comun\u0103&#8230; Voia s\u0103 se duc\u0103 acolo pe banii comunei, la invita\u021bia unei organiza\u021bii din Bra\u0219ov care nici p\u00e2n\u0103 \u00een ziua de ast\u0103zi nu s-a demonstrat c\u0103 exist\u0103, a reamintit Cristian Tudor Popescu. \u201e\u00cen urma discu\u021biilor lipsite de respect \u0219i cu reminiscen\u021be comunistoide, pe care le-am avut aici, la Digi24, cred c\u0103 <a href=\"https:\/\/www.digi24.ro\/stiri\/actualitate\/politica\/primarul-din-brebu-renunta-la-excursia-in-sua-680135\" target=\"_blank\" data-skip-linkfix=\"1\" rel=\"noopener\">n-a mai plecat delega\u021bia<\/a>, cu primarul \u00een frunte\u201d, a ad\u0103ugat ironic jurnalistul.\u00a0<\/p>\n<p data-index=\"3\">El a povestit apoi c\u0103 a avut o lansare de carte la Bra\u0219ov, iar la sesiunea de autografe care a urmat \u201evine un domn, \u00eemi \u00eentinde cartea pentru autograf \u0219i zice: <em>V\u0103 rog s\u0103 lua\u021bi \u0219i asta<\/em>.<\/p>\n<p data-index=\"4\"><img loading=\"lazy\" decoding=\"async\" class=\"alignnone size-full wp-image-703132\" src=\"https:\/\/analyse.optim.biz\/wp-content\/uploads\/2024\/09\/agfzad04mdbhnziwn2zhytayyzc5zwq4mzvmmtu2nze3ndjiza-thumb_.jpg\" alt=\"brebu album\" width=\"695\" height=\"422\" data-skip-htmlfix=\"1\" title=\"agfzad04mdbhnziwn2zhytayyzc5zwq4mzvmmtu2nze3ndjiza-thumb_\"><\/p>\n<p data-index=\"5\">\u00cemi \u00eentinde acest album, realizat \u00een condi\u021bii grafice excep\u021bionale, h\u00e2rtie de cea mai bun\u0103 calitate (r\u0103sfoie\u0219te): <em>Cine suntem? \/ Who We Are?<\/em>\u00a0 Scrie pe fiecare pagin\u0103. \u0218i uita\u021bi-v\u0103 aici, splendid, cu poze, <em>Legende\/Legends<\/em>, <em>Piatra de temelie\/ The Corner Stone<\/em>&#8230;Iat\u0103 ce condi\u021bii excep\u021bionale, nu \u0219tiu c\u00e2t o costa o \u00a0chestie de-asta, \u00een orice caz, comuna Brebu, cu 7.000 de locuitori, beneficiaz\u0103 de albumul acesta. Nu \u0219tiu \u00een c\u00e2te exemplare a fost editat, dar a\u0219a ceva cost\u0103 ni\u0219te bani!\u201d &#8211; a subliniat Cristian Tudor Popescu.<\/p>\n<p data-index=\"6\">Apoi continu\u0103 povestirea:<\/p>\n<p data-index=\"7\">\u201e\u00cemi \u00eentinde omu&#8217; albumul \u0219i zic:<\/p>\n<p data-index=\"8\"><em>Brebu?! Dvs sunte\u021bi din Brebu?<\/em><\/p>\n<p data-index=\"9\"><em>Da, din Brebu<\/em>.<\/p>\n<p data-index=\"10\"><em>Cu primarul \u0103la<\/em>, zic, <em>care&#8230; cu Las Vegas, care voia s\u0103 plece la Las Vegas.<\/em><\/p>\n<p data-index=\"11\"><em>Da, dar n-a mai plecat<\/em>, \u00eemi spune omul.<\/p>\n<p data-index=\"12\"><em>Dar dvs de unde \u0219ti\u021bi c\u0103 n-a mai plecat?\u00a0<\/em><\/p>\n<p data-index=\"13\"><em>P\u0103i eu sunt primarul,<\/em> zice.<\/p>\n<p data-index=\"14\">St\u0103tea \u00een carne \u0219i oase \u00een fa\u021ba mea. Mi-a r\u0103sunat \u00een cap <em>Eu sunt Bibicul<\/em>\u201d, a m\u0103rturisit Cristian Tudor Popescu (aluzie la o replic\u0103 din piesa lui I.L. Caragiale \u201eD&#8217;ale carnavalului\u201d &#8211; n.r.)<\/p>\n<p data-index=\"15\"><img loading=\"lazy\" decoding=\"async\" class=\"alignnone size-full wp-image-703133\" src=\"https:\/\/analyse.optim.biz\/wp-content\/uploads\/2024\/09\/agfzad0yzjbhmdjjnjuxzgjmnta0zdu4nme0njllm2yynzg1mw-thumb_.jpg\" alt=\"album brebu\" width=\"832\" height=\"427\" data-skip-htmlfix=\"1\" title=\"agfzad0yzjbhmdjjnjuxzgjmnta0zdu4nme0njllm2yynzg1mw-thumb_\"><\/p>\n<p data-index=\"16\"><em>\u201eBine, domnule! \u00a0<\/em>N-avea nicio vin\u0103! Era foarte vesel, foarte fericit omul, mi-a dat albumul \u0219i mi-a mai dat ceva &#8211; un DVD\u201d, a povestit Cristian Tudor Popescu, rug\u00e2nd s\u0103 fie rulat \u00een cadrul emisiunii un minut din materialul video de pe acest DVD (n.r. &#8211; urmeaz\u0103 imagini ce par filmate cu drona, de sus, ale unei \u0219osele ce \u0219erpuie\u0219te printr-un peisaj feeric, cu brazi mul\u021bi, pe fond muzical de mari filme americane \u0219i o voce masculin\u0103 cald\u0103 care spune: <em>La exact 100 de km de centrul Bucure\u0219tiului, spre Valea Prahovei, urm\u00e2nd binecunoscutul DN1, ie\u0219ind din C\u00e2mpina spre Valea Doftanei, am descoperit c\u0103 exist\u0103 un loc de poveste, \u00eenc\u0103 prea pu\u021bin \u0219tiut: comuna Brebu, \u00een jude\u021bul Prahova<\/em>\u201d).<img loading=\"lazy\" decoding=\"async\" class=\"alignnone size-full wp-image-703135\" src=\"https:\/\/analyse.optim.biz\/wp-content\/uploads\/2024\/09\/c2g9otfjmzyxyta1nmm3ymq3mgfhztc4ngrlzjnhmdlinwq-thumb_.jpg\" alt=\"ctp brebu\" width=\"754\" height=\"377\" data-skip-htmlfix=\"1\" title=\"c2g9otfjmzyxyta1nmm3ymq3mgfhztc4ngrlzjnhmdlinwq-thumb_\"><\/p>\n<p data-index=\"17\">Nu sunt film\u0103ri cu drona, m-am uitat la sf\u00e2r\u0219it, a continuat Cristian Tudor Popescu, pe generic scrie I<em>magini aeriene: pilot cutare<\/em>, deci s-a f\u0103cut din elicopter, din avion, din nav\u0103 cosmic\u0103, din ce-or fi fost f\u0103cute, dar nu dintr-o simpl\u0103 dron\u0103, domnule! Suntem \u00een Brebu, nu ne juc\u0103m, da? &#8211; a spus CTP ironic.<\/p>\n<p data-index=\"18\">\u201eS\u0103 \u0219ti\u021bi c\u0103 mie mi se pare \u0219i asta o ctitorie. S\u0103 \u0219ti\u021bi c\u0103 \u00een acest film, care dureaz\u0103 un ceas \u0219i ceva, despre comuna Brebu &#8211; este o prezentare ampl\u0103, exhaustiv\u0103 a comunei Brebu, se ia p\u00e2n\u0103 la ultima porti\u021b\u0103 de la care apare o b\u0103bu\u021b\u0103 &#8211; bine\u00een\u021beles c\u0103 personajul care se degaj\u0103, starul acestui film este <em>primarele<\/em>, domnul Ungureanu Adrian, care apare din c\u00e2nd \u00een c\u00e2nd \u0219i spune: <em>A\u0219 punea s\u0103 v\u0103 spun mai mult, dar m\u0103 m\u0103rginesc la at\u00e2t. Ve\u021bi vedea!<\/em> \u0218i dispare \u00een peisaj\u201d, a punctat Cristian Tudor Popescu.\u00a0<\/p>\n<p data-index=\"19\">El a precizat c\u0103 i-a dat autograf primarului, \u00eenainte de a \u0219ti c\u0103 e primar, \u0219i a primit apoi din partea edilului \u0219i invita\u021bia de a vizita comuna Brebu. \u201eNu \u0219tiu dac\u0103 am timp s\u0103 m\u0103 duc. M-a\u0219 duce. E \u0219i o m\u0103n\u0103stire foarte frumoas\u0103 pe acolo&#8230;<strong>Dar p\u00e2n\u0103 ajung eu pe acolo, \u0219ti\u021bi ce m\u0103 g\u00e2ndesc? Ni\u0219te procurori de la DNA, de la Parchetul General, poate c\u0103 sunt interesa\u021bi de peisajul \u0103sta, de albumul \u0103sta<\/strong> &#8211; care \u00eemi aduce aminte de <em>Eterna \u0219i fascinanta Rom\u00e2nie<\/em>, \u0103la de cinci milioane de dolari din banii poporului, f\u0103cut de Hrebenciuc pe vremea lui Iliescu, fire\u0219te, de PSD&#8230; Albumul \u0103sta (despre Brebu &#8211; n.r.) arat\u0103 ca \u0219i cum ar fi despre Rom\u00e2nia \u00eentreag\u0103, nu numai despre comuna Brebu. Deci, asta m\u0103 g\u00e2ndeam. Poate o vizit\u0103. Pentru c\u0103 eu de c\u00e2te ori v\u0103d chestii de-astea &#8211; super-prezent\u0103ri, albume \u00een condi\u021bii grafice de cazi pe spate &#8211; am aceea\u0219i reac\u021bie ca Hermann Goering: <em>c\u00e2nd aud de cultur\u0103, \u00eemi vine s\u0103 pun m\u00e2na pe pistol.<\/em><strong>Eu c\u00e2nd v\u0103d albume din-astea, \u00eemi vine s\u0103 le spun celor de la DNA s\u0103 fac\u0103 o vizit\u0103 prin Brebu&#8230;<\/strong>\u201d, a spus Cristian Tudor Popescu.<\/p>\n<p data-index=\"20\">\u201eDespre ce vorbim? Oamenii \u0103ia de acolo, 7.000 de oameni&#8230; Nu s-a putut la Las Vegas, da? Album se poate face cu nu \u0219tiu c\u00e2\u021bi bani! DVD se poate face! Totul, pentru a fi prezentat dom&#8217; primar ca superstarul comunei. Cum se cheltuiesc banii \u0103\u0219tia?\u201d, se \u00eentreab\u0103 Cristian Tudor Popescu. El are \u0219i un r\u0103spuns: \u201eProbabil c\u0103 cu noile legi, dac\u0103 se constat\u0103 cu nu e niciun prejudiciu public, de pild\u0103, sau poate c\u0103 se constat\u0103, dar dup\u0103 aceea dom&#8217; primar face \u0219i el un an de pu\u0219c\u0103rie \u0219i dup\u0103 trei ani se \u00eentoarce din nou \u00een func\u021bie, \u00een uralele brebenilor. Nu? Eu cred c\u0103 Parlamentul o s\u0103 aib\u0103 grij\u0103 de oamenii de valoare din \u021bara asta\u201d, a conchis cu am\u0103r\u0103ciune jurnalistul Cristian Tudor Popescu.<\/p>\n<\/div>\n<p> Source URL: https:\/\/www.digi24.ro\/stiri\/actualitate\/social\/ctp-un-album-si-o-invitatie-la-brebu-703131<\/p>\n","protected":false},"excerpt":{"rendered":"<p>Cristian Tudor Popescu \u00eei invit\u0103 pe procurori &#8211; de la DNA sau Parchetul General &#8211; s\u0103 fac\u0103 o vizit\u0103 \u00een localitatea Brebu din jude\u021bul Prahova, o comun\u0103 cu 7.000 de locuitori. Ideea i-a venit dup\u0103 o \u00eent\u00e2mplare &#8211; pe care a povestit-o la Digi24 &#8211; \u00een urma c\u0103reia s-a ales cu un cadou: un album-monografie [&hellip;]<\/p>\n","protected":false},"author":1,"featured_media":143082,"comment_status":"open","ping_status":"","sticky":false,"template":"","format":"standard","meta":{"footnotes":""},"categories":[2],"tags":[11],"class_list":["post-143081","post","type-post","status-publish","format-standard","has-post-thumbnail","hentry","category-politics","tag-digi24"],"_links":{"self":[{"href":"https:\/\/analyse.optim.biz\/index.php?rest_route=\/wp\/v2\/posts\/143081","targetHints":{"allow":["GET"]}}],"collection":[{"href":"https:\/\/analyse.optim.biz\/index.php?rest_route=\/wp\/v2\/posts"}],"about":[{"href":"https:\/\/analyse.optim.biz\/index.php?rest_route=\/wp\/v2\/types\/post"}],"author":[{"embeddable":true,"href":"https:\/\/analyse.optim.biz\/index.php?rest_route=\/wp\/v2\/users\/1"}],"replies":[{"embeddable":true,"href":"https:\/\/analyse.optim.biz\/index.php?rest_route=%2Fwp%2Fv2%2Fcomments&post=143081"}],"version-history":[{"count":0,"href":"https:\/\/analyse.optim.biz\/index.php?rest_route=\/wp\/v2\/posts\/143081\/revisions"}],"wp:featuredmedia":[{"embeddable":true,"href":"https:\/\/analyse.optim.biz\/index.php?rest_route=\/wp\/v2\/media\/143082"}],"wp:attachment":[{"href":"https:\/\/analyse.optim.biz\/index.php?rest_route=%2Fwp%2Fv2%2Fmedia&parent=143081"}],"wp:term":[{"taxonomy":"category","embeddable":true,"href":"https:\/\/analyse.optim.biz\/index.php?rest_route=%2Fwp%2Fv2%2Fcategories&post=143081"},{"taxonomy":"post_tag","embeddable":true,"href":"https:\/\/analyse.optim.biz\/index.php?rest_route=%2Fwp%2Fv2%2Ftags&post=143081"}],"curies":[{"name":"wp","href":"https:\/\/api.w.org\/{rel}","templated":true}]}}