{"id":143059,"date":"2017-04-09T21:45:12","date_gmt":"2017-04-09T18:45:12","guid":{"rendered":"https:\/\/analyse.optim.biz\/?p=143059"},"modified":"2017-04-09T21:45:12","modified_gmt":"2017-04-09T18:45:12","slug":"vasile-dincu-suparat-pe-alesii-puterii","status":"publish","type":"post","link":"https:\/\/analyse.optim.biz\/?p=143059","title":{"rendered":"Vasile D\u00eencu, sup\u0103rat pe ale\u015fii Puterii"},"content":{"rendered":"<div class=\"entry data-app-meta data-app-meta-article\" data-embed-base-url-canonical=\"https:\/\/www.digi24.ro\/embed\/stiri\/actualitate\/politica\/vasile-dancu-suparat-pe-alesii-puterii-703696\">\n<p data-index=\"1\"><strong><span lang=\"ro-RO\">Fostul vicepremier Vasile D\u00eencu e nemul\u0163umit c\u0103 parlamentarii au blocat legea administr\u0103rii teritoriului \u015fi urbanismului. Vasile D\u00eencu repro\u015feaz\u0103 coali\u0163iei aflate la Putere c\u0103 ia decizii discre\u0163ionare.<\/span><\/strong><\/p>\n<p data-index=\"2\">Vasile D\u00eencu, fost ministru al Dezvolt\u0103rii: \u201e<span lang=\"ro-RO\">Ca vicepremier \u015fi ministru al Administra\u0163iei, am lucrat tot anul, m-am chinuit zeci, sute de ore s\u0103 schimb\u0103m o lege a administr\u0103rii teritoriului \u015fi a urbanismului.<\/span><\/p>\n<p data-index=\"3\"><span lang=\"ro-RO\">Am f\u0103cut un proiect echilibrat, l-am dus \u00een Parlament. S\u0103pt\u0103m\u00e2na asta l-au blocat \u00een Parlament \u015fi l-au respins pentru c\u0103 au spus c\u0103 sunt prea multe modific\u0103ri f\u0103cute \u00een comisii. Era un lucru esen\u0163ial pentru dezvoltarea ora\u015felor noastre, nu era un lucru f\u0103cut politic, nu avea nicio leg\u0103tur\u0103. E doar un blocaj pentru c\u0103 unii, av\u00e2nd monopolul puterii, vor s\u0103 lucreze discre\u0163ionar cu ea\u201d.<\/span><\/p>\n<\/div>\n<p> Source URL: https:\/\/www.digi24.ro\/stiri\/actualitate\/politica\/vasile-dancu-suparat-pe-alesii-puterii-703696<\/p>\n","protected":false},"excerpt":{"rendered":"<p>Fostul vicepremier Vasile D\u00eencu e nemul\u0163umit c\u0103 parlamentarii au blocat legea administr\u0103rii teritoriului \u015fi urbanismului. Vasile D\u00eencu repro\u015feaz\u0103 coali\u0163iei aflate la Putere c\u0103 ia decizii discre\u0163ionare. Vasile D\u00eencu, fost ministru al Dezvolt\u0103rii: \u201eCa vicepremier \u015fi ministru al Administra\u0163iei, am lucrat tot anul, m-am chinuit zeci, sute de ore s\u0103 schimb\u0103m o lege a administr\u0103rii teritoriului [&hellip;]<\/p>\n","protected":false},"author":1,"featured_media":143060,"comment_status":"open","ping_status":"","sticky":false,"template":"","format":"standard","meta":{"footnotes":""},"categories":[2],"tags":[11],"class_list":["post-143059","post","type-post","status-publish","format-standard","has-post-thumbnail","hentry","category-politics","tag-digi24"],"_links":{"self":[{"href":"https:\/\/analyse.optim.biz\/index.php?rest_route=\/wp\/v2\/posts\/143059","targetHints":{"allow":["GET"]}}],"collection":[{"href":"https:\/\/analyse.optim.biz\/index.php?rest_route=\/wp\/v2\/posts"}],"about":[{"href":"https:\/\/analyse.optim.biz\/index.php?rest_route=\/wp\/v2\/types\/post"}],"author":[{"embeddable":true,"href":"https:\/\/analyse.optim.biz\/index.php?rest_route=\/wp\/v2\/users\/1"}],"replies":[{"embeddable":true,"href":"https:\/\/analyse.optim.biz\/index.php?rest_route=%2Fwp%2Fv2%2Fcomments&post=143059"}],"version-history":[{"count":0,"href":"https:\/\/analyse.optim.biz\/index.php?rest_route=\/wp\/v2\/posts\/143059\/revisions"}],"wp:featuredmedia":[{"embeddable":true,"href":"https:\/\/analyse.optim.biz\/index.php?rest_route=\/wp\/v2\/media\/143060"}],"wp:attachment":[{"href":"https:\/\/analyse.optim.biz\/index.php?rest_route=%2Fwp%2Fv2%2Fmedia&parent=143059"}],"wp:term":[{"taxonomy":"category","embeddable":true,"href":"https:\/\/analyse.optim.biz\/index.php?rest_route=%2Fwp%2Fv2%2Fcategories&post=143059"},{"taxonomy":"post_tag","embeddable":true,"href":"https:\/\/analyse.optim.biz\/index.php?rest_route=%2Fwp%2Fv2%2Ftags&post=143059"}],"curies":[{"name":"wp","href":"https:\/\/api.w.org\/{rel}","templated":true}]}}