{"id":143048,"date":"2017-04-09T22:13:37","date_gmt":"2017-04-09T19:13:37","guid":{"rendered":"https:\/\/analyse.optim.biz\/?p=143048"},"modified":"2017-04-09T22:13:37","modified_gmt":"2017-04-09T19:13:37","slug":"ordonanta-ascunsa-in-sertarele-parlamentului-de-aproape-20-de-luni","status":"publish","type":"post","link":"https:\/\/analyse.optim.biz\/?p=143048","title":{"rendered":"Ordonan\u0163a ascuns\u0103 \u00een sertarele Parlamentului de aproape 20 de luni"},"content":{"rendered":"<div class=\"entry data-app-meta data-app-meta-article\" data-embed-base-url-canonical=\"https:\/\/www.digi24.ro\/embed\/stiri\/actualitate\/politica\/ordonanta-ascunsa-in-sertarele-parlamentului-de-aproape-20-de-luni-703703\">\n<p data-index=\"1\"><strong>Este vorba de aceea prin care s-au majorat salariile a 48 de demnitari. Printre beneficiari se num\u0103r\u0103 pre\u015fedintele \u0163\u0103rii, membrii Guvernului, conducerea Parlamentului \u015fi \u015fefii serviciilor secrete. De\u015fi au fost f\u0103cute promisiuni peste promisiuni privind respingerea ei, ea este \u015fi ast\u0103zi \u00een vigoare.<\/strong><\/p>\n<p data-index=\"2\"><span lang=\"ro-RO\">\u00ce<\/span>n vara anului 2015 a fost aprobat\u0103 printr-o ordonan\u0163\u0103 de Guvern majorarea salariilor pentru anumi\u0163i demnitari. Liviu Dragnea devenea principalul contestatar, fiind primul care a luat pozi\u0163ie \u00eempotriva ei.<\/p>\n<p data-index=\"3\"><span lang=\"ro-RO\">Liviu Dragnea, \u00een 30 iulie <\/span>2015: \u201eDac\u0103 nimeni nu o mai sus\u0163ine, nu \u00ee\u015fi mai asum\u0103 nimeni, nu-i mai chinuim. \u00cen Parlament, o s\u0103 \u00eencerc\u0103m s\u0103 o anul\u0103m\u201d.<\/p>\n<p data-index=\"4\">\u00cen noiembrie 2015, Senatul a respins Ordonan\u0163a. La Camera Deputa\u0163ilor i s-a pierdut urma. Dup\u0103 un an de lini\u015fte, la finele lui 2016, liberalii au cerut insistent un vot \u00een plen.<\/p>\n<p data-index=\"5\">Alina Gorghiu, \u00een \u00een 19 octombrie 2016: \u201eAcest proiect de lege a fost \u0163inut p\u00e2n\u0103 acum la sertar\u201d.<\/p>\n<p data-index=\"6\">Conducerea PSD a fost \u015fi ea de acord.<\/p>\n<p data-index=\"7\">Liviu Dragnea, \u00een 17 octombrie 2016: \u201eNu pot s\u0103 votez cu dou\u0103 m\u00e2ini, dar voi ridica m\u00e2na foarte sus. De ce s\u0103 stea ace\u015fti demnitari cu salariile coco\u0163ate at\u00e2t de sus?\u201d<\/p>\n<p data-index=\"8\">Peste numai o lun\u0103, Liviu Dragnea i-a dat dreptate Alinei Gorghiu. Dar \u015fi-a meni\u0163inut pozi\u0163ia, anume c\u0103 Ordonan\u0163a va fi picat\u0103.<\/p>\n<p data-index=\"9\"><span lang=\"ro-RO\">Liviu Dragnea, \u00een 7 decembrie <\/span>2016: \u201eAm \u00een\u0163eles, am \u00een\u0163eles c\u0103 s-a pierdut pe aici prin sertare, prin holurile astea foarte mari \u015fi lungi de la Parlament. Mi se pare incorect \u015fi jignitor s\u0103 mai r\u0103m\u00e2n\u0103 \u00een vigoare Ordonan\u0163a care face pentru mini\u015ftri salarii at\u00e2t de mari\u201d.<\/p>\n<p data-index=\"10\">Noul Parlament \u00ee\u015fi \u00eencepea activitatea cu o sesiune extraordinar\u0103. \u00cen Comisia de Munc\u0103 s-a dat raport pentru respingerea Ordonan\u0163ei, lucru recunoscut de pre\u015fedintele Comisiei.<\/p>\n<p data-index=\"11\">Adrian Solomon, deputat PSD, \u00een 6 martie 2017: \u201eRaportul este de respingere \u015fi este trimis \u00eenc\u0103 din ianuarie\u201d.<\/p>\n<p data-index=\"12\">\u015ei totul s-a blocat din nou, de\u015fi mai trebuie doar un vot \u00een Camera Deputa\u0163ilor. PSD-ALDE au majoritatea necesar\u0103 pentru respingerea Ordonan\u0163ei, dar o decizie \u00een Coali\u0163ie este am\u00e2nat\u0103. Pre\u015fedintele Klaus Iohannis a ironizat \u00eenc\u0103 de anul trecut declara\u0163iile celor care vorbesc despre respingerea Ordonan\u0163ei. A pus totul pe seama campaniei electorale.<\/p>\n<p data-index=\"13\">Klaus Iohannis, \u00een 19 octombrie 2016: \u201eCe va hot\u0103r\u00ee Parlamentul, aia va fi\u201d.<\/p>\n<\/div>\n<p> Source URL: https:\/\/www.digi24.ro\/stiri\/actualitate\/politica\/ordonanta-ascunsa-in-sertarele-parlamentului-de-aproape-20-de-luni-703703<\/p>\n","protected":false},"excerpt":{"rendered":"<p>Este vorba de aceea prin care s-au majorat salariile a 48 de demnitari. Printre beneficiari se num\u0103r\u0103 pre\u015fedintele \u0163\u0103rii, membrii Guvernului, conducerea Parlamentului \u015fi \u015fefii serviciilor secrete. De\u015fi au fost f\u0103cute promisiuni peste promisiuni privind respingerea ei, ea este \u015fi ast\u0103zi \u00een vigoare. \u00cen vara anului 2015 a fost aprobat\u0103 printr-o ordonan\u0163\u0103 de Guvern majorarea [&hellip;]<\/p>\n","protected":false},"author":1,"featured_media":143049,"comment_status":"open","ping_status":"","sticky":false,"template":"","format":"standard","meta":{"footnotes":""},"categories":[2],"tags":[11],"class_list":["post-143048","post","type-post","status-publish","format-standard","has-post-thumbnail","hentry","category-politics","tag-digi24"],"_links":{"self":[{"href":"https:\/\/analyse.optim.biz\/index.php?rest_route=\/wp\/v2\/posts\/143048","targetHints":{"allow":["GET"]}}],"collection":[{"href":"https:\/\/analyse.optim.biz\/index.php?rest_route=\/wp\/v2\/posts"}],"about":[{"href":"https:\/\/analyse.optim.biz\/index.php?rest_route=\/wp\/v2\/types\/post"}],"author":[{"embeddable":true,"href":"https:\/\/analyse.optim.biz\/index.php?rest_route=\/wp\/v2\/users\/1"}],"replies":[{"embeddable":true,"href":"https:\/\/analyse.optim.biz\/index.php?rest_route=%2Fwp%2Fv2%2Fcomments&post=143048"}],"version-history":[{"count":0,"href":"https:\/\/analyse.optim.biz\/index.php?rest_route=\/wp\/v2\/posts\/143048\/revisions"}],"wp:featuredmedia":[{"embeddable":true,"href":"https:\/\/analyse.optim.biz\/index.php?rest_route=\/wp\/v2\/media\/143049"}],"wp:attachment":[{"href":"https:\/\/analyse.optim.biz\/index.php?rest_route=%2Fwp%2Fv2%2Fmedia&parent=143048"}],"wp:term":[{"taxonomy":"category","embeddable":true,"href":"https:\/\/analyse.optim.biz\/index.php?rest_route=%2Fwp%2Fv2%2Fcategories&post=143048"},{"taxonomy":"post_tag","embeddable":true,"href":"https:\/\/analyse.optim.biz\/index.php?rest_route=%2Fwp%2Fv2%2Ftags&post=143048"}],"curies":[{"name":"wp","href":"https:\/\/api.w.org\/{rel}","templated":true}]}}