{"id":1430020,"date":"2026-01-25T16:10:45","date_gmt":"2026-01-25T13:10:45","guid":{"rendered":"https:\/\/analyse.optim.biz\/?p=1430020"},"modified":"2026-01-25T16:10:45","modified_gmt":"2026-01-25T13:10:45","slug":"paura-in-centro-a-roma-incendi-in-due-chiese-su-via-del-corso-evacuati-i-fedeli-video","status":"publish","type":"post","link":"https:\/\/analyse.optim.biz\/?p=1430020","title":{"rendered":"Paura in centro a Roma: incendi in due chiese su via del Corso, evacuati i fedeli (video)"},"content":{"rendered":"<article id=\"post-1523531\" class=\"post-1523531 post type-post status-publish format-standard has-post-thumbnail hentry category-cronaca posizione-editoriale-apertura-secondaria\">\n<div>\n<figure class=\"evidence-wrapper\"><img loading=\"lazy\" decoding=\"async\" width=\"860\" height=\"358\" src=\"https:\/\/analyse.optim.biz\/wp-content\/uploads\/2026\/01\/incendi-chiese-roma-860x358-1.jpg\" class=\"attachment-single size-single wp-post-image\" alt=\"Paura in centro a Roma: incendi in due chiese su via del Corso, evacuati i fedeli (video)\" title=\"Paura in centro a Roma: incendi in due chiese su via del Corso, evacuati i fedeli (video)\"><\/figure>\n<p class=\"occhiello\">Due roghi in un&#8217;ora<\/p>\n<h1>Paura in centro a Roma: incendi in due chiese su via del Corso, evacuati i fedeli (video)<\/h1>\n<div class=\"info-condivisione\">\n<div>\n<p><span class=\"categoria\">Cronaca<\/span><\/p>\n<p>\t\t\t\t\t &#8211; di <span class=\"autore\">Penelope Corrado<\/span> &#8211; <span class=\"data\">25 Gennaio 2026 alle 17:10<\/span><\/p>\n<\/div>\n<\/div>\n<div class=\"contenuto\">\n<p class=\"p3\"><span class=\"s1\">Domenica di paura a via del Corso a Roma, in una delle vie pi\u00f9 frequentate dello shopping e del turismo, con due incendi a distanza di cinquecento metri e di pochi minuti, l\u2019uno dall\u2019altro, che hanno riguardato due chiese storiche della Capitale.<span class=\"Apple-converted-space\"> Il primo rogo poco prima delle 11, nella chiesa di San Giacomo in via del Corso, l\u2019altro intorno alle 11,30 davanti alla chiesa di San Lorenzo in Lucina.\u00a0\u00a0<\/span><\/span><\/p>\n<h2>Incendi nelle chiese di San Carlo al Corso e San Lorenzo in Lucina<\/h2>\n<p class=\"p3\"><span class=\"s1\">Il primo rogo, il pi\u00f9 eclatante, \u00e8 divampato poco prima della messa domenicale<\/span><span class=\"s1\">\u00a0all\u2019interno della <\/span><span class=\"s2\"><b>chiesa<\/b><\/span><span class=\"s1\"> di San Giacomo in via del Corso. I vigili del fuoco hanno evacuato i fedeli all\u2019interno e spento il rogo, partito dal tradizionale presepe che viene allestito ogni anno all\u2019interno dell\u2019edificio di culto. Un rogo che, in un primo momento secondo le ricostruzioni sommarie, era stato attribuito a un corto circuito all\u2019interno delle illuminazioni del presepe.<\/span><\/p>\n<div class=\"code-block code-block-6\"><\/div>\n<p>\u00a0<\/p>\n<blockquote class=\"instagram-media\" data-instgrm-captioned data-instgrm-permalink=\"https:\/\/www.instagram.com\/reel\/DT7o5TZDG-k\/?utm_source=ig_embed&amp;utm_campaign=loading\" data-instgrm-version=\"14\">\n<div>\n<p>\u00a0<\/p>\n<div>\n<div>Visualizza questo post su Instagram<\/div>\n<\/div>\n<p>\u00a0<\/p>\n<p><a href=\"https:\/\/www.instagram.com\/reel\/DT7o5TZDG-k\/?utm_source=ig_embed&amp;utm_campaign=loading\" target=\"_blank\" rel=\"noopener\">Un post condiviso da Welcome to Favelas (@welcometofavelas)<\/a><\/p>\n<\/div>\n<\/blockquote>\n<script async src=\"https:\/\/www.instagram.com\/embed.js\"><\/script>\n<h2>L\u2019ipotesi del corto circuito per la prima chiesa, sull\u2019altra aperte tutte le piste<\/h2>\n<p>Una ipotesi che ha cominciato a vacillare pochi minuti tardi, quando<span class=\"s1\"> un altro rogo \u00e8 stato segnalato a 550 metri dal primo rogo, per la precisione davanti alla storica basilica di San Lorenzo in Lucina, nel pieno centro storico di Roma. A pochi passi dal Parlamento. Sul posto sono intervenuti immediatamente i carabinieri della adiacente stazione San Lorenzo in Lucina che hanno provveduto a spegnere le fiamme con estintori in dotazione, ancora prima dell\u2019arrivo dei vigili del fuoco, impegnati nel rogo della chiesa vicina. Secondo le ricostruzioni investigative, in questo caso \u00e8 decisamente impossibile u corto circuito perch\u00e9 ad andare a fuoco sono stati dei pannelli di legno e alcune buste con materiale elettrico in un\u2019area cantiere all\u2019esterno della storica chiesa romana. Sono quindi in corso approfondite verifiche per accertare l\u2019eventuale collegamento tra questo episodio e quello avvenuto poco prima, <strong>all\u2019interno della parrocchia di San Giacomo, in via del Corso. I rilievi tecnici a San Lorenzo in Lucina sono stati affidati ai carabinieri della sezione rilievi tecnico scientifici del nucleo investigativo di via In Selci.<\/strong><\/span><\/p>\n<p><strong>I danni pi\u00f9 ingenti hanno riguardato la chiesa di San Giacomo al Corso.<\/strong> Terminate le operazioni di spegnimento, \u00e8 iniziata la delicata fase della conta dei danni e della valutazione della stabilit\u00e0 degli ambienti colpiti. Il presepe \u00e8 risultato quasi interamente distrutto dal calore e dal fuoco, ma l\u2019azione tempestiva dei vigili del fuoco ha evitato che le fiamme intaccassero la struttura portante dell\u2019edificio o gli altari laterali.<\/p>\n<\/div>\n<div class=\"commentSectionContainer\">\n<p class=\"comments-title\">Non ci sono commenti, inizia una discussione<\/p>\n<\/div>\n<div id=\"comments\" class=\"comments-area closed\">\n<div id=\"respond\" class=\"comment-respond\">\n<h3 id=\"reply-title\" class=\"comment-reply-title\">Lascia un commento <small><a rel=\"nofollow\" id=\"cancel-comment-reply-link\" href=\"https:\/\/www.secoloditalia.it\/2026\/01\/paura-in-centro-a-roma-incendi-in-due-chiese-su-via-del-corso-evacuati-i-fedeli-video\/#respond\">Annulla risposta<\/a><\/small><\/h3>\n<p class=\"comment-notes\"><span id=\"email-notes\">Il tuo indirizzo email non sar\u00e0 pubblicato.<\/span><span class=\"required-field-message\">I campi obbligatori sono contrassegnati <span class=\"required\">*<\/span><\/span><\/p>\n<\/div>\n<\/div>\n<div class=\"info-condivisione bottom\">\n<div>\n<p>di <span class=\"autore\">Penelope Corrado<\/span> &#8211; <span class=\"data\">25 Gennaio 2026<\/span><\/p>\n<\/div>\n<\/div>\n<\/div>\n<\/article>\n<p> Source URL: https:\/\/www.secoloditalia.it\/2026\/01\/paura-in-centro-a-roma-incendi-in-due-chiese-su-via-del-corso-evacuati-i-fedeli-video\/<\/p>\n","protected":false},"excerpt":{"rendered":"<p>Due roghi in un&#8217;ora Paura in centro a Roma: incendi in due chiese su via del Corso, evacuati i fedeli (video) Cronaca &#8211; di Penelope Corrado &#8211; 25 Gennaio 2026 alle 17:10 Domenica di paura a via del Corso a Roma, in una delle vie pi\u00f9 frequentate dello shopping e del turismo, con due incendi [&hellip;]<\/p>\n","protected":false},"author":1,"featured_media":0,"comment_status":"open","ping_status":"","sticky":false,"template":"","format":"standard","meta":{"footnotes":""},"categories":[87],"tags":[123],"class_list":["post-1430020","post","type-post","status-publish","format-standard","hentry","category-italy","tag-secoloditalia-it"],"_links":{"self":[{"href":"https:\/\/analyse.optim.biz\/index.php?rest_route=\/wp\/v2\/posts\/1430020","targetHints":{"allow":["GET"]}}],"collection":[{"href":"https:\/\/analyse.optim.biz\/index.php?rest_route=\/wp\/v2\/posts"}],"about":[{"href":"https:\/\/analyse.optim.biz\/index.php?rest_route=\/wp\/v2\/types\/post"}],"author":[{"embeddable":true,"href":"https:\/\/analyse.optim.biz\/index.php?rest_route=\/wp\/v2\/users\/1"}],"replies":[{"embeddable":true,"href":"https:\/\/analyse.optim.biz\/index.php?rest_route=%2Fwp%2Fv2%2Fcomments&post=1430020"}],"version-history":[{"count":0,"href":"https:\/\/analyse.optim.biz\/index.php?rest_route=\/wp\/v2\/posts\/1430020\/revisions"}],"wp:attachment":[{"href":"https:\/\/analyse.optim.biz\/index.php?rest_route=%2Fwp%2Fv2%2Fmedia&parent=1430020"}],"wp:term":[{"taxonomy":"category","embeddable":true,"href":"https:\/\/analyse.optim.biz\/index.php?rest_route=%2Fwp%2Fv2%2Fcategories&post=1430020"},{"taxonomy":"post_tag","embeddable":true,"href":"https:\/\/analyse.optim.biz\/index.php?rest_route=%2Fwp%2Fv2%2Ftags&post=1430020"}],"curies":[{"name":"wp","href":"https:\/\/api.w.org\/{rel}","templated":true}]}}