{"id":1429988,"date":"2026-01-25T18:37:17","date_gmt":"2026-01-25T15:37:17","guid":{"rendered":"https:\/\/analyse.optim.biz\/?p=1429988"},"modified":"2026-01-25T18:37:17","modified_gmt":"2026-01-25T15:37:17","slug":"addio-a-sergio-menicucci-maestro-di-giornalismo-e-punto-di-riferimento-per-il-sindacato","status":"publish","type":"post","link":"https:\/\/analyse.optim.biz\/?p=1429988","title":{"rendered":"Addio a Sergio Menicucci, maestro di giornalismo e punto di riferimento per il sindacato"},"content":{"rendered":"<article id=\"post-1523543\" class=\"post-1523543 post type-post status-publish format-standard has-post-thumbnail hentry category-cronaca posizione-editoriale-centro-pagina\">\n<div>\n<figure class=\"evidence-wrapper\"><img loading=\"lazy\" decoding=\"async\" width=\"860\" height=\"358\" src=\"https:\/\/analyse.optim.biz\/wp-content\/uploads\/2026\/01\/sergio-menicucci-860x358-1.jpg\" class=\"attachment-single size-single wp-post-image\" alt=\"Addio a Sergio Menicucci, maestro di giornalismo e punto di riferimento per il sindacato\" title=\"Addio a Sergio Menicucci, maestro di giornalismo e punto di riferimento per il sindacato\"><\/figure>\n<p class=\"occhiello\">Cordoglio in Rai<\/p>\n<h1>Addio a Sergio Menicucci, maestro di giornalismo e punto di riferimento per il sindacato<\/h1>\n<div class=\"info-condivisione\">\n<div>\n<p><span class=\"categoria\">Cronaca<\/span><\/p>\n<p>\t\t\t\t\t &#8211; di <span class=\"autore\">Redazione <\/span> &#8211; <span class=\"data\">25 Gennaio 2026 alle 19:37<\/span><\/p>\n<\/div>\n<\/div>\n<div class=\"contenuto\">\n<p>\u00c8 morto all\u2019et\u00e0 di 89 anni il giornalista <strong>Sergio Menicucci.<\/strong> A darne la notizia \u00e8 il coordinamento di Pluralismo e Libert\u00e0, presente in Stampa Romana, Fnsi, Inpgi e Casagit. \u201cEsprimiamo il nostro profondo cordoglio per la scomparsa del collega Sergio Menicucci, giornalista di grande esperienza, protagonista della vita professionale e sindacale della categoria, che ha dedicato tutta la sua lunga carriera alla difesa del giornalismo, del servizio pubblico e dei diritti dei colleghi\u201d, sottolinea il Coordinamento di Pluralismo e Libert\u00e0 in una nota.<\/p>\n<p>Nato a Configni (Rieti) il 5 agosto 1936, Sergio Menicucci era giornalista professionista dal 1\u00b0 aprile 1970. Ha svolto una lunga e autorevole carriera soprattutto in Rai, ricoprendo numerosi incarichi di responsabilit\u00e0. In particolare, a partire dal giugno 1995, \u00e8 stato caporedattore della<strong> TGR Rai Molise a Campobasso, c<\/strong>ontribuendo in modo significativo allo sviluppo dell\u2019informazione regionale del servizio pubblico, sempre con rigore, equilibrio e attenzione ai territori. \u201cAccanto all\u2019attivit\u00e0 professionale, \u00e8 stato costante e appassionato il suo impegno sindacale\u201d, ricordano gli esponenti di Pluralismo e Libert\u00e0.<\/p>\n<div class=\"code-block code-block-6\"><\/div>\n<p><strong>\u201cPi\u00f9 volte eletto nel Consiglio della Federazione Nazionale della Stampa Italiana e all\u2019Associazione Stampa Romana,<\/strong> Sergio Menicucci ha rappresentato un punto di riferimento per generazioni di giornalisti. Da sempre vicino ai giovani colleghi, si \u00e8 battuto con determinazione negli organismi di categoria per il miglioramento delle condizioni di lavoro di praticanti, precari e disoccupati, con una sensibilit\u00e0 rara e una visione autenticamente solidale della professione. Nel corso della sua vita ha saputo coniugare competenza professionale, passione civile e attenzione ai valori costituzionali della libert\u00e0 di informazione e del pluralismo, che ha difeso con coerenza e spirito critico, dentro e fuori le redazioni. Pluralismo e Libert\u00e0 si stringe con affetto al dolore della famiglia, degli amici e dei colleghi tutti, <strong>ed esprime una particolare vicinanza al figlio, il collega Ernesto Menicucci, nel ricordo di un padre e di un professionista che ha lasciato un segno profondo n<\/strong>ella storia del giornalismo e del sindacato dei giornalisti\u201d.<\/p>\n<p>Questo il messaggio di\u00a0<a href=\"https:\/\/www.secoloditalia.it\/2019\/03\/cambio-ai-vertici-dellassociazione-stampa-romana-federica-frangi-e-il-nuovo-presidente\/\" target=\"_blank\" rel=\"noopener\"><strong>Federica Frangi<\/strong>,<\/a> a nome del Cda Rai: \u201cCon profondo dispiacere apprendo della scomparsa di Sergio Menicucci. Un uomo di grande spessore umano e professionale, che ha lasciato un segno importante in quanti hanno avuto il privilegio di conoscerlo e lavorarci fianco a fianco. In questo momento di dolore desidero esprimere la mia pi\u00f9 sincera vicinanza al figlio Ernesto e a tutta la sua famiglia, condividendo il loro lutto e il ricordo affettuoso di una persona stimata e rispettata. Che la terra gli sia lieve\u201d.<\/p>\n<p><strong>I funerali si svolgeranno marted\u00ec 27 gennaio alle 12 a Roma (Sant\u2019Ugo, a Nuovo Salario).<\/strong><\/p>\n<\/div>\n<div class=\"commentSectionContainer\">\n<p class=\"comments-title\">Non ci sono commenti, inizia una discussione<\/p>\n<\/div>\n<div id=\"comments\" class=\"comments-area closed\">\n<div id=\"respond\" class=\"comment-respond\">\n<h3 id=\"reply-title\" class=\"comment-reply-title\">Lascia un commento <small><a rel=\"nofollow\" id=\"cancel-comment-reply-link\" href=\"https:\/\/www.secoloditalia.it\/2026\/01\/addio-a-sergio-menicucci-maestro-di-giornalismo-e-punto-di-riferimento-per-il-sindacato\/#respond\">Annulla risposta<\/a><\/small><\/h3>\n<p class=\"comment-notes\"><span id=\"email-notes\">Il tuo indirizzo email non sar\u00e0 pubblicato.<\/span><span class=\"required-field-message\">I campi obbligatori sono contrassegnati <span class=\"required\">*<\/span><\/span><\/p>\n<\/div>\n<\/div>\n<div class=\"info-condivisione bottom\">\n<div>\n<p>di <span class=\"autore\">Redazione <\/span> &#8211; <span class=\"data\">25 Gennaio 2026<\/span><\/p>\n<\/div>\n<\/div>\n<\/div>\n<\/article>\n<p> Source URL: https:\/\/www.secoloditalia.it\/2026\/01\/addio-a-sergio-menicucci-maestro-di-giornalismo-e-punto-di-riferimento-per-il-sindacato\/<\/p>\n","protected":false},"excerpt":{"rendered":"<p>Cordoglio in Rai Addio a Sergio Menicucci, maestro di giornalismo e punto di riferimento per il sindacato Cronaca &#8211; di Redazione &#8211; 25 Gennaio 2026 alle 19:37 \u00c8 morto all\u2019et\u00e0 di 89 anni il giornalista Sergio Menicucci. A darne la notizia \u00e8 il coordinamento di Pluralismo e Libert\u00e0, presente in Stampa Romana, Fnsi, Inpgi e [&hellip;]<\/p>\n","protected":false},"author":1,"featured_media":0,"comment_status":"open","ping_status":"","sticky":false,"template":"","format":"standard","meta":{"footnotes":""},"categories":[87],"tags":[123],"class_list":["post-1429988","post","type-post","status-publish","format-standard","hentry","category-italy","tag-secoloditalia-it"],"_links":{"self":[{"href":"https:\/\/analyse.optim.biz\/index.php?rest_route=\/wp\/v2\/posts\/1429988","targetHints":{"allow":["GET"]}}],"collection":[{"href":"https:\/\/analyse.optim.biz\/index.php?rest_route=\/wp\/v2\/posts"}],"about":[{"href":"https:\/\/analyse.optim.biz\/index.php?rest_route=\/wp\/v2\/types\/post"}],"author":[{"embeddable":true,"href":"https:\/\/analyse.optim.biz\/index.php?rest_route=\/wp\/v2\/users\/1"}],"replies":[{"embeddable":true,"href":"https:\/\/analyse.optim.biz\/index.php?rest_route=%2Fwp%2Fv2%2Fcomments&post=1429988"}],"version-history":[{"count":0,"href":"https:\/\/analyse.optim.biz\/index.php?rest_route=\/wp\/v2\/posts\/1429988\/revisions"}],"wp:attachment":[{"href":"https:\/\/analyse.optim.biz\/index.php?rest_route=%2Fwp%2Fv2%2Fmedia&parent=1429988"}],"wp:term":[{"taxonomy":"category","embeddable":true,"href":"https:\/\/analyse.optim.biz\/index.php?rest_route=%2Fwp%2Fv2%2Fcategories&post=1429988"},{"taxonomy":"post_tag","embeddable":true,"href":"https:\/\/analyse.optim.biz\/index.php?rest_route=%2Fwp%2Fv2%2Ftags&post=1429988"}],"curies":[{"name":"wp","href":"https:\/\/api.w.org\/{rel}","templated":true}]}}