{"id":1429957,"date":"2026-01-26T07:20:06","date_gmt":"2026-01-26T04:20:06","guid":{"rendered":"https:\/\/analyse.optim.biz\/?p=1429957"},"modified":"2026-01-26T07:20:06","modified_gmt":"2026-01-26T04:20:06","slug":"voglio-uccidermi-anchio-ma-non-ho-il-coraggio-lurlo-dal-carcere-del-femminicida-claudio-carlomagno","status":"publish","type":"post","link":"https:\/\/analyse.optim.biz\/?p=1429957","title":{"rendered":"&#8220;Voglio uccidermi anch&#8217;io, ma non ho il coraggio&#8221;. L&#8217;urlo dal carcere del femminicida Claudio Carlomagno"},"content":{"rendered":"<article id=\"post-1523570\" class=\"post-1523570 post type-post status-publish format-standard has-post-thumbnail hentry category-cronaca posizione-editoriale-apertura-secondaria\">\n<div>\n<figure class=\"evidence-wrapper\"><img loading=\"lazy\" decoding=\"async\" width=\"860\" height=\"358\" src=\"https:\/\/analyse.optim.biz\/wp-content\/uploads\/2026\/01\/carlomagno-860x358-1.jpg\" class=\"attachment-single size-single wp-post-image\" alt=\"\u201cVoglio uccidermi anch\u2019io, ma non ho il coraggio\u201d. L\u2019urlo dal carcere del femminicida Claudio Carlomagno\" title=\"\u201cVoglio uccidermi anch\u2019io, ma non ho il coraggio\u201d. L\u2019urlo dal carcere del femminicida Claudio Carlomagno\"><\/figure>\n<p class=\"occhiello\">Anguillara<\/p>\n<h1>\u201cVoglio uccidermi anch\u2019io, ma non ho il coraggio\u201d. L\u2019urlo dal carcere del femminicida Claudio Carlomagno<\/h1>\n<div class=\"info-condivisione\">\n<div>\n<p><span class=\"categoria\">Cronaca<\/span><\/p>\n<p>\t\t\t\t\t &#8211; di <span class=\"autore\">Marta Lima<\/span> &#8211; <span class=\"data\">26 Gennaio 2026 alle 08:20<\/span><\/p>\n<\/div>\n<\/div>\n<div class=\"contenuto\">\n<p>Vorrebbe farla finita, non ne ha il coraggio, quello stesso \u201ccoraggio\u201d, chiamiamolo cos\u00ec, che invece ha avuto nell\u2019ammazzare e infierire sul cadavere della moglie, Federica Torluzzo.\u00a0<a href=\"https:\/\/www.romatoday.it\/cronaca\/claudio-carlomagno-chi-e-femminicidio-federica-torzullo.html\">Claudio Carlomagno<\/a>, nella cella del carcere di Civitavecchia, continua a ripetere \u201cvoglio uccidermi ma non ho il coraggio\u201d. L\u2019uomo, accusato del femminicidio della moglie\u00a0<a href=\"https:\/\/www.romatoday.it\/cronaca\/federica-torzullo-23-coltellate-autopsia-cosa-dice.html\">Federica Torzullo<\/a>, uccisa ad Anguillara Sabazia. Dopo aver appreso della <a href=\"https:\/\/www.romatoday.it\/cronaca\/maria-messenio-pasquale-carlomagno-morti-genitori-claudio-carlomagno.html\">s<\/a>comparsa dei suoi genitori, Maria Messenio e Pasquale Carlomagno, trovati impiccati nel giardino della loro abitazione., l\u2019assassino avrebbe confessato ai suoi legali di pensare egli stesso a un gesto estremo.<\/p>\n<h2>Claudio Carlomagno vuole uccidersi o recita?<\/h2>\n<p>L\u2019agenzia <em>LaPresse<\/em> che cita fonti penitenziarie. Claudio Carlomagno \u00e8\u00a0<a href=\"https:\/\/www.romatoday.it\/cronaca\/claudio-carlomagno-morte-genitori-lo-sa.html\">s<\/a>orvegliato a vist in una cella priva di suppellettili e indossa slip di carta. Gli \u00e8 stata data solo una coperta per il freddo, come previsto dai protocolli in caso di rischio autolesionistico, ed \u00e8 stata intensificata la misura della sorveglianza a vista. Pi\u00f9 volte, in questi giorni, avrebbe manifestato intenzione suicidarie.<\/p>\n<div class=\"code-block code-block-6\"><\/div>\n<p>A quanto si apprende potrebbe tenersi tra domani e dopodomani l\u2019autopsia sui corpi dei genitori di Claudio Carlomagno, trovati impiccati ieri nella casa di Anguillara, in provincia di Roma. A<strong>nche se non ci sarebbero dubbi sul suicidio da parte di entrambi,<\/strong> in ogni caso dall\u2019esame autoptico potranno arrivare elementi utili alle indagini.<\/p>\n<h2>I legali: \u201cI genitori di Claudio messi alla gogna\u201d<\/h2>\n<p>\u201cQuesta vicenda dimostra pi\u00f9 che mai che anche i familiari di chi commette un reato cos\u00ec grave sono vittime, vittime di un crimine le cui conseguenze si estendono dolorosamente anche a chi non ne ha alcuna responsabilit\u00e0, una catabasi,<strong> una discesa agli inferi che i signori Carlomagno non sono riusciti tragicamente a sopportare<\/strong>. Le ragioni dietro a questo terribile gesto sono state spiegate in una lettera al loro altro figlio Davide, in merito alla quale occorre rispetto e privacy\u201d. Cos\u00ec l<strong>\u2019avvocato Andrea Miroli<\/strong>, difensore di Claudio Carlomagno, reoconfesso del femminicidio di Federica Torzullo, dopo il suicidio dei genitori del suo assistito, trovati impiccati sabato in casa. \u201cPurtroppo ancora ieri per\u00f2 si leggevano sui social messaggi come \u2018quella donna ha fatto bene ad ammazzarsi avendo partorito un mostro\u2019. Leggendo questo e sapendo quanto la pressione mediatica possa turbare le coscienze di chi si trova a vivere queste tremende situazioni, dovremmo forse tutti esercitarci \u2013 sottolinea il penalista \u2013 <strong>in una pedagogia collettiva affinch\u00e9 certe vicende non straripino dai confini prettamente giuridici\u201d<\/strong>. \u201cIl mio pensiero adesso va non solo al mio assistito (che ne \u00e8 venuto a conoscenza ed \u00e8 sorvegliato a vista) e a come affronter\u00e0 questa terribile notizia, ma anche a suo figlio che in pochi giorni ha perso la mamma, i nonni e per molto tempo il padre\u201d, conclude.<\/p>\n<p>\u00a0<\/p>\n<p>\u00a0<\/p>\n<\/div>\n<div class=\"commentSectionContainer\">\n<p class=\"comments-title\">Non ci sono commenti, inizia una discussione<\/p>\n<\/div>\n<div id=\"comments\" class=\"comments-area closed\">\n<div id=\"respond\" class=\"comment-respond\">\n<h3 id=\"reply-title\" class=\"comment-reply-title\">Lascia un commento <small><a rel=\"nofollow\" id=\"cancel-comment-reply-link\" href=\"https:\/\/www.secoloditalia.it\/2026\/01\/voglio-uccidermi-anchio-ma-non-ho-il-coraggio-lurlo-dal-carcere-del-femminicida-claudio-carlomagno\/#respond\">Annulla risposta<\/a><\/small><\/h3>\n<p class=\"comment-notes\"><span id=\"email-notes\">Il tuo indirizzo email non sar\u00e0 pubblicato.<\/span><span class=\"required-field-message\">I campi obbligatori sono contrassegnati <span class=\"required\">*<\/span><\/span><\/p>\n<\/div>\n<\/div>\n<div class=\"info-condivisione bottom\">\n<div>\n<p>di <span class=\"autore\">Marta Lima<\/span> &#8211; <span class=\"data\">26 Gennaio 2026<\/span><\/p>\n<\/div>\n<\/div>\n<\/div>\n<\/article>\n<p> Source URL: https:\/\/www.secoloditalia.it\/2026\/01\/voglio-uccidermi-anchio-ma-non-ho-il-coraggio-lurlo-dal-carcere-del-femminicida-claudio-carlomagno\/<\/p>\n","protected":false},"excerpt":{"rendered":"<p>Anguillara \u201cVoglio uccidermi anch\u2019io, ma non ho il coraggio\u201d. L\u2019urlo dal carcere del femminicida Claudio Carlomagno Cronaca &#8211; di Marta Lima &#8211; 26 Gennaio 2026 alle 08:20 Vorrebbe farla finita, non ne ha il coraggio, quello stesso \u201ccoraggio\u201d, chiamiamolo cos\u00ec, che invece ha avuto nell\u2019ammazzare e infierire sul cadavere della moglie, Federica Torluzzo.\u00a0Claudio Carlomagno, nella [&hellip;]<\/p>\n","protected":false},"author":1,"featured_media":0,"comment_status":"open","ping_status":"","sticky":false,"template":"","format":"standard","meta":{"footnotes":""},"categories":[87],"tags":[123],"class_list":["post-1429957","post","type-post","status-publish","format-standard","hentry","category-italy","tag-secoloditalia-it"],"_links":{"self":[{"href":"https:\/\/analyse.optim.biz\/index.php?rest_route=\/wp\/v2\/posts\/1429957","targetHints":{"allow":["GET"]}}],"collection":[{"href":"https:\/\/analyse.optim.biz\/index.php?rest_route=\/wp\/v2\/posts"}],"about":[{"href":"https:\/\/analyse.optim.biz\/index.php?rest_route=\/wp\/v2\/types\/post"}],"author":[{"embeddable":true,"href":"https:\/\/analyse.optim.biz\/index.php?rest_route=\/wp\/v2\/users\/1"}],"replies":[{"embeddable":true,"href":"https:\/\/analyse.optim.biz\/index.php?rest_route=%2Fwp%2Fv2%2Fcomments&post=1429957"}],"version-history":[{"count":0,"href":"https:\/\/analyse.optim.biz\/index.php?rest_route=\/wp\/v2\/posts\/1429957\/revisions"}],"wp:attachment":[{"href":"https:\/\/analyse.optim.biz\/index.php?rest_route=%2Fwp%2Fv2%2Fmedia&parent=1429957"}],"wp:term":[{"taxonomy":"category","embeddable":true,"href":"https:\/\/analyse.optim.biz\/index.php?rest_route=%2Fwp%2Fv2%2Fcategories&post=1429957"},{"taxonomy":"post_tag","embeddable":true,"href":"https:\/\/analyse.optim.biz\/index.php?rest_route=%2Fwp%2Fv2%2Ftags&post=1429957"}],"curies":[{"name":"wp","href":"https:\/\/api.w.org\/{rel}","templated":true}]}}