{"id":1429771,"date":"2026-01-26T17:38:53","date_gmt":"2026-01-26T14:38:53","guid":{"rendered":"https:\/\/analyse.optim.biz\/?p=1429771"},"modified":"2026-01-26T17:38:53","modified_gmt":"2026-01-26T14:38:53","slug":"milano-cortina-ecco-la-squadra-azzurra-boom-di-atleti-brignone-la-portabandiera","status":"publish","type":"post","link":"https:\/\/analyse.optim.biz\/?p=1429771","title":{"rendered":"Milano-Cortina, ecco la squadra azzurra: boom di atleti, Brignone la portabandiera"},"content":{"rendered":"<article id=\"post-1523880\" class=\"post-1523880 post type-post status-publish format-standard has-post-thumbnail hentry category-cronaca posizione-editoriale-centro-pagina\">\n<div>\n<figure class=\"evidence-wrapper\"><img loading=\"lazy\" decoding=\"async\" width=\"860\" height=\"358\" src=\"https:\/\/analyse.optim.biz\/wp-content\/uploads\/2026\/01\/sbarra-2026-01-26t182100-764-860x358-1.jpg\" class=\"attachment-single size-single wp-post-image\" alt=\"Federica Brignone\" title=\"Federica Brignone\"><\/figure>\n<p class=\"occhiello\">Le Olimpiadi invernali<\/p>\n<h1>Milano-Cortina, ecco la squadra azzurra: boom di atleti, Brignone la portabandiera<\/h1>\n<p class=\"sottotitolo\">L&#8217;Italia punta a battere il record del 1994, conquistando venti medaglie, Diverse le nostre punte di diamante dallo sci alpino al pattinaggio<\/p>\n<div class=\"info-condivisione\">\n<div>\n<p><span class=\"categoria\">Cronaca<\/span><\/p>\n<p>\t\t\t\t\t &#8211; di <span class=\"autore\">Gianni Giorgi<\/span> &#8211; <span class=\"data\">26 Gennaio 2026 alle 18:38<\/span><\/p>\n<\/div>\n<\/div>\n<div class=\"contenuto\">\n<p><strong>\u00a0Spedizione record a Milano Cortina per l\u2019Italia Team. Saranno nel complesso 196 (103 uomini + 93 donne) gli atleti impegnati ai Giochi<\/strong>. E cos\u00ec agli 87 azzurri dei cinque sport sul ghiaccio gi\u00e0 selezionati una settimana fa, si sono aggiunti i 109 (56 uomini + 53 donne) delle 11 discipline invernali, le cui gare si andranno ad articolare tra Anterselva (biathlon), Cortina (bob, skeleton, slittino e sci alpino femminile), Val di Fiemme (combinata nordica, sci di fondo e salto con gli sci), Livigno (freestyle e snowboard) e Bormio (sci alpino maschile e sci alpinismo).<\/p>\n<h2>C\u2019\u00e8 Federica, la nostra capitana<\/h2>\n<p><strong> Confermata la presenza di Federica Brignone, <a href=\"https:\/\/www.gazzetta.it\/olimpiadi-invernali\/26-01-2026\/milano-cortina-gli-azzurri-convocati-brignone-e-tabanelli-il-45enne-fischnaller.shtml\">portabandiera azzurra<\/a>, dopo il ritorno alle gare e l\u2019infortunio di nove mesi fa<\/strong>. La cifra di 196 atleti consente all\u2019Italia di superare il precedente primato stabilito nell\u2019ultima edizione casalinga di Torino 2006 (184 atleti di cui 109 uomini e 75 donne). La pi\u00f9 giovane in assoluto \u00e8 la sedicenne Giada D\u2019Antonio, promessa dello sci alpino che compir\u00e0 17 anni il prossimo 28 maggio. Il pi\u00f9 longevo, invece, \u00e8 il 45enne<strong> Roland Fischnaller<\/strong> che, gareggiando nello slalom gigante parallelo di snowboard alpino, vivr\u00e0 la settima Olimpiade consecutiva (azzurro uomo o donna con il numero maggiore di presenze nella storia dei Giochi Invernali.<\/p>\n<div class=\"code-block code-block-6\"><\/div>\n<div class=\"correlati_contento\"><span class=\"tecFont\">Leggi anche<\/span><\/p>\n<ul>\n<li><a href=\"https:\/\/www.secoloditalia.it\/2025\/09\/olimpiadi-milano-cortina-2026-litalia-accelera-tra-innovazione-inclusione-e-sicurezza\/?utm_source=content&amp;utm_medium=related&amp;utm_campaign=middle\">Olimpiadi Milano-Cortina 2026: l\u2019Italia accelera tra innovazione, inclusione e sicurezza<\/a><\/li>\n<li><a href=\"https:\/\/www.secoloditalia.it\/2025\/12\/milano-cortina-mattarella-accende-il-braciere-olimpico-la-fiaccola-viaggera-per-12mila-km-video\/?utm_source=content&amp;utm_medium=related&amp;utm_campaign=middle\">Milano-Cortina, Mattarella accende il Braciere olimpico. La fiaccola viagger\u00e0 per 12mila km (video)<\/a><\/li>\n<\/ul>\n<\/div>\n<h2>Obiettivo? Le venti medaglie<\/h2>\n<p><strong><a href=\"https:\/\/www.secoloditalia.it\/2026\/01\/milano-cortina-lannuncio-di-salvini-il-villaggio-olimpico-sara-il-piu-grande-studentato-ditalia\/\">L\u2019Italia punta al record delle venti medaglie<\/a>.<\/strong> Per lo sci alpino, Sofia Goggia, Dominik Paris e Federica Brignone sono attesi protagonisti, con le ultime chance olimpiche per Mattia Casse e Luca De Aliprandini.<\/p>\n<p><strong>Per pattinaggio e curling,<\/strong> \u00a0Davide Ghiotto (10.000m) \u00e8 una punta di diamante, insieme a Francesca Lollobrigida e le coppie artistiche Conti\/Macii e Guignard\/Fabbri. Nel curling, il doppio misto campione olimpico in carica Constantini\/Mosaner \u00e8 tra i favoriti per l\u2019oro.<\/p>\n<p><strong>Flora Tabanelli e il fratello Miro nel freestyle<\/strong>, insieme a Federico Pellegrino nello sci di fondo, puntano in alto. Anche lo sci alpinismo \u00e8 una disciplina con ottime prospettive grazie ad atleti come Giulia Murada, Alba De Silvestro, Robert Antonioli e Michele Boscacci.<\/p>\n<h2>Il record di Lillehamer<\/h2>\n<p>In Norvegia nel 1994 l\u2019Italia conquist\u00f2 sette ori, cinque argenti ed otto bronzi. Nello sci alpino l\u2019unico oro fu vinto da Deborah Compagnoni nel gigante femminile. <strong>Ma fu ancora una volta Alberto Tomba a segnare la storia<\/strong>. Non vinse l\u2019oro ma conquistando l\u2019argento nella sua specialit\u00e0 preferita, lo slalom speciale, stabil\u00ec il record assoluto delle tre medaglie consecutive <strong>dopo la vittoria del 1988 e il secondo posto del 1992.<\/strong><\/p>\n<p>Il pi\u00f9 grande sciatore italiano di tutti i tempi l\u2019anno dopo conquister\u00e0 la sua prima e unica coppa del mondo. <strong>Che nel passato gli sfuggi per le regole della federazione internazionale.<\/strong><\/p>\n<p>\u00a0<\/p>\n<\/div>\n<div class=\"commentSectionContainer\">\n<p class=\"comments-title\">Non ci sono commenti, inizia una discussione<\/p>\n<\/div>\n<div id=\"comments\" class=\"comments-area closed\">\n<div id=\"respond\" class=\"comment-respond\">\n<h3 id=\"reply-title\" class=\"comment-reply-title\">Lascia un commento <small><a rel=\"nofollow\" id=\"cancel-comment-reply-link\" href=\"https:\/\/www.secoloditalia.it\/2026\/01\/milano-cortina-ecco-la-squadra-azzurra-boom-di-atleti-brignone-la-portabandiera\/#respond\">Annulla risposta<\/a><\/small><\/h3>\n<p class=\"comment-notes\"><span id=\"email-notes\">Il tuo indirizzo email non sar\u00e0 pubblicato.<\/span><span class=\"required-field-message\">I campi obbligatori sono contrassegnati <span class=\"required\">*<\/span><\/span><\/p>\n<\/div>\n<\/div>\n<div class=\"info-condivisione bottom\">\n<div>\n<p>di <span class=\"autore\">Gianni Giorgi<\/span> &#8211; <span class=\"data\">26 Gennaio 2026<\/span><\/p>\n<\/div>\n<\/div>\n<div class=\"correlati\">\n<p>Leggi anche<\/p>\n<div>\n<article>\n<figure><a href=\"https:\/\/www.secoloditalia.it\/2026\/01\/milano-cortina-lannuncio-di-salvini-il-villaggio-olimpico-sara-il-piu-grande-studentato-ditalia\/\" aria-label=\"Milano-Cortina, l'annuncio di Salvini:\" class=\"lower\"><img loading=\"lazy\" decoding=\"async\" width=\"370\" height=\"154\" src=\"https:\/\/analyse.optim.biz\/wp-content\/uploads\/2026\/01\/sbarra-2026-01-21t134955-325-370x154-1.jpg\" class=\"attachment-standard-lower size-standard-lower wp-post-image\" alt=\"Federica Brignone\" title=\"Federica Brignone\"><\/a><\/figure>\n<div>\n<p class=\"occhiello\">1700 posti letto<\/p>\n<p><a href=\"https:\/\/www.secoloditalia.it\/2026\/01\/milano-cortina-lannuncio-di-salvini-il-villaggio-olimpico-sara-il-piu-grande-studentato-ditalia\/?utm_source=content&amp;utm_medium=related&amp;utm_campaign=bottom\"><\/p>\n<h3>Milano-Cortina, l&#8217;annuncio di Salvini:&#8221; Il villaggio olimpico sar\u00e0 il pi\u00f9 grande studentato d&#8217;Italia&#8221;<\/h3>\n<p><\/a><\/div>\n<\/article>\n<article>\n<figure><a href=\"https:\/\/www.secoloditalia.it\/2026\/01\/piantedosi-smonta-lo-scoop-del-fatto-quotidiano-sullice-americana-alle-olimpiadi-non-mi-risulta\/\" aria-label=\"Piantedosi smonta lo \" class=\"lower\"><img loading=\"lazy\" decoding=\"async\" width=\"370\" height=\"154\" src=\"https:\/\/analyse.optim.biz\/wp-content\/uploads\/2026\/01\/matteo-piantedosi-1-370x154-1.jpg\" class=\"attachment-standard-lower size-standard-lower wp-post-image\" alt=\"Federica Brignone\" title=\"Federica Brignone\"><\/a><\/figure>\n<div>\n<p class=\"occhiello\">Il chiarimento del ministro<\/p>\n<p><a href=\"https:\/\/www.secoloditalia.it\/2026\/01\/piantedosi-smonta-lo-scoop-del-fatto-quotidiano-sullice-americana-alle-olimpiadi-non-mi-risulta\/?utm_source=content&amp;utm_medium=related&amp;utm_campaign=bottom\"><\/p>\n<h3>Piantedosi smonta lo &#8220;scoop&#8221; del Fatto Quotidiano sull&#8217;Ice a Milano-Cortina: \u00abNon mi risulta\u00bb<\/h3>\n<p><\/a><\/div>\n<\/article>\n<\/div>\n<\/div>\n<\/div>\n<\/article>\n<p> Source URL: https:\/\/www.secoloditalia.it\/2026\/01\/milano-cortina-ecco-la-squadra-azzurra-boom-di-atleti-brignone-la-portabandiera\/<\/p>\n","protected":false},"excerpt":{"rendered":"<p>Le Olimpiadi invernali Milano-Cortina, ecco la squadra azzurra: boom di atleti, Brignone la portabandiera L&#8217;Italia punta a battere il record del 1994, conquistando venti medaglie, Diverse le nostre punte di diamante dallo sci alpino al pattinaggio Cronaca &#8211; di Gianni Giorgi &#8211; 26 Gennaio 2026 alle 18:38 \u00a0Spedizione record a Milano Cortina per l\u2019Italia Team. [&hellip;]<\/p>\n","protected":false},"author":1,"featured_media":0,"comment_status":"open","ping_status":"","sticky":false,"template":"","format":"standard","meta":{"footnotes":""},"categories":[87],"tags":[123],"class_list":["post-1429771","post","type-post","status-publish","format-standard","hentry","category-italy","tag-secoloditalia-it"],"_links":{"self":[{"href":"https:\/\/analyse.optim.biz\/index.php?rest_route=\/wp\/v2\/posts\/1429771","targetHints":{"allow":["GET"]}}],"collection":[{"href":"https:\/\/analyse.optim.biz\/index.php?rest_route=\/wp\/v2\/posts"}],"about":[{"href":"https:\/\/analyse.optim.biz\/index.php?rest_route=\/wp\/v2\/types\/post"}],"author":[{"embeddable":true,"href":"https:\/\/analyse.optim.biz\/index.php?rest_route=\/wp\/v2\/users\/1"}],"replies":[{"embeddable":true,"href":"https:\/\/analyse.optim.biz\/index.php?rest_route=%2Fwp%2Fv2%2Fcomments&post=1429771"}],"version-history":[{"count":0,"href":"https:\/\/analyse.optim.biz\/index.php?rest_route=\/wp\/v2\/posts\/1429771\/revisions"}],"wp:attachment":[{"href":"https:\/\/analyse.optim.biz\/index.php?rest_route=%2Fwp%2Fv2%2Fmedia&parent=1429771"}],"wp:term":[{"taxonomy":"category","embeddable":true,"href":"https:\/\/analyse.optim.biz\/index.php?rest_route=%2Fwp%2Fv2%2Fcategories&post=1429771"},{"taxonomy":"post_tag","embeddable":true,"href":"https:\/\/analyse.optim.biz\/index.php?rest_route=%2Fwp%2Fv2%2Ftags&post=1429771"}],"curies":[{"name":"wp","href":"https:\/\/api.w.org\/{rel}","templated":true}]}}