{"id":1429707,"date":"2026-01-26T20:06:53","date_gmt":"2026-01-26T17:06:53","guid":{"rendered":"https:\/\/analyse.optim.biz\/?p=1429707"},"modified":"2026-01-26T20:06:53","modified_gmt":"2026-01-26T17:06:53","slug":"pregiudicato-africano-ucciso-dalla-polizia-nel-bosco-della-droga-di-rogoredo-aveva-puntato-larma-sugli","status":"publish","type":"post","link":"https:\/\/analyse.optim.biz\/?p=1429707","title":{"rendered":"Pregiudicato africano ucciso dalla polizia nel bosco della droga di Rogoredo: aveva puntato l&#8217;arma sugli&#8230;"},"content":{"rendered":"<article id=\"post-1523982\" class=\"post-1523982 post type-post status-publish format-standard has-post-thumbnail hentry category-cronaca posizione-editoriale-apertura\">\n<div>\n<figure class=\"evidence-wrapper\"><img loading=\"lazy\" decoding=\"async\" width=\"860\" height=\"358\" src=\"https:\/\/analyse.optim.biz\/wp-content\/uploads\/2026\/01\/bosco-droga-rogoredo-860x358-1.jpg\" class=\"attachment-single size-single wp-post-image\" alt=\"Pregiudicato africano ucciso dalla polizia nel bosco della droga di Rogoredo: aveva puntato l\u2019arma sugli agenti\" title=\"Pregiudicato africano ucciso dalla polizia nel bosco della droga di Rogoredo: aveva puntato l\u2019arma sugli agenti\"><\/figure>\n<p class=\"occhiello\">Alle porte di Milano<\/p>\n<h1>Pregiudicato africano ucciso dalla polizia nel bosco della droga di Rogoredo: aveva puntato l\u2019arma sugli agenti<\/h1>\n<div class=\"info-condivisione\">\n<div>\n<p><span class=\"categoria\">Cronaca<\/span><\/p>\n<p>\t\t\t\t\t &#8211; di <span class=\"autore\">Carlo Marini<\/span> &#8211; <span class=\"data\">26 Gennaio 2026 alle 21:06<\/span><\/p>\n<\/div>\n<\/div>\n<div class=\"contenuto\">\n<p>Un pregiudicato di origini nordafricane \u00e8 morto poco prima delle 18, in via Giuseppe Impastato a Milano, in zona Rogoredo, al confine con il Comune di San Donato Milanese e a ridosso del campo nomadi.<\/p>\n<h2>Il giallo della pistola caricata a salve<\/h2>\n<p>Secondo una prima ricostruzione, il giovane di 20 anni ucciso oggi a Milano, di origine nordafricana, durante un\u2019operazione di controllo da parte di agenti della polizia antidroga, avrebbe estratto un\u2019arma e l\u2019avrebbe puntata contro i poliziotti. A quel punto uno degli agenti ha esploso alcuni colpi, ferendolo mortalmente. \u00a0Dalle prime verifiche, a quanto si apprende, pare fosse a salve la pistola impugnata dal ventenne, che risulterebbe pregiudicato. Il luogo della sparatoria costeggia le recinzioni della ferrovia e finisce in un\u2019area coperta da vegetazione incolta, in una delle aree abitualmente frequentate dagli spacciatori di eroina e dai loro clienti tossicodipendenti.<\/p>\n<div class=\"code-block code-block-6\"><\/div>\n<h2>De Corato (FdI): Sala assente, assurdo che abbia la delega alla sicurezza<\/h2>\n<p>\u201cMilano, a pochi giorni dall\u2019inizio delle Olimpiadi Milano-Cortina, non si fa mancare nulla \u2013 commente l\u2019ex vicesindaco di Milano, Riccardo De Corato \u2013 Dai furti e aggressioni con ricatto di soldi e sesso alle continue liti anche sui mezzi pubblici fino addirittura alle sparatorie in pieno giorno, come avvenuto oggi alle 18\u201d.<\/p>\n<p><strong>\u201cQuesto \u2013 prosegue il deputato di Fratelli d\u2019Italia \u2013<\/strong> \u00e8 quanto accade nella citt\u00e0 del Sindaco-Assessore alla Sicurezza Sala ancora una volta assente. Non si era mai visto negli ultimi anni che un Sindaco decidesse di tenere per se, per cos\u00ec tanti mesi, l\u2019importante e strategica delega alla sicurezza. Lo trovo davvero inammissibile. Servono subito presidi di Polizia Locale nelle periferie della citt\u00e0 prese d\u2019assalto dalla criminalit\u00e0. Spero vivamente che il Comitato scelto da Sala possa apire gli occhi al primo cittadino\u201d.<\/p>\n<h2>Sala si giustifica: mi sono tenuto il fardello della sicurezza<\/h2>\n<p>Lo stesso sindaco di Milano <strong>Giuseppe Sala<\/strong> \u00e8 stato informato dal comandante della Polizia locale Gianluca Mirabelli mentre interveniva a un convegno di Azione. E ha spiegato i motivi per cui ha lui stesso le deleghe alla sicurezza. \u201cIl motivo per cui mi sono tenuto questo fardello \u00e8 perch\u00e9 voglio essere concreto. Perch\u00e9 non ho messo un assessore? Perch\u00e9 ho pensato che quando manca un anno devi trovare una persona che abbia almeno una profonda conoscenza della citt\u00e0 e della materia \u2013 ha aggiunto -. \u00c8 stato difficile, alla fine ho pensato che la soluzione migliore fosse tenere la delega mettendomi intorno una rete di sicurezza\u201d.<\/p>\n<h2>Salvini: dalla parte del poliziotto senza se e senza ma<\/h2>\n<p>\u201cSono dalla parte del poliziotto, senza se e senza ma\u201d, afferma <strong>Matteo Salvini<\/strong> commentando la sparatoria di Milano dove ha perso la vita un giovane, che aveva estratto una pistola e per questo e\u2019 stato colpito da un agente.<\/p>\n<p>\u201cDi fronte a fatti cos\u00ec drammatici il primo dovere \u00e8 quello della responsabilit\u00e0. Evitiamo processi sommari, ricostruzioni affrettate e condanne preventive: la verit\u00e0 va accertata nelle sedi competenti, attraverso il lavoro degli inquirenti e della magistratura\u201d. Cos\u00ec <strong>Fabio Conest\u00e0<\/strong>, segretario Generale del Mosap.<\/p>\n<h3>\u201cLa giustizia non si amministra sui social n\u00e9 nelle piazze virtuali\u201d<\/h3>\n<p>\u201cAttendiamo l\u2019esito delle indagini, nel rispetto di tutte le parti coinvolte\u201d, conclude Conest\u00e0. \u201cSolo la verit\u00e0\u00a0accertata \u2013\u00a0 sottolinea il segretario del Movimento Sindacale Autonomo di Polizia \u2013 potr\u00e0 restituire dignit\u00e0 a questa tragedia e consentire valutazioni serie, lontane da emotivit\u00e0 e strumentalizzazioni\u201d.<\/p>\n<\/div>\n<div class=\"commentSectionContainer\">\n<p class=\"comments-title\">Non ci sono commenti, inizia una discussione<\/p>\n<\/div>\n<div id=\"comments\" class=\"comments-area closed\">\n<div id=\"respond\" class=\"comment-respond\">\n<h3 id=\"reply-title\" class=\"comment-reply-title\">Lascia un commento <small><a rel=\"nofollow\" id=\"cancel-comment-reply-link\" href=\"https:\/\/www.secoloditalia.it\/2026\/01\/pregiudicato-africano-ucciso-dalla-polizia-nel-bosco-della-droga-di-rogoredo-aveva-puntato-larma-sugli-agenti\/#respond\">Annulla risposta<\/a><\/small><\/h3>\n<p class=\"comment-notes\"><span id=\"email-notes\">Il tuo indirizzo email non sar\u00e0 pubblicato.<\/span><span class=\"required-field-message\">I campi obbligatori sono contrassegnati <span class=\"required\">*<\/span><\/span><\/p>\n<\/div>\n<\/div>\n<div class=\"info-condivisione bottom\">\n<div>\n<p>di <span class=\"autore\">Carlo Marini<\/span> &#8211; <span class=\"data\">26 Gennaio 2026<\/span><\/p>\n<\/div>\n<\/div>\n<\/div>\n<\/article>\n<p> Source URL: https:\/\/www.secoloditalia.it\/2026\/01\/pregiudicato-africano-ucciso-dalla-polizia-nel-bosco-della-droga-di-rogoredo-aveva-puntato-larma-sugli-agenti\/<\/p>\n","protected":false},"excerpt":{"rendered":"<p>Alle porte di Milano Pregiudicato africano ucciso dalla polizia nel bosco della droga di Rogoredo: aveva puntato l\u2019arma sugli agenti Cronaca &#8211; di Carlo Marini &#8211; 26 Gennaio 2026 alle 21:06 Un pregiudicato di origini nordafricane \u00e8 morto poco prima delle 18, in via Giuseppe Impastato a Milano, in zona Rogoredo, al confine con il [&hellip;]<\/p>\n","protected":false},"author":1,"featured_media":0,"comment_status":"open","ping_status":"","sticky":false,"template":"","format":"standard","meta":{"footnotes":""},"categories":[87],"tags":[123],"class_list":["post-1429707","post","type-post","status-publish","format-standard","hentry","category-italy","tag-secoloditalia-it"],"_links":{"self":[{"href":"https:\/\/analyse.optim.biz\/index.php?rest_route=\/wp\/v2\/posts\/1429707","targetHints":{"allow":["GET"]}}],"collection":[{"href":"https:\/\/analyse.optim.biz\/index.php?rest_route=\/wp\/v2\/posts"}],"about":[{"href":"https:\/\/analyse.optim.biz\/index.php?rest_route=\/wp\/v2\/types\/post"}],"author":[{"embeddable":true,"href":"https:\/\/analyse.optim.biz\/index.php?rest_route=\/wp\/v2\/users\/1"}],"replies":[{"embeddable":true,"href":"https:\/\/analyse.optim.biz\/index.php?rest_route=%2Fwp%2Fv2%2Fcomments&post=1429707"}],"version-history":[{"count":0,"href":"https:\/\/analyse.optim.biz\/index.php?rest_route=\/wp\/v2\/posts\/1429707\/revisions"}],"wp:attachment":[{"href":"https:\/\/analyse.optim.biz\/index.php?rest_route=%2Fwp%2Fv2%2Fmedia&parent=1429707"}],"wp:term":[{"taxonomy":"category","embeddable":true,"href":"https:\/\/analyse.optim.biz\/index.php?rest_route=%2Fwp%2Fv2%2Fcategories&post=1429707"},{"taxonomy":"post_tag","embeddable":true,"href":"https:\/\/analyse.optim.biz\/index.php?rest_route=%2Fwp%2Fv2%2Ftags&post=1429707"}],"curies":[{"name":"wp","href":"https:\/\/api.w.org\/{rel}","templated":true}]}}