{"id":142869,"date":"2017-04-13T10:23:48","date_gmt":"2017-04-13T07:23:48","guid":{"rendered":"https:\/\/analyse.optim.biz\/?p=142869"},"modified":"2017-04-13T10:23:48","modified_gmt":"2017-04-13T07:23:48","slug":"basescu-geoana-nastase-si-ponta-talentatul-dragnea-va-va-declara-presedinti-ai-romaniei","status":"publish","type":"post","link":"https:\/\/analyse.optim.biz\/?p=142869","title":{"rendered":"B\u0103sescu: Geoan\u0103, N\u0103stase \u015fi Ponta, talentatul Dragnea v\u0103 va declara pre\u015fedin\u0163i ai Rom\u00e2niei"},"content":{"rendered":"<div class=\"entry data-app-meta data-app-meta-article\" data-embed-base-url-canonical=\"https:\/\/www.digi24.ro\/embed\/stiri\/actualitate\/politica\/basescu-geoana-nastase-si-ponta-talentatul-dragnea-va-va-declara-presedinti-ai-romaniei-705921\">\n<p data-index=\"1\"><strong>Traian B\u0103sescu face noi declara\u021bii cu privire la comisia parlamentar\u0103 care ar trebui s\u0103 ancheteze alegerile din 2009, dup\u0103 afirma\u021biile ziaristului Dan Andronic. Fostul pre\u0219edinte \u00eel ironizeaz\u0103 pe Mircea Geoan\u0103, contracandidatul s\u0103u de acum opt ani: primul la r\u00e2nd este Adrian N\u0103stase.<\/strong><\/p>\n<p data-index=\"2\"><img loading=\"lazy\" decoding=\"async\" class=\"alignnone size-full wp-image-643608\" src=\"https:\/\/analyse.optim.biz\/wp-content\/uploads\/2024\/09\/mdamagfzad04otmwyjbiy2ewzwy4ztbkywiwytnlztjmnzvkmddlyg-thumb_.jpg\" alt=\"traian basescu\" width=\"815\" height=\"421\" data-skip-htmlfix=\"1\" title=\"mdamagfzad04otmwyjbiy2ewzwy4ztbkywiwytnlztjmnzvkmddlyg-thumb_\"><\/p>\n<p data-index=\"3\">\u201eGeoan\u0103, vezi c\u0103, primul la r\u00e2nd, este N\u0103stase\u201d, a\u0219a \u00ee\u0219i \u00eencepe Traian B\u0103sescu textul de pe pagina de Facebook.<\/p>\n<p data-index=\"4\">\u201eEste S\u0103pt\u0103m\u00e2na Mare \u015fi, \u00een principiu, am \u00eencercat s\u0103 m\u0103 ab\u0163in de la a intra \u00een controverse publice. \u00cencerc s\u0103 o fac \u015fi acum legat de ultima ini\u0163iativ\u0103 din \u201eProgramul de guvernare\u201d al PSD \u2013 ALDE: \u00eenfiin\u0163area unei comisii de anchet\u0103 cu privire la alegerile preziden\u0163iale din 2009. Ce bucurie pe capul celor pe care, din 2000 \u00eencoace, i-am b\u0103tut \u00een alegeri pe unde i-am prins. \u00ce\u015fi vor lua, \u00een sf\u00e2r\u015fit, revan\u015fa. Ce-i drept, nu la urne, ci la televizor\u201d, continu\u0103 fostul pre\u0219edinte.<\/p>\n<p data-index=\"5\">\u00cen plus, el sus\u021bine c\u0103 ar trebuie anchetate \u0219i alegerile preziden\u0163iale din 2004.<\/p>\n<p data-index=\"6\">\u201eUn cor agitat al \u00eenvin\u015filor mei la urne a inundat \u0163ara, fie c\u0103 este vorba de Mircea Geoan\u0103, Adrian N\u0103stase, Victor Ponta, g\u00e2di\u015ftii de la Antena 3, anali\u015fti \u015fi jurnali\u015fti specializa\u0163i \u00een dezinformare etc. Propunerea a avut at\u00e2t succes, \u00eenc\u00e2t eu propun s\u0103 facem o anchet\u0103 \u015fi pentru alegerile preziden\u0163iale din 2004. \u00cen felul acesta, putem s\u0103 le d\u0103m c\u00e2te un mandat luz\u0103rilor Mircea Geoan\u0103 \u015fi Adrian N\u0103stase sau s\u0103-l lini\u015ftim pe Ponta c\u0103, \u00een 2009, de\u015fi la urne au pierdut, au reu\u015fit, totu\u015fi, s\u0103 fure voturi pe m\u0103sura talentului \u00eenn\u0103scut al PSD\u201d, afirm\u0103 B\u0103sescu.<\/p>\n<p data-index=\"7\">\u201eGeoan\u0103, N\u0103stase \u015fi Ponta, fi\u0163i, \u00een sf\u00e2r\u015fit, ferici\u0163i. \u00cen concluziile anchetei, talentatul pre\u015fedinte Dragnea v\u0103 va declara pre\u015fedin\u0163i ai Rom\u00e2niei. Geoan\u0103, ai grij\u0103, a\u015faz\u0103-te la coad\u0103, c\u0103 primul la r\u00e2nd este Adrian N\u0103stase. Mai departe, v\u0103 \u00een\u0163elege\u0163i voi cu Iohannis cum v\u0103 r\u00e2ndui\u0163i la Cotroceni. C\u00e2nd m\u0103 g\u00e2ndec c\u0103 Rom\u00e2nia va avea asigura\u0163i pre\u015fedin\u0163ii pentru urm\u0103torii 15 ani, chiar \u00eemi dau seama ce important este \u201eProgramul de guvernare\u201d PSD \u2013 ALDE\u201d, adaug\u0103 fostul \u0219ef de stat.<\/p>\n<p data-index=\"8\">Traian B\u0103sescu \u00eel avertizeaz\u0103, \u00een final, pe Liviu Dragnea: \u201eAi grij\u0103, s-ar putea s\u0103 nu-\u0163i plac\u0103 ce se va spune la Comisie. Mai bine l\u0103s\u0103-i Parchetului General s\u0103 fac\u0103 ancheta.\u201d<\/p>\n<p data-index=\"9\"><a href=\"https:\/\/www.digi24.ro\/stiri\/actualitate\/politica\/exclusiv-ce-spune-traian-basescu-despre-anchetarea-alegerilor-din-2009-705672\" target=\"_blank\" data-skip-linkfix=\"1\" rel=\"noopener\">Ieri,\u00a0Traian B\u0103sescu a reac\u021bionat, pentru Digi24<\/a>, la vestea c\u0103 <a href=\"http:\/\/www.digi24.ro\/stiri\/actualitate\/politica\/tariceanu-si-dragnea-vor-ancheta-parlamentara-pe-alegerile-din-2009-705610\" target=\"_blank\" data-skip-linkfix=\"1\" rel=\"noopener\">pre\u0219edin\u021bii PSD \u0219i ALDE cer Parlamentului \u00eenfiin\u021barea unei comisii parlamentare de anchet\u0103 <\/a>care s\u0103 clarifice \u201easpectele ce \u021bin de organizarea alegerilor din 2009, dar \u0219i de rezultatul scrutinului preziden\u021bial\u201d. Solicitarea a venit dup\u0103 ce Dan Andronic a sus\u021binut c\u0103, \u00een noaptea turului II al alegerilor preziden\u021biale din 2009, ar fi participat, acas\u0103 la Gabriel Oprea, la o \u00eent\u00e2lnire la care erau prezen\u021bi \u0219i \u0219efii SRI \u0219i DNA.<\/p>\n<p data-index=\"10\">\u00a0<\/p>\n<p data-index=\"11\">\u00a0<\/p>\n<\/div>\n<p> Source URL: https:\/\/www.digi24.ro\/stiri\/actualitate\/politica\/basescu-geoana-nastase-si-ponta-talentatul-dragnea-va-va-declara-presedinti-ai-romaniei-705921<\/p>\n","protected":false},"excerpt":{"rendered":"<p>Traian B\u0103sescu face noi declara\u021bii cu privire la comisia parlamentar\u0103 care ar trebui s\u0103 ancheteze alegerile din 2009, dup\u0103 afirma\u021biile ziaristului Dan Andronic. Fostul pre\u0219edinte \u00eel ironizeaz\u0103 pe Mircea Geoan\u0103, contracandidatul s\u0103u de acum opt ani: primul la r\u00e2nd este Adrian N\u0103stase. \u201eGeoan\u0103, vezi c\u0103, primul la r\u00e2nd, este N\u0103stase\u201d, a\u0219a \u00ee\u0219i \u00eencepe Traian B\u0103sescu [&hellip;]<\/p>\n","protected":false},"author":1,"featured_media":142870,"comment_status":"open","ping_status":"","sticky":false,"template":"","format":"standard","meta":{"footnotes":""},"categories":[2],"tags":[11],"class_list":["post-142869","post","type-post","status-publish","format-standard","has-post-thumbnail","hentry","category-politics","tag-digi24"],"_links":{"self":[{"href":"https:\/\/analyse.optim.biz\/index.php?rest_route=\/wp\/v2\/posts\/142869","targetHints":{"allow":["GET"]}}],"collection":[{"href":"https:\/\/analyse.optim.biz\/index.php?rest_route=\/wp\/v2\/posts"}],"about":[{"href":"https:\/\/analyse.optim.biz\/index.php?rest_route=\/wp\/v2\/types\/post"}],"author":[{"embeddable":true,"href":"https:\/\/analyse.optim.biz\/index.php?rest_route=\/wp\/v2\/users\/1"}],"replies":[{"embeddable":true,"href":"https:\/\/analyse.optim.biz\/index.php?rest_route=%2Fwp%2Fv2%2Fcomments&post=142869"}],"version-history":[{"count":0,"href":"https:\/\/analyse.optim.biz\/index.php?rest_route=\/wp\/v2\/posts\/142869\/revisions"}],"wp:featuredmedia":[{"embeddable":true,"href":"https:\/\/analyse.optim.biz\/index.php?rest_route=\/wp\/v2\/media\/142870"}],"wp:attachment":[{"href":"https:\/\/analyse.optim.biz\/index.php?rest_route=%2Fwp%2Fv2%2Fmedia&parent=142869"}],"wp:term":[{"taxonomy":"category","embeddable":true,"href":"https:\/\/analyse.optim.biz\/index.php?rest_route=%2Fwp%2Fv2%2Fcategories&post=142869"},{"taxonomy":"post_tag","embeddable":true,"href":"https:\/\/analyse.optim.biz\/index.php?rest_route=%2Fwp%2Fv2%2Ftags&post=142869"}],"curies":[{"name":"wp","href":"https:\/\/api.w.org\/{rel}","templated":true}]}}