{"id":142863,"date":"2017-04-13T12:49:39","date_gmt":"2017-04-13T09:49:39","guid":{"rendered":"https:\/\/analyse.optim.biz\/?p=142863"},"modified":"2017-04-13T12:49:39","modified_gmt":"2017-04-13T09:49:39","slug":"dragnea-vrea-sa-fie-seful-comisiei-de-ancheta-pe-alegeri-ce-spun-regulamentele","status":"publish","type":"post","link":"https:\/\/analyse.optim.biz\/?p=142863","title":{"rendered":"Dragnea vrea s\u0103 fie \u0219eful comisiei de anchet\u0103 pe alegeri. Ce spun regulamentele"},"content":{"rendered":"<div class=\"entry data-app-meta data-app-meta-article\" data-embed-base-url-canonical=\"https:\/\/www.digi24.ro\/embed\/stiri\/actualitate\/politica\/dragnea-vrea-sa-fie-seful-comisiei-de-ancheta-pe-alegeri-ce-spun-regulamentele-706091\">\n<p data-index=\"1\"><strong>La doar c\u00e2teva ore dup\u0103 ce a cerut, al\u0103turi de C\u0103lin Popescu T\u0103riceanu, <a href=\"https:\/\/www.digi24.ro\/stiri\/actualitate\/politica\/tariceanu-si-dragnea-vor-ancheta-parlamentara-pe-alegerile-din-2009-705610\" target=\"_blank\" data-skip-linkfix=\"1\" rel=\"noopener\">\u00eenfiin\u021barea unei comisii parlamentare de anchet\u0103 privind alegerile preziden\u021biale din 2009<\/a>, Liviu Dragnea \u0219i-a dezvoltat planul: vrea s\u0103 conduc\u0103 comisia \u0219i are deja conturat\u0103 lista persoanelor ce vor fi chemate la audieri.<\/strong><\/p>\n<figure class=\"article-thumb\"><img decoding=\"async\" src=\"https:\/\/analyse.optim.biz\/wp-content\/uploads\/2024\/09\/ntg2zme4n2q2nzq4ntnmntg0owrkyzezyju-thumb_.jpg\" alt=\"161227_PARLAMENT_DRAGNEA_01_INQ_Octav_Ganea\" data-skip-htmlfix=\"1\" title=\"ntg2zme4n2q2nzq4ntnmntg0owrkyzezyju-thumb_\"><figcaption> Surs\u0103 foto: INQUAM PHOTOS \/ Octav Ganea <\/figcaption><\/figure>\n<p data-index=\"2\">De la formularea cererii \u0219i p\u00e2n\u0103 la \u00eenfiin\u021barea efectiv\u0103 a comisiei de anchet\u0103 este doar un pas, u\u0219or de f\u0103cut, \u00een condi\u021biile \u00een care solicitarea este semnat\u0103 de cei doi lideri ai partidelor la putere. Tocmai de aceea, \u00eenainte ca Parlamentul s\u0103 se fi pronun\u021bat printr-un vot asupra cererii, Liviu Dragnea a dezv\u0103luit \u0219i pa\u0219ii urm\u0103tori \u00een planul PSD-ALDE: comisia ar putea fi condus\u0103, simbolic, chiar de el, iar la audieri vor fi chema\u021bi de la \u0219efi de servicii \u0219i fo\u0219ti lideri de partide p\u00e2n\u0103 la \u201ecet\u0103\u021beni din Rom\u00e2nia\u201d despre care social-democra\u021bii au \u201einforma\u021bii\u201d.<\/p>\n<p data-index=\"3\">\u201e<strong>Am vorbit cu colegii mei s\u0103 verifice dac\u0103 eu, ca pre\u015fedinte al Camerei, pot fi pre\u015fedinte al acestei comisii de anchet\u0103<\/strong> (&#8230;) Vreau s\u0103 chem\u0103m la audieri toate persoanele despre care avem informa\u0163ii sau despre care pot apare informa\u0163ii \u00een zilele urm\u0103toare \u00een leg\u0103tur\u0103 cu ce s-a \u00eent\u00e2mplat la acele alegeri (&#8230;) <strong>O s\u0103 fie chemat \u015fi ministrul Baconschi, o s\u0103 fie chemat \u015fi \u015feful STS, Marcel Opri\u015f, Vasile Blaga \u015fi mai mul\u0163i cet\u0103\u0163eni din Rom\u00e2nia despre care noi avem informa\u0163ii. \u015ei cu aceast\u0103 comisie de anchet\u0103 \u015fi cu alte anchete pe care sper s\u0103 le \u00eenceap\u0103 comisia de control al SRI, s\u0103 aducem la lumin\u0103 toate discu\u0163iile despre implicarea \u00een politic\u0103, \u00een alegeri, \u00een justi\u0163ie a unor institu\u0163ii<\/strong>\u201d, \u0219i-a dezvoltat planul Dragnea, la postul tv al familiei Voiculescu.<\/p>\n<p data-index=\"4\">\u00cen privin\u021ba conducerii comisiei de anchet\u0103, trebuie precizat c\u0103 <strong>ar fi o premier\u0103 ca un pre\u0219edinte de Camer\u0103 s\u0103 fie \u0219i \u0219eful unei comisii<\/strong> (fie ea de anchet\u0103, special\u0103 sau permanent\u0103). Totu\u0219i, \u00een regulamentele dup\u0103 care se ghideaz\u0103 parlamentarii nu este prev\u0103zut\u0103 vreo interdic\u021bie expres\u0103 \u00een acest sens.<\/p>\n<p data-index=\"5\">\u00cen Regulamentul Camerei Deputa\u021bilor, la atribu\u021biile pre\u0219edintelui sunt enumerate urm\u0103toarele:<\/p>\n<p data-index=\"6\">\u201ea. convoac\u0103 deputa\u0163ii \u00een sesiuni ordinare sau extraordinare, conform prevederilor prezentului regulament;<\/p>\n<p data-index=\"7\">b. conduce lucr\u0103rile plenului Camerei Deputa\u0163ilor, asistat obligatoriu de doi secretari, \u015fi asigur\u0103 men\u0163inerea ordinii \u00een timpul dezbaterilor, precum \u015fi respectarea prevederilor prezentului regulament;<\/p>\n<p data-index=\"8\">c. acord\u0103 cuv\u00e2ntul, modereaz\u0103 discu\u0163iile, sintetizeaz\u0103 problemele puse \u00een dezbatere, stabile\u015fte ordinea vot\u0103rii, precizeaz\u0103 semnifica\u0163ia votului \u015fi anun\u0163\u0103 rezultatul acestuia;<\/p>\n<p data-index=\"9\">d. conduce lucr\u0103rile \u015fedin\u0163elor Biroului permanent;<\/p>\n<p data-index=\"10\">e. sesizeaz\u0103 Curtea Constitu\u0163ional\u0103 \u00een condi\u0163iile prev\u0103zute la art. 146 lit. a), b), c) \u015fi e) din Constitu\u0163ia Rom\u00e2niei, republicat\u0103;<\/p>\n<p data-index=\"11\">f. asigur\u0103 trimiterea de \u00eendat\u0103 la Senat, spre dezbatere, a proiectelor de legi adoptate sau respinse de Camera Deputa\u0163ilor ori, dup\u0103 caz, Pre\u015fedintelui Rom\u00e2niei, spre promulgare, a legilor votate, \u00een termenele legale;<\/p>\n<p data-index=\"12\">g. \u00eendepline\u015fte atribu\u0163iile care \u00eei revin \u00een privin\u0163a examin\u0103rii parlamentare a proiectelor de acte legislative \u015fi a proiectelor de acte f\u0103r\u0103 caracter legislativ ale Uniunii Europene, precum \u015fi a altor documente din domeniul afacerilor europene, potrivit prezentului regulament;<\/p>\n<p data-index=\"13\">h. efectueaz\u0103 deplas\u0103ri \u00een \u0163ar\u0103 ca reprezentant al Camerei Deputa\u0163ilor \u00een rela\u0163iile cu autorit\u0103\u0163ile publice centrale \u015fi locale, cu alte persoane juridice rom\u00e2ne \u015fi cu cet\u0103\u0163enii;<\/p>\n<p data-index=\"14\">i. reprezint\u0103 Camera Deputa\u0163ilor \u00een rela\u0163iile externe pe toat\u0103 durata mandatului s\u0103u;<\/p>\n<p data-index=\"15\">j. prezint\u0103 rapoarte justificative, anual, \u00een cadrul Biroului permanent al Camerei Deputa\u0163ilor asupra utiliz\u0103rii fondului pre\u015fedintelui;<\/p>\n<p data-index=\"16\">k. poate dispune secretarului general efectuarea de controale ale activit\u0103\u0163ii serviciilor Camerei Deputa\u0163ilor;<\/p>\n<p data-index=\"17\"><strong>l. \u00eendepline\u015fte orice alte atribu\u0163ii prev\u0103zute de prezentul regulament, precum \u015fi \u00eens\u0103rcin\u0103rile date de plenul Camerei Deputa\u0163ilor<\/strong>\u201d.<\/p>\n<p data-index=\"18\">Evident, cheia o reprezint\u0103 lit. l, o umbrel\u0103 generoas\u0103, sub care se pot ad\u0103posti multe alte lucruri, at\u00e2ta timp c\u00e2t ele sunt votate de plen.<\/p>\n<p data-index=\"19\">Un alt articol din Regulament (art. 41) prevede: \u201epe durata mandatului, membrii Biroului permanent al Camerei Deputa\u021bilor pot opta pentru una dintre comisiile permanente \u0219i pentru una din comisiile stabilite ca excep\u021bii (Comisia pentru regulament, Comisia de validare, Comisia pentru tehnologia informa\u0163iei \u015fi comunica\u0163iilor, Comisia pentru egalitatea de \u015fanse pentru femei \u015fi b\u0103rba\u0163i, Comisia pentru comunit\u0103\u0163ile de rom\u00e2ni din afara grani\u0163elor \u0163\u0103rii, Comisia pentru cercetarea abuzurilor, corup\u0163iei \u015fi pentru peti\u0163ii \u015fi Comisia pentru afaceri europene &#8211; n.r.)\u201d. \u00cen baza acestei reglement\u0103ri, Liviu Dragnea este, \u00een prezent, membru al Comisiei pentru administra\u021bie public\u0103 \u0219i amenajarea teritoriului.<\/p>\n<p data-index=\"20\">Potrivit Regulamentului activit\u0103\u021bilor comune ale Camerei Deputa\u021bilor \u0219i Senatului,<strong> o comisie de anchet\u0103 parlamentar\u0103 se poate constitui la ini\u021biativa a cel pu\u021bin o p\u0103trime din num\u0103rul deputa\u021bilor \u0219i senatorilor<\/strong>.<\/p>\n<\/div>\n<p> Source URL: https:\/\/www.digi24.ro\/stiri\/actualitate\/politica\/dragnea-vrea-sa-fie-seful-comisiei-de-ancheta-pe-alegeri-ce-spun-regulamentele-706091<\/p>\n","protected":false},"excerpt":{"rendered":"<p>La doar c\u00e2teva ore dup\u0103 ce a cerut, al\u0103turi de C\u0103lin Popescu T\u0103riceanu, \u00eenfiin\u021barea unei comisii parlamentare de anchet\u0103 privind alegerile preziden\u021biale din 2009, Liviu Dragnea \u0219i-a dezvoltat planul: vrea s\u0103 conduc\u0103 comisia \u0219i are deja conturat\u0103 lista persoanelor ce vor fi chemate la audieri. Surs\u0103 foto: INQUAM PHOTOS \/ Octav Ganea De la formularea [&hellip;]<\/p>\n","protected":false},"author":1,"featured_media":142864,"comment_status":"open","ping_status":"","sticky":false,"template":"","format":"standard","meta":{"footnotes":""},"categories":[2],"tags":[11],"class_list":["post-142863","post","type-post","status-publish","format-standard","has-post-thumbnail","hentry","category-politics","tag-digi24"],"_links":{"self":[{"href":"https:\/\/analyse.optim.biz\/index.php?rest_route=\/wp\/v2\/posts\/142863","targetHints":{"allow":["GET"]}}],"collection":[{"href":"https:\/\/analyse.optim.biz\/index.php?rest_route=\/wp\/v2\/posts"}],"about":[{"href":"https:\/\/analyse.optim.biz\/index.php?rest_route=\/wp\/v2\/types\/post"}],"author":[{"embeddable":true,"href":"https:\/\/analyse.optim.biz\/index.php?rest_route=\/wp\/v2\/users\/1"}],"replies":[{"embeddable":true,"href":"https:\/\/analyse.optim.biz\/index.php?rest_route=%2Fwp%2Fv2%2Fcomments&post=142863"}],"version-history":[{"count":0,"href":"https:\/\/analyse.optim.biz\/index.php?rest_route=\/wp\/v2\/posts\/142863\/revisions"}],"wp:featuredmedia":[{"embeddable":true,"href":"https:\/\/analyse.optim.biz\/index.php?rest_route=\/wp\/v2\/media\/142864"}],"wp:attachment":[{"href":"https:\/\/analyse.optim.biz\/index.php?rest_route=%2Fwp%2Fv2%2Fmedia&parent=142863"}],"wp:term":[{"taxonomy":"category","embeddable":true,"href":"https:\/\/analyse.optim.biz\/index.php?rest_route=%2Fwp%2Fv2%2Fcategories&post=142863"},{"taxonomy":"post_tag","embeddable":true,"href":"https:\/\/analyse.optim.biz\/index.php?rest_route=%2Fwp%2Fv2%2Ftags&post=142863"}],"curies":[{"name":"wp","href":"https:\/\/api.w.org\/{rel}","templated":true}]}}