{"id":142860,"date":"2017-04-13T13:14:40","date_gmt":"2017-04-13T10:14:40","guid":{"rendered":"https:\/\/analyse.optim.biz\/?p=142860"},"modified":"2017-04-13T13:14:40","modified_gmt":"2017-04-13T10:14:40","slug":"klaus-iohannis-petrece-sarbatorile-pascale-la-sibiu","status":"publish","type":"post","link":"https:\/\/analyse.optim.biz\/?p=142860","title":{"rendered":"Klaus Iohannis petrece s\u0103rb\u0103torile pascale la Sibiu"},"content":{"rendered":"<div class=\"entry data-app-meta data-app-meta-article\" data-embed-base-url-canonical=\"https:\/\/www.digi24.ro\/embed\/stiri\/actualitate\/politica\/klaus-iohannis-petrece-sarbatorile-pascale-la-sibiu-706129\">\n<p data-index=\"1\"><strong><span lang=\"en-US\">Pre\u0219edintele Klaus Iohannis va petrece s\u0103rb\u0103torile pascale la Sibiu, al\u0103turi de familie, a anun\u021bat Administra\u021bia Preziden\u021bial\u0103.<\/span><\/strong><\/p>\n<p data-index=\"2\"><img loading=\"lazy\" decoding=\"async\" class=\"alignnone size-full wp-image-421952\" src=\"https:\/\/analyse.optim.biz\/wp-content\/uploads\/2024\/09\/anbnjnc9odawjmhhc2g9ogvmmme5otm4nge1ogzlmdg2nwi5zwqyztfmngi0mgu-thumb_.jpg\" alt=\"klaus carmen iohannis-1\" width=\"800\" height=\"532\" data-skip-htmlfix=\"1\" title=\"anbnjnc9odawjmhhc2g9ogvmmme5otm4nge1ogzlmdg2nwi5zwqyztfmngi0mgu-thumb_\"><\/p>\n<p data-index=\"3\"><span lang=\"en-US\">\u0218i anul trecut so\u021bii Iohannis au petrecut s\u0103rb\u0103torile de Pa\u0219te la Sibiu. <\/span><\/p>\n<p data-index=\"4\"><span lang=\"en-US\">Cei doi au participat, s\u00e2mb\u0103t\u0103 seara, la slujba de \u00cenviere de la Biserica Romano-Catolic\u0103, dar \u0219i la slujba de duminic\u0103.<\/span><\/p>\n<\/div>\n<p> Source URL: https:\/\/www.digi24.ro\/stiri\/actualitate\/politica\/klaus-iohannis-petrece-sarbatorile-pascale-la-sibiu-706129<\/p>\n","protected":false},"excerpt":{"rendered":"<p>Pre\u0219edintele Klaus Iohannis va petrece s\u0103rb\u0103torile pascale la Sibiu, al\u0103turi de familie, a anun\u021bat Administra\u021bia Preziden\u021bial\u0103. \u0218i anul trecut so\u021bii Iohannis au petrecut s\u0103rb\u0103torile de Pa\u0219te la Sibiu. Cei doi au participat, s\u00e2mb\u0103t\u0103 seara, la slujba de \u00cenviere de la Biserica Romano-Catolic\u0103, dar \u0219i la slujba de duminic\u0103. Source URL: https:\/\/www.digi24.ro\/stiri\/actualitate\/politica\/klaus-iohannis-petrece-sarbatorile-pascale-la-sibiu-706129<\/p>\n","protected":false},"author":1,"featured_media":142861,"comment_status":"open","ping_status":"","sticky":false,"template":"","format":"standard","meta":{"footnotes":""},"categories":[2],"tags":[11],"class_list":["post-142860","post","type-post","status-publish","format-standard","has-post-thumbnail","hentry","category-politics","tag-digi24"],"_links":{"self":[{"href":"https:\/\/analyse.optim.biz\/index.php?rest_route=\/wp\/v2\/posts\/142860","targetHints":{"allow":["GET"]}}],"collection":[{"href":"https:\/\/analyse.optim.biz\/index.php?rest_route=\/wp\/v2\/posts"}],"about":[{"href":"https:\/\/analyse.optim.biz\/index.php?rest_route=\/wp\/v2\/types\/post"}],"author":[{"embeddable":true,"href":"https:\/\/analyse.optim.biz\/index.php?rest_route=\/wp\/v2\/users\/1"}],"replies":[{"embeddable":true,"href":"https:\/\/analyse.optim.biz\/index.php?rest_route=%2Fwp%2Fv2%2Fcomments&post=142860"}],"version-history":[{"count":0,"href":"https:\/\/analyse.optim.biz\/index.php?rest_route=\/wp\/v2\/posts\/142860\/revisions"}],"wp:featuredmedia":[{"embeddable":true,"href":"https:\/\/analyse.optim.biz\/index.php?rest_route=\/wp\/v2\/media\/142861"}],"wp:attachment":[{"href":"https:\/\/analyse.optim.biz\/index.php?rest_route=%2Fwp%2Fv2%2Fmedia&parent=142860"}],"wp:term":[{"taxonomy":"category","embeddable":true,"href":"https:\/\/analyse.optim.biz\/index.php?rest_route=%2Fwp%2Fv2%2Fcategories&post=142860"},{"taxonomy":"post_tag","embeddable":true,"href":"https:\/\/analyse.optim.biz\/index.php?rest_route=%2Fwp%2Fv2%2Ftags&post=142860"}],"curies":[{"name":"wp","href":"https:\/\/api.w.org\/{rel}","templated":true}]}}