{"id":142849,"date":"2017-04-13T13:42:03","date_gmt":"2017-04-13T10:42:03","guid":{"rendered":"https:\/\/analyse.optim.biz\/?p=142849"},"modified":"2017-04-13T13:42:03","modified_gmt":"2017-04-13T10:42:03","slug":"reactia-lui-tariceanu-la-acuzatiile-lui-constantin","status":"publish","type":"post","link":"https:\/\/analyse.optim.biz\/?p=142849","title":{"rendered":"Reac\u021bia lui T\u0103riceanu la acuza\u021biile lui Constantin"},"content":{"rendered":"<div class=\"entry data-app-meta data-app-meta-article\" data-embed-base-url-canonical=\"https:\/\/www.digi24.ro\/embed\/stiri\/actualitate\/politica\/reactia-lui-tariceanu-la-acuzatiile-lui-constantin-706140\">\n<p data-index=\"1\"><strong><span lang=\"ro-RO\">Copre\u015fedintele ALDE, Daniel Constantin, a prezentat la Jurnalul de Sear\u0103 de la Digi24 un scenariu surprinz\u0103tor. C\u0103lin Popescu T\u0103riceanu ar putea fi dispus s\u0103 rup\u0103 colaborarea cu PSD, dac\u0103 nu va fi sprijinit s\u0103 candideze la preziden\u0163iale. \u015eeful Senatului a refuzat s\u0103 comenteze afirma\u0163iile.\u00a0<\/span><\/strong><\/p>\n<p data-index=\"2\"><em>\u201e<\/em><span lang=\"ro-RO\"><em>T\u0103riceanu \u0219i colegii lui au spus \u00eentr-o \u0219edin\u021b\u0103 c\u0103 planul ar putea fi acela ca, \u00eentr-o perioad\u0103 de timp, s\u0103 ias\u0103 de la guvernare, dac\u0103 nu ob\u021bin acord pentru candidatura la pre\u015fedin\u021bie \u0219i s\u0103 construiasc\u0103 o platform\u0103 care s\u0103-l propulseze. Eu \u00eemi doream o rela\u021bie de patru ani, ca s\u0103 implement\u0103m programul de guvernare, nu s\u0103 ne atingem obiectivele personale \u0219i apoi s\u0103 ie\u0219im\u201d,<\/em> a spus Daniel Constantin la Jurnalul de Sear\u0103.\u00a0<\/span><\/p>\n<p data-index=\"3\">\u00cen replic\u0103, pre\u0219edintele Senatului a spus c\u0103 s\u0103 r\u0103spund\u0103 acestor comentarii este sub nivelul s\u0103u.\u00a0<\/p>\n<p data-index=\"4\"><em>\u201e<\/em><span lang=\"ro-RO\"><em>\u015eti\u0163i ce se \u00eent\u00e2mpl\u0103, nu sunt dispus s\u0103 fac niciun fel de comentarii pe subiectul Daniel Constantin pentru c\u0103 ar \u00eensemna din partea mea s\u0103 cobor mult prea jos\u201d<\/em>, a spus C\u0103lin Popescu T\u0103riceanu. <\/span><\/p>\n<\/div>\n<p> Source URL: https:\/\/www.digi24.ro\/stiri\/actualitate\/politica\/reactia-lui-tariceanu-la-acuzatiile-lui-constantin-706140<\/p>\n","protected":false},"excerpt":{"rendered":"<p>Copre\u015fedintele ALDE, Daniel Constantin, a prezentat la Jurnalul de Sear\u0103 de la Digi24 un scenariu surprinz\u0103tor. C\u0103lin Popescu T\u0103riceanu ar putea fi dispus s\u0103 rup\u0103 colaborarea cu PSD, dac\u0103 nu va fi sprijinit s\u0103 candideze la preziden\u0163iale. \u015eeful Senatului a refuzat s\u0103 comenteze afirma\u0163iile.\u00a0 \u201eT\u0103riceanu \u0219i colegii lui au spus \u00eentr-o \u0219edin\u021b\u0103 c\u0103 planul ar [&hellip;]<\/p>\n","protected":false},"author":1,"featured_media":142850,"comment_status":"open","ping_status":"","sticky":false,"template":"","format":"standard","meta":{"footnotes":""},"categories":[2],"tags":[11],"class_list":["post-142849","post","type-post","status-publish","format-standard","has-post-thumbnail","hentry","category-politics","tag-digi24"],"_links":{"self":[{"href":"https:\/\/analyse.optim.biz\/index.php?rest_route=\/wp\/v2\/posts\/142849","targetHints":{"allow":["GET"]}}],"collection":[{"href":"https:\/\/analyse.optim.biz\/index.php?rest_route=\/wp\/v2\/posts"}],"about":[{"href":"https:\/\/analyse.optim.biz\/index.php?rest_route=\/wp\/v2\/types\/post"}],"author":[{"embeddable":true,"href":"https:\/\/analyse.optim.biz\/index.php?rest_route=\/wp\/v2\/users\/1"}],"replies":[{"embeddable":true,"href":"https:\/\/analyse.optim.biz\/index.php?rest_route=%2Fwp%2Fv2%2Fcomments&post=142849"}],"version-history":[{"count":0,"href":"https:\/\/analyse.optim.biz\/index.php?rest_route=\/wp\/v2\/posts\/142849\/revisions"}],"wp:featuredmedia":[{"embeddable":true,"href":"https:\/\/analyse.optim.biz\/index.php?rest_route=\/wp\/v2\/media\/142850"}],"wp:attachment":[{"href":"https:\/\/analyse.optim.biz\/index.php?rest_route=%2Fwp%2Fv2%2Fmedia&parent=142849"}],"wp:term":[{"taxonomy":"category","embeddable":true,"href":"https:\/\/analyse.optim.biz\/index.php?rest_route=%2Fwp%2Fv2%2Fcategories&post=142849"},{"taxonomy":"post_tag","embeddable":true,"href":"https:\/\/analyse.optim.biz\/index.php?rest_route=%2Fwp%2Fv2%2Ftags&post=142849"}],"curies":[{"name":"wp","href":"https:\/\/api.w.org\/{rel}","templated":true}]}}