{"id":142846,"date":"2017-04-13T14:20:07","date_gmt":"2017-04-13T11:20:07","guid":{"rendered":"https:\/\/analyse.optim.biz\/?p=142846"},"modified":"2017-04-13T14:20:07","modified_gmt":"2017-04-13T11:20:07","slug":"scandal-in-usr-nicusor-dan-isi-acuza-colegii-de-minciuna","status":"publish","type":"post","link":"https:\/\/analyse.optim.biz\/?p=142846","title":{"rendered":"Scandal \u00een USR. Nicu\u0219or Dan \u00ee\u0219i acuz\u0103 colegii de minciun\u0103"},"content":{"rendered":"<div class=\"entry data-app-meta data-app-meta-article\" data-embed-base-url-canonical=\"https:\/\/www.digi24.ro\/embed\/stiri\/actualitate\/politica\/scandal-in-usr-nicusor-dan-isi-acuza-colegii-de-minciuna-706208\">\n<p data-index=\"1\"><strong>Dup\u0103 ce actuala conducere a Uniunii Salva\u021bi Rom\u00e2nia a fost criticat\u0103 de doi deputa\u021bi, pe motiv c\u0103 ar refuza o dezbatere serioas\u0103 asupra viitorului partidului, Nicu\u0219or Dan a reac\u021bionat acuz\u00e2ndu-i pe cei doi de minciun\u0103 \u0219i ar\u0103t\u00e2nd c\u0103 apropierea Congresului USR \u201eia u\u0219or min\u021bile\u201d.<\/strong><\/p>\n<figure class=\"article-thumb\"><img decoding=\"async\" src=\"https:\/\/analyse.optim.biz\/wp-content\/uploads\/2024\/09\/mdzhytc1ogewnwuzmtnjodvmmjq4nweymzvly2zjzg-thumb_.jpg\" alt=\"161026_USR_GHINEA_NICUSOR_003_INQUAM_Octav_Ganea\" data-skip-htmlfix=\"1\" title=\"mdzhytc1ogewnwuzmtnjodvmmjq4nweymzvly2zjzg-thumb_\"><figcaption> FOTO: Inquam Photos\/ Octav Ganea <\/figcaption><\/figure>\n<p data-index=\"2\">\u00cen replica postat\u0103 pe Facebook, pre\u0219edintele USR se refer\u0103 la declara\u021biile recente ale deputa\u021bilor Tudor Benga \u0219i Cristian Ghinea. \u201e<strong>Din p\u0103cate, apropierea Congresului USR \u00eencepe s\u0103 ne ia u\u0219or min\u021bile<\/strong>. (&#8230;) Un calendar clar de preg\u0103tire a Congresului a fost stabilit \u00een \u0219edin\u021ba pre\u0219edin\u021bilor de filiale jude\u021bene din 11 februarie. \u00cen teleconferin\u021ba cu pre\u0219edin\u021bii filialelor jude\u021bene din 28 februarie au fost anun\u021ba\u021bi responsabilii care s\u0103 colecteze propunerile de la to\u021bi membrii asupra Statutului.\u00a0P\u00e2n\u0103 \u00een 10 aprilie ace\u0219ti responsabili au sistematizat propunerile primite de la membri. \u00cen 22 aprilie, comisia de juri\u0219ti va prezenta sinteza na\u021bional\u0103 c\u0103tre pre\u0219edin\u021bii filialelor jude\u021bene, care vor agrea asupra chestiunilor fundamentale pentru care exist\u0103 puncte de vedere diferite, acestea urm\u00e2nd s\u0103 fie tran\u0219ante de Congres. Tot \u00een 22 aprilie se va discuta despre alte documente care s\u0103 fie eventual aprobate de Congres \u00een afara Statutului. <strong>Tudor \u0219i Cristi \u0219tiau aceste lucruri c\u00e2nd au f\u0103cut declara\u021biile publice. Dezbaterea intern\u0103 chiar are loc. Campania intern\u0103 este legitim\u0103, dar nu e \u00een regul\u0103 c\u00e2nd se bazeaz\u0103 pe informa\u021bii false transmise \u00een spatiul public. S\u0103 dezbatem, dar s\u0103 nu ne min\u021bim \u00eentre noi<\/strong>\u201d, a scris Dan.<\/p>\n<p data-index=\"3\">Reac\u021bia liderului USR vine dup\u0103 ce, miercuri, deputatul Tudor Benga a acuzat c\u0103 \u201ep\u0103r\u021bi\u201d din conducerea actual\u0103 a partidului \u201ese tem de deschidere \u0219i competi\u021bie\u201d, drept pentru care nu s-au purtat discu\u021bii serioase \u00een interiorul forma\u021biunii pe documentul programatic lansat de el, al\u0103turi de Cristian Ghinea \u0219i Adrian Prisnel. \u201eDe\u0219i documentul a primit feedback extrem de pozitiv din partea a numero\u0219i membri, conducerea actual\u0103 a partidului nu d\u0103 nici un semn c\u0103 ar interesa-o vreo discu\u021bie serioas\u0103 pe aceste subiecte. Ceea ce na\u0219te acelea\u0219i dubii pe care le-a n\u0103scut \u0219i episodul \u00abuite Ciolo\u0219, nu e Ciolo\u0219\u00bb de luna trecut\u0103. Anume c\u0103 <strong>p\u0103r\u021bi din conducerea actual\u0103 se tem de deschidere \u0219i de competi\u021bie<\/strong>. C\u0103 <strong>sunt mai degrab\u0103 preocupa\u021bi de men\u021binerea propriei influen\u021be \u00een partid, dec\u00e2t de deschiderea \u0219i dezvoltarea sa<\/strong>. C\u0103 v\u0103d mai degrab\u0103 pericolul unor competitori puternici acolo unde ar putea vedea poten\u021bialul unor coechipieri de valoare\u201d, a acuzat Benga.<\/p>\n<p data-index=\"4\">Acesta a mai ar\u0103tat c\u0103 \u201egenul \u0103sta de perspectiv\u0103\u201d risc\u0103 sa transforme USR \u201e\u00eentr-un partid mic \u0219i irelevant\u201d.<\/p>\n<p data-index=\"5\">Critici extrem de dure la adresa actualei conduceri a USR a formulat, tot miercuri, \u0219i deputatul Cristian Ghinea, care a avertizat c\u0103 nu exclude s\u0103 candideze la pre\u0219edin\u021bia partidului, dac\u0103 Nicu\u0219or Dan nu consimte la o serie de reforme interne.<\/p>\n<p data-index=\"6\">\u201eVreau s\u0103 avem un partid policentric, care s\u0103 nu depind\u0103 de st\u0103rile, problemele unui lider, ci s\u0103 avem o garnitur\u0103 de lideri care s\u0103-i dea \u0219ansa s\u0103 creasc\u0103 (&#8230;) <strong>Ne-am organizat prea mult \u00een jurul unei persoane<\/strong>. \u00cel respect pe Nicu\u0219or Dan, pentru c\u0103 a pornit aceast\u0103 poveste frumoas\u0103, c\u0103 a avut curajul \u0219i determinarea s\u0103 fac\u0103 acest pas, \u00eel voi respecta \u0219i mai mult c\u00e2nd schimb\u0103 regulile de organizare pentru a permite partidului s\u0103 creasc\u0103\u201d, a declarat Ghinea, \u00eentr-un <a href=\"http:\/\/www.ziare.com\/cristian-ghinea\/usr\/candidatura-surpriza-pentru-sefia-usr-ghinea-trebuie-sa-terminam-cu-ideea-ca-suntem-un-partid-de-prieteni-nu-ai-pareri-personale-cand-esti-sef-de-partid-interviu-ii-1461355\" target=\"_blank\" data-skip-linkfix=\"1\" rel=\"noopener\">interviu pentru ziare.com<\/a>. Acesta a mai spus c\u0103, \u00een acest moment, USR are o problem\u0103: \u201e<strong>Logica \u00absuntem partidul lui cutare\u00bb, de parc\u0103 partidul ar fi pe persoan\u0103 fizic\u0103, un fel de minge pe care o \u021bii la piept, ceea ce e jignitor pentru oamenii superbi din USR<\/strong>\u201d.<\/p>\n<\/div>\n<p> Source URL: https:\/\/www.digi24.ro\/stiri\/actualitate\/politica\/scandal-in-usr-nicusor-dan-isi-acuza-colegii-de-minciuna-706208<\/p>\n","protected":false},"excerpt":{"rendered":"<p>Dup\u0103 ce actuala conducere a Uniunii Salva\u021bi Rom\u00e2nia a fost criticat\u0103 de doi deputa\u021bi, pe motiv c\u0103 ar refuza o dezbatere serioas\u0103 asupra viitorului partidului, Nicu\u0219or Dan a reac\u021bionat acuz\u00e2ndu-i pe cei doi de minciun\u0103 \u0219i ar\u0103t\u00e2nd c\u0103 apropierea Congresului USR \u201eia u\u0219or min\u021bile\u201d. FOTO: Inquam Photos\/ Octav Ganea \u00cen replica postat\u0103 pe Facebook, pre\u0219edintele [&hellip;]<\/p>\n","protected":false},"author":1,"featured_media":142847,"comment_status":"open","ping_status":"","sticky":false,"template":"","format":"standard","meta":{"footnotes":""},"categories":[2],"tags":[11],"class_list":["post-142846","post","type-post","status-publish","format-standard","has-post-thumbnail","hentry","category-politics","tag-digi24"],"_links":{"self":[{"href":"https:\/\/analyse.optim.biz\/index.php?rest_route=\/wp\/v2\/posts\/142846","targetHints":{"allow":["GET"]}}],"collection":[{"href":"https:\/\/analyse.optim.biz\/index.php?rest_route=\/wp\/v2\/posts"}],"about":[{"href":"https:\/\/analyse.optim.biz\/index.php?rest_route=\/wp\/v2\/types\/post"}],"author":[{"embeddable":true,"href":"https:\/\/analyse.optim.biz\/index.php?rest_route=\/wp\/v2\/users\/1"}],"replies":[{"embeddable":true,"href":"https:\/\/analyse.optim.biz\/index.php?rest_route=%2Fwp%2Fv2%2Fcomments&post=142846"}],"version-history":[{"count":0,"href":"https:\/\/analyse.optim.biz\/index.php?rest_route=\/wp\/v2\/posts\/142846\/revisions"}],"wp:featuredmedia":[{"embeddable":true,"href":"https:\/\/analyse.optim.biz\/index.php?rest_route=\/wp\/v2\/media\/142847"}],"wp:attachment":[{"href":"https:\/\/analyse.optim.biz\/index.php?rest_route=%2Fwp%2Fv2%2Fmedia&parent=142846"}],"wp:term":[{"taxonomy":"category","embeddable":true,"href":"https:\/\/analyse.optim.biz\/index.php?rest_route=%2Fwp%2Fv2%2Fcategories&post=142846"},{"taxonomy":"post_tag","embeddable":true,"href":"https:\/\/analyse.optim.biz\/index.php?rest_route=%2Fwp%2Fv2%2Ftags&post=142846"}],"curies":[{"name":"wp","href":"https:\/\/api.w.org\/{rel}","templated":true}]}}