{"id":142843,"date":"2017-04-13T16:27:14","date_gmt":"2017-04-13T13:27:14","guid":{"rendered":"https:\/\/analyse.optim.biz\/?p=142843"},"modified":"2017-04-13T16:27:14","modified_gmt":"2017-04-13T13:27:14","slug":"gorghiu-despre-nn-pensii-e-atroce-sa-dai-amenda-doar-pentru-ca-cere-liviu-dragnea","status":"publish","type":"post","link":"https:\/\/analyse.optim.biz\/?p=142843","title":{"rendered":"Gorghiu despre NN Pensii: E atroce s\u0103 dai amend\u0103 doar pentru c\u0103 cere Liviu Dragnea"},"content":{"rendered":"<div class=\"entry data-app-meta data-app-meta-article\" data-embed-base-url-canonical=\"https:\/\/www.digi24.ro\/embed\/stiri\/actualitate\/politica\/gorghiu-despre-nn-pensii-e-atroce-sa-dai-amenda-doar-pentru-ca-cere-liviu-dragnea-706340\">\n<p data-index=\"1\"><strong>Senatoarea PNL Alina Gorghiu a criticat joi amendarea companiei NN Pensii de c\u0103tre ASF, sus\u021bin\u00e2nd c\u0103 acest lucru s-a f\u0103cut \u201epentru c\u0103 a\u0219a a zis Liviu Dragnea\u201d.<\/strong><\/p>\n<p data-index=\"2\"><img loading=\"lazy\" decoding=\"async\" class=\"alignnone size-full wp-image-706342\" src=\"https:\/\/analyse.optim.biz\/wp-content\/uploads\/2024\/09\/ywqyn2q1mzflndixndizm2rjotjloweymwjkmtq3-thumb_-1.jpg\" alt=\"alina gorghiu la digi24_2015\" width=\"1266\" height=\"703\" data-skip-htmlfix=\"1\" title=\"ywqyn2q1mzflndixndizm2rjotjloweymwjkmtq3-thumb_-1\"><\/p>\n<p data-index=\"3\"><strong>\u201e<\/strong><span lang=\"en-US\"><strong>E atroce s\u0103 dai amend\u0103 doar pentru c\u0103 cere Liviu Dragnea seara a\u0219a ceva, ce-i drept, \u00een prime time la televiziune! De ce ai da o asemenea sanc\u021biune dispropor\u021bionat\u0103, 1% din capitalul social al firmei, pentru o temere legitim\u0103 exprimat\u0103 transparent fa\u021b\u0103 de clien\u021bii fondului de pensii?! E at\u00e2t de josnic servilismul \u0219efului ASF fa\u021b\u0103 de PSD pentru a p\u0103stra func\u021bia!\u201d<\/strong>, a afirmat Gorghiu \u00eentr-o postare pe Facebook.<\/span><\/p>\n<p data-index=\"4\">Consiliul Autorit\u0103\u021bii de Supraveghere Financiar\u0103 (ASF) a amendat NN Pensii cu 1% din capitalul social, respectiv 750.000 de lei, dup\u0103 ce compania a transmis clien\u021bilor o scrisoare prin care \u00eei informa c\u0103 \u00een ultimele s\u0103pt\u0103m\u00e2ni au existat discu\u021bii \u00een spa\u021biul public cu privire la o eventual\u0103 decizie de na\u021bionalizare a fondurilor de pensii private, a declarat joi Ion Giurescu, vicepre\u0219edinte al Autorit\u0103\u021bii de Supraveghere Financiar\u0103 (ASF).<\/p>\n<p data-index=\"5\"><strong>\u201e\u00cen urma comunicatelor transmise de NN pe data de 11.04 c\u0103tre participan\u021bii la acest fond am hot\u0103r\u00e2t de ieri (miercuri &#8211; n.r.) s\u0103 avem o audiere a Consiliului de Administra\u021bie al Fondului NN, consiliu format din trei persoane: Marius Popescu, Raluca \u021aintoiu, M\u0103d\u0103lina Ecaterina Ducan. Raluca \u021aintoiu este \u0219i directorul societ\u0103\u021bii NN Pensii. Din cei trei s-au prezentat doi, unul fiind \u00een concediu, Marius Daniel Popescu. \u00cen urma audierilor concluziile au fost urm\u0103toarele: av\u00e2nd \u00een vedere circumstan\u021bele create, de natur\u0103 s\u0103 conduc\u0103 la afectarea \u00eencrederii participan\u021bilor \u00een sistemul de pensii private din Rom\u00e2nia, Consiliul ASF a decis sanc\u021bionarea societ\u0103\u021bii NN Pensii cu amend\u0103 contraven\u021bional\u0103 \u00een cuantum de 1% din capitalul social al societ\u0103\u021bii, respectiv suma de 750.000 de lei\u201d<\/strong>, a spus Ion Giurescu.<\/p>\n<p data-index=\"6\"><span lang=\"en-US\">Sursa: Agerpres<\/span><\/p>\n<\/div>\n<p> Source URL: https:\/\/www.digi24.ro\/stiri\/actualitate\/politica\/gorghiu-despre-nn-pensii-e-atroce-sa-dai-amenda-doar-pentru-ca-cere-liviu-dragnea-706340<\/p>\n","protected":false},"excerpt":{"rendered":"<p>Senatoarea PNL Alina Gorghiu a criticat joi amendarea companiei NN Pensii de c\u0103tre ASF, sus\u021bin\u00e2nd c\u0103 acest lucru s-a f\u0103cut \u201epentru c\u0103 a\u0219a a zis Liviu Dragnea\u201d. \u201eE atroce s\u0103 dai amend\u0103 doar pentru c\u0103 cere Liviu Dragnea seara a\u0219a ceva, ce-i drept, \u00een prime time la televiziune! De ce ai da o asemenea sanc\u021biune [&hellip;]<\/p>\n","protected":false},"author":1,"featured_media":142844,"comment_status":"open","ping_status":"","sticky":false,"template":"","format":"standard","meta":{"footnotes":""},"categories":[2],"tags":[11],"class_list":["post-142843","post","type-post","status-publish","format-standard","has-post-thumbnail","hentry","category-politics","tag-digi24"],"_links":{"self":[{"href":"https:\/\/analyse.optim.biz\/index.php?rest_route=\/wp\/v2\/posts\/142843","targetHints":{"allow":["GET"]}}],"collection":[{"href":"https:\/\/analyse.optim.biz\/index.php?rest_route=\/wp\/v2\/posts"}],"about":[{"href":"https:\/\/analyse.optim.biz\/index.php?rest_route=\/wp\/v2\/types\/post"}],"author":[{"embeddable":true,"href":"https:\/\/analyse.optim.biz\/index.php?rest_route=\/wp\/v2\/users\/1"}],"replies":[{"embeddable":true,"href":"https:\/\/analyse.optim.biz\/index.php?rest_route=%2Fwp%2Fv2%2Fcomments&post=142843"}],"version-history":[{"count":0,"href":"https:\/\/analyse.optim.biz\/index.php?rest_route=\/wp\/v2\/posts\/142843\/revisions"}],"wp:featuredmedia":[{"embeddable":true,"href":"https:\/\/analyse.optim.biz\/index.php?rest_route=\/wp\/v2\/media\/142844"}],"wp:attachment":[{"href":"https:\/\/analyse.optim.biz\/index.php?rest_route=%2Fwp%2Fv2%2Fmedia&parent=142843"}],"wp:term":[{"taxonomy":"category","embeddable":true,"href":"https:\/\/analyse.optim.biz\/index.php?rest_route=%2Fwp%2Fv2%2Fcategories&post=142843"},{"taxonomy":"post_tag","embeddable":true,"href":"https:\/\/analyse.optim.biz\/index.php?rest_route=%2Fwp%2Fv2%2Ftags&post=142843"}],"curies":[{"name":"wp","href":"https:\/\/api.w.org\/{rel}","templated":true}]}}