{"id":142840,"date":"2017-04-13T20:06:10","date_gmt":"2017-04-13T17:06:10","guid":{"rendered":"https:\/\/analyse.optim.biz\/?p=142840"},"modified":"2017-04-13T20:06:10","modified_gmt":"2017-04-13T17:06:10","slug":"prima-reactie-a-nn-pensii-dupa-amenda-primita-de-la-asf","status":"publish","type":"post","link":"https:\/\/analyse.optim.biz\/?p=142840","title":{"rendered":"Prima reac\u0163ie a NN Pensii, dup\u0103 amenda primit\u0103 de la ASF"},"content":{"rendered":"<div class=\"entry data-app-meta data-app-meta-article\" data-embed-base-url-canonical=\"https:\/\/www.digi24.ro\/embed\/stiri\/economie\/prima-reactie-a-nn-pensii-dupa-amenda-primita-de-la-asf-706453\">\n<p data-index=\"1\"><strong><span lang=\"ro-RO\">Prima reac\u0163ie a companiei NN Pensii dup\u0103 ce Autoritatea de Supraveghere Financiar\u0103 a amendat firma olandez\u0103 cu 750 de mii de lei subliniaz\u0103 c\u0103 m\u0103surile anun\u021bate joi nu afecteaz\u0103 \u00een niciun fel situa\u021bia fondului de pensii \u0219i economiile celor aproximativ 1,9 milioane de rom\u00e2ni.<\/span><\/strong><\/p>\n<p data-index=\"2\"><img loading=\"lazy\" decoding=\"async\" class=\"alignnone size-full wp-image-706460\" src=\"https:\/\/analyse.optim.biz\/wp-content\/uploads\/2024\/09\/odawjmhhc2g9mmmwmjm5y2m5ndu2yzg5zgnkowezyzrkyzcznzc4mda-thumb_.jpg\" alt=\"nn pensii sigla\" width=\"431\" height=\"300\" data-skip-htmlfix=\"1\" title=\"odawjmhhc2g9mmmwmjm5y2m5ndu2yzg5zgnkowezyzrkyzcznzc4mda-thumb_\"><\/p>\n<p data-index=\"3\"><span lang=\"ro-RO\">\u00centr-un comunicat, firma spune din nou c\u0103 mesajele trimise clien\u0163ilor au fost exclusiv de informare cu privire la sistemul de pensii administrat privat. \u00cen plus, spune c\u0103 apreciaz\u0103 mesajele pe care le-au dat Guvernul \u0219i Ministerul de Finan\u021be &#8211; mesaje care au fost extrem de dure la adresa NN Pensii &#8211; ca fiind o pozi\u021bie \u201efoarte ferm\u0103\u201d pentru sus\u021binerea \u0219i stabilitatea Pilonului II.<\/span><\/p>\n<p data-index=\"4\"><span><strong>Comunicatul NN Pensii:<\/strong><\/span><\/p>\n<p data-index=\"5\"><span lang=\"ro-RO\">\u201eConsiliul de administra\u021bie al NN Pensii a avut ast\u0103zi o \u00eent\u00e2lnire cu reprezentan\u021bii Autorit\u0103\u021bii de Supraveghere Financiar\u0103 (ASF), ulterior c\u0103reia a luat la cuno\u0219tin\u021b\u0103 din media despre m\u0103surile stabilite de autoritate \u00een leg\u0103tur\u0103 cu mesajul de informare transmis de companie \u00een data de 11 aprilie 2017 c\u0103tre clien\u021bii care au declarat adresa de e-mail. A\u0219tept\u0103m decizia oficial\u0103 a ASF \u0219i ne ar\u0103t\u0103m toat\u0103 deschiderea \u0219i colaborarea \u00een demersurile ulterioare acesteia, urm\u00e2nd s\u0103 stabilim \u0219i s\u0103 le comunic\u0103m \u00een cel mai scurt timp direc\u021biile de ac\u021biune ale NN Pensii.<\/span><\/p>\n<p data-index=\"6\">Reiter\u0103m c\u0103 inten\u021biile noastre au fost exclusiv de informare cu privire la sistemul de pensii administrat privat \u0219i la interesul participan\u021bilor de a se informa constant despre situa\u021bia fondurilor economisite pentru pensie.<\/p>\n<p data-index=\"7\"><strong>Apreciem faptul c\u0103 Guvernul \u0219i Ministerul de Finan\u021be au avut o pozi\u021bie recent\u0103 foarte ferm\u0103 pentru sus\u021binerea \u0219i stabilitatea Pilonului II. <\/strong><\/p>\n<p data-index=\"8\">Preciz\u0103m c\u0103 aceste m\u0103suri anun\u021bate ast\u0103zi nu afecteaz\u0103 \u00een niciun fel situa\u021bia fondului de pensii administrat de NN \u0219i economiile pentru pensie ale celor aproximativ 1,9 milioane de participan\u021bi la acesta\u201d.<\/p>\n<p data-index=\"9\">Compania NN a fost sanc\u021bionat\u0103 cu amend\u0103 de Autoritatea de Supraveghere Financiar\u0103, dup\u0103 ce a avertizat c\u0103 exist\u0103\u00a0discu\u021bii publice privind o eventual\u0103 na\u021bionalizare a fondurilor de pensii private. Amenda este de 1% din capitalul social al companiei, adic\u0103 750.000 de lei.\u00a0<\/p>\n<p data-index=\"10\">Citi\u021bi \u0219i:<\/p>\n<p class=\"card-title\" data-index=\"11\"><strong><a title=\"title\" href=\"https:\/\/www.digi24.ro\/stiri\/economie\/bani-afaceri\/nn-sanctionata-cu-amenda-in-scandalul-nationalizarii-pensiilor-private-706194\" data-skip-linkfix=\"1\">NN, sanc\u021bionat\u0103 cu amend\u0103 \u00een scandalul na\u021bionaliz\u0103rii pensiilor private<\/a><\/strong><\/p>\n<p class=\"card-title\" data-index=\"12\"><strong><a title=\"title\" href=\"https:\/\/www.digi24.ro\/stiri\/economie\/stelian-muscalu-asf-a-fost-supus-unor-presiuni-fantastice-in-ultimele-ore-706227\" data-skip-linkfix=\"1\">Stelian Muscalu: ASF a fost supus unor presiuni fantastice \u00een ultimele ore<\/a><\/strong><\/p>\n<p class=\"card-title\" data-index=\"13\"><strong><a title=\"title\" href=\"https:\/\/www.digi24.ro\/stiri\/actualitate\/politica\/gorghiu-despre-nn-pensii-e-atroce-sa-dai-amenda-doar-pentru-ca-cere-liviu-dragnea-706340\" data-skip-linkfix=\"1\">Gorghiu despre NN Pensii: E atroce s\u0103 dai amend\u0103 doar pentru c\u0103 cere Liviu Dragnea<\/a><\/strong><\/p>\n<p class=\"card-title\" data-index=\"14\">O chestiune economic\u0103 a devenit brusc una politic\u0103, \u00een nici 24 de ore. Pre\u015fedintele PSD a cerut pedepse exemplare pentru compania de asigur\u0103ri care \u015fi-a informat clien\u0163ii despre posibil\u0103 na\u0163ionalizare a pensiilor. \u015ei pedepsele au venit. ASF &#8211; Autoritatea de Supraveghere Financiar\u0103 a anun\u0163at joi pedepse f\u0103r\u0103 precedent: directoarea fondului de pensii \u00ee\u015fi pune cariera \u00een cui, a r\u0103mas f\u0103r\u0103 licen\u0163\u0103 \u015fi a primit o amend\u0103 de 100 de mii de lei. Fondul a primit \u015fi el o amend\u0103 de 750 de mii de lei. Numai c\u0103 scandalul dep\u0103\u015fe\u015fte cu mult cariera directoarei \u015fi \u00eengrijorarea asigura\u0163ilor. \u00a0Acela\u015fi Liviu Dragnea spune c\u0103 zvonul despre na\u0163ionalizarea pensiilor a pornit de la Mi\u015fu Negri\u0163oiu, \u015feful ASF. \u00a0\u015ei c\u0103 la mijloc ar fi \u015fi Olanda. <strong>Ambasada Olandei precizeaz\u0103 c\u0103 statul nu are nicio leg\u0103tur\u0103 cu firmele private<\/strong>.\u00a0<\/p>\n<\/div>\n<p> Source URL: https:\/\/www.digi24.ro\/stiri\/economie\/prima-reactie-a-nn-pensii-dupa-amenda-primita-de-la-asf-706453<\/p>\n","protected":false},"excerpt":{"rendered":"<p>Prima reac\u0163ie a companiei NN Pensii dup\u0103 ce Autoritatea de Supraveghere Financiar\u0103 a amendat firma olandez\u0103 cu 750 de mii de lei subliniaz\u0103 c\u0103 m\u0103surile anun\u021bate joi nu afecteaz\u0103 \u00een niciun fel situa\u021bia fondului de pensii \u0219i economiile celor aproximativ 1,9 milioane de rom\u00e2ni. \u00centr-un comunicat, firma spune din nou c\u0103 mesajele trimise clien\u0163ilor au [&hellip;]<\/p>\n","protected":false},"author":1,"featured_media":142841,"comment_status":"open","ping_status":"","sticky":false,"template":"","format":"standard","meta":{"footnotes":""},"categories":[2],"tags":[11],"class_list":["post-142840","post","type-post","status-publish","format-standard","has-post-thumbnail","hentry","category-politics","tag-digi24"],"_links":{"self":[{"href":"https:\/\/analyse.optim.biz\/index.php?rest_route=\/wp\/v2\/posts\/142840","targetHints":{"allow":["GET"]}}],"collection":[{"href":"https:\/\/analyse.optim.biz\/index.php?rest_route=\/wp\/v2\/posts"}],"about":[{"href":"https:\/\/analyse.optim.biz\/index.php?rest_route=\/wp\/v2\/types\/post"}],"author":[{"embeddable":true,"href":"https:\/\/analyse.optim.biz\/index.php?rest_route=\/wp\/v2\/users\/1"}],"replies":[{"embeddable":true,"href":"https:\/\/analyse.optim.biz\/index.php?rest_route=%2Fwp%2Fv2%2Fcomments&post=142840"}],"version-history":[{"count":0,"href":"https:\/\/analyse.optim.biz\/index.php?rest_route=\/wp\/v2\/posts\/142840\/revisions"}],"wp:featuredmedia":[{"embeddable":true,"href":"https:\/\/analyse.optim.biz\/index.php?rest_route=\/wp\/v2\/media\/142841"}],"wp:attachment":[{"href":"https:\/\/analyse.optim.biz\/index.php?rest_route=%2Fwp%2Fv2%2Fmedia&parent=142840"}],"wp:term":[{"taxonomy":"category","embeddable":true,"href":"https:\/\/analyse.optim.biz\/index.php?rest_route=%2Fwp%2Fv2%2Fcategories&post=142840"},{"taxonomy":"post_tag","embeddable":true,"href":"https:\/\/analyse.optim.biz\/index.php?rest_route=%2Fwp%2Fv2%2Ftags&post=142840"}],"curies":[{"name":"wp","href":"https:\/\/api.w.org\/{rel}","templated":true}]}}