{"id":142837,"date":"2017-04-13T21:16:42","date_gmt":"2017-04-13T18:16:42","guid":{"rendered":"https:\/\/analyse.optim.biz\/?p=142837"},"modified":"2017-04-13T21:16:42","modified_gmt":"2017-04-13T18:16:42","slug":"basescu-hai-sa-facem-niste-prezidentiale-intre-luzari-eu-votez-cu-nastase","status":"publish","type":"post","link":"https:\/\/analyse.optim.biz\/?p=142837","title":{"rendered":"B\u0103sescu: Hai s\u0103 facem ni\u015fte preziden\u0163iale \u00eentre luz\u0103ri! Eu votez cu N\u0103stase"},"content":{"rendered":"<div class=\"entry data-app-meta data-app-meta-article\" data-embed-base-url-canonical=\"https:\/\/www.digi24.ro\/embed\/stiri\/actualitate\/politica\/basescu-hai-sa-facem-niste-prezidentiale-intre-luzari-eu-votez-cu-nastase-706505\">\n<p data-index=\"1\"><strong>Fostul pre\u015fedinte Traian B\u0103sescu le sugereaz\u0103, celor care au pierdut ultimele trei alegeri preziden\u0163iale s\u0103 organizeze un scrutin \u00een care Adrian N\u0103stase, Mircea Geoan\u0103 \u015fi Victor Ponta s\u0103 candideze pentru titlul de \u201dluz\u0103r \u00eencoronat al politicii rom\u00e2ne\u015fti\u201d, cu Liviu Dragnea pe post de pre\u015fedinte al BEC, considera\u0163iile ironice ale lui B\u0103sescu fiind o replic\u0103 la afirma\u0163iile celor trei privind interferen\u0163e ilegitime \u00een alegerile pe care le-au pierdut.<\/strong><\/p>\n<figure class=\"article-thumb\"><img decoding=\"async\" src=\"https:\/\/analyse.optim.biz\/wp-content\/uploads\/2024\/09\/mcz6yz0xjmhhc2g9mje3y2myy2u0yzjhmgqwmwq0ndayzddkotjjyjnkzta-thumb_.jpg\" alt=\"Traian Basescu\" data-skip-htmlfix=\"1\" title=\"mcz6yz0xjmhhc2g9mje3y2myy2u0yzjhmgqwmwq0ndayzddkotjjyjnkzta-thumb_\"><figcaption> Foto: Inquam Photos \/ Octav Ganea <\/figcaption><\/figure>\n<p data-index=\"2\"><strong>\u201eHai s\u0103 facem ni\u015fte preziden\u0163iale \u00eentre luz\u0103ri! \u00cemi imaginez c\u00e2t\u0103 zgur\u0103 a r\u0103mas \u00een sufletul lor: Adrian N\u0103stase, Mircea Geoan\u0103, Victor Ponta &#8211; to\u0163i trei au intrat \u00een campanii cu certitudinea c\u0103 vor c\u00e2\u015ftiga func\u0163ia de Pre\u015fedinte al Rom\u00e2niei. To\u0163i trei arogan\u0163i, to\u0163i trei incapabili s\u0103 gestioneze calitatea de favori\u0163i de la startul campaniei, to\u0163i trei incapabili, din cauza trufiei, s\u0103 \u00een\u0163eleag\u0103 de ce au pierdut, altfel spus, to\u0163i trei luz\u0103ri profesioni\u015fti neconsola\u0163i\u201d<\/strong>, a scris Traian B\u0103sescu, joi seara, pe Facebook.<\/p>\n<p data-index=\"3\">Fostul \u015fef al statului propune chemarea electoratului la urne pentru a stabili cine dintre cei trei este \u201cluz\u0103rul \u00eencoronat al politicii rom\u00e2ne\u015fti\u201d.<\/p>\n<p data-index=\"4\"><strong>\u201eDac\u0103 pe Dragnea \u00eel punem pre\u015fedinte BEC, vom avea un rezultat tr\u0103znet al alegerilor, pe care, pe bun\u0103 dreptate, to\u0163i trei \u00eel vor contesta sus\u0163in\u00e2nd c\u0103 li s-au pus prea multe voturi \u015fi au c\u00e2\u015ftigat pe nedrept titlul de \u00abluz\u0103r \u00eencoronat al politicii rom\u00e2ne\u015fti\u00bb. Eu votez cu Adrian N\u0103stase\u201d<\/strong>, a conchis B\u0103sescu.<\/p>\n<p data-index=\"5\">Liderii coali\u0163iei PSD &#8211; ALDE, Liviu Dragnea \u015fi C\u0103lin Popescu-T\u0103riceanu, au anun\u0163at, miercuri, c\u0103 au convenit s\u0103 cear\u0103 Parlamentului \u00eenfiin\u0163area unei comisii de anchet\u0103 parlamentar\u0103 pentru <strong>\u201ea clarifica aspectele ce \u0163in de organizarea alegerilor din 2009, dar \u015fi de rezultatul scrutinului preziden\u0163ial\u201d<\/strong>, sus\u0163in\u00e2nd c\u0103 o astfel de comisie este necesar\u0103 <strong>\u201eca urmare a informa\u0163iilor ap\u0103rute \u00een spa\u0163iul public \u015fi care pun sub semnul \u00eentreb\u0103rii respectarea principiului alegerilor libere \u015fi corecte ca premis\u0103 esen\u0163ial\u0103 a func\u0163ion\u0103rii democra\u0163iei \u00een Rom\u00e2nia\u201d<\/strong>.<\/p>\n<p data-index=\"6\">Fostul premier Adrian N\u0103stase a declarat, joi c\u0103 scandalul legat de implicarea unor institu\u0163ii ale statului \u00een alegerile preziden\u0163iale din 2009 va da \u00eenc\u0103 o lovitur\u0103 imaginii Rom\u00e2niei, \u00eens\u0103 comisia parlamentar\u0103 de anchet\u0103 ce se va \u00eenfiin\u0163a pe acest subiect ar putea ob\u0163ine rezultate relevante<\/p>\n<p data-index=\"7\"><strong>\u201eOrice comisie parlamentar\u0103 serioas\u0103 produce impact asupra opiniei publice. Dac\u0103 aceast\u0103 comisie va avea un regulament solid, cu un mandat concret, atunci rezultatele ar putea fi extrem de relevante (&#8230;) Poate c\u0103 Traian B\u0103sescu, care a dorit s\u0103 afle adev\u0103rul despre comunnism, despre Securitate sau despre Revolu\u0163ie, poate contribui acum la aflarea adev\u0103rului despre alegerile din 2009 \u015fi, poate, despre alegerile din 2004\u201d<\/strong>, a spus N\u0103stase.<\/p>\n<p data-index=\"8\">Invitat s\u0103 comenteze reac\u0163ia lui Traian B\u0103sescu fa\u0163\u0103 de inten\u0163ia de constituire a unei comisii, Adrian B\u0103stase a spus: <strong>\u201eTraian B\u0103sescu \u00eencearc\u0103 s\u0103 se apere atac\u00e2nd, este stilul lui. Cei care au pierdut nu am fost noi &#8211; eu, Mircea Geoan\u0103 \u015fi Victor Ponta, ci au fost rom\u00e2nii iar scandalul \u0103sta nu le poate da cei 10 ani \u00eenapoi (durata mandatelor de pre\u015fedinte ale lui Traian B\u0103sescu &#8211; n.red.) (&#8230;) \u00cen 2004, Traian B\u0103sescu a pl\u00e2ns \u015fi \u015fi-a \u015fters lacrimile cu palma cu care, cinci ani mai t\u00e2rziu, \u00aba m\u00e2ng\u00e2iat\u00bb un copil la Ploie\u015fti\u201d<\/strong>.<\/p>\n<p data-index=\"9\">Adrian N\u0103stase a mai spus c\u0103 sistemul la apari\u0163ia \u015fi dezvoltarea c\u0103ruia Traian B\u0103sescu a avut o contribu\u0163ie major\u0103 a \u00eenceput s\u0103-l afecteze \u015fi pe acesta. <strong>\u201e\u015ei el pl\u0103te\u015fte. Prieteni ai lui, familia lui a intrat \u00een malaxor\u201d, a afirmat N\u0103stase. \u201eNu pot dec\u00e2t s\u0103-i urez \u00abS\u0103 tr\u0103ie\u015fti bine, Traiane!\u00bb\u201d<\/strong>, a mai spus fostul prim-ministru.<\/p>\n<p data-index=\"10\"><em>Sursa: News.ro<\/em><\/p>\n<\/div>\n<p> Source URL: https:\/\/www.digi24.ro\/stiri\/actualitate\/politica\/basescu-hai-sa-facem-niste-prezidentiale-intre-luzari-eu-votez-cu-nastase-706505<\/p>\n","protected":false},"excerpt":{"rendered":"<p>Fostul pre\u015fedinte Traian B\u0103sescu le sugereaz\u0103, celor care au pierdut ultimele trei alegeri preziden\u0163iale s\u0103 organizeze un scrutin \u00een care Adrian N\u0103stase, Mircea Geoan\u0103 \u015fi Victor Ponta s\u0103 candideze pentru titlul de \u201dluz\u0103r \u00eencoronat al politicii rom\u00e2ne\u015fti\u201d, cu Liviu Dragnea pe post de pre\u015fedinte al BEC, considera\u0163iile ironice ale lui B\u0103sescu fiind o replic\u0103 la [&hellip;]<\/p>\n","protected":false},"author":1,"featured_media":142838,"comment_status":"open","ping_status":"","sticky":false,"template":"","format":"standard","meta":{"footnotes":""},"categories":[2],"tags":[11],"class_list":["post-142837","post","type-post","status-publish","format-standard","has-post-thumbnail","hentry","category-politics","tag-digi24"],"_links":{"self":[{"href":"https:\/\/analyse.optim.biz\/index.php?rest_route=\/wp\/v2\/posts\/142837","targetHints":{"allow":["GET"]}}],"collection":[{"href":"https:\/\/analyse.optim.biz\/index.php?rest_route=\/wp\/v2\/posts"}],"about":[{"href":"https:\/\/analyse.optim.biz\/index.php?rest_route=\/wp\/v2\/types\/post"}],"author":[{"embeddable":true,"href":"https:\/\/analyse.optim.biz\/index.php?rest_route=\/wp\/v2\/users\/1"}],"replies":[{"embeddable":true,"href":"https:\/\/analyse.optim.biz\/index.php?rest_route=%2Fwp%2Fv2%2Fcomments&post=142837"}],"version-history":[{"count":0,"href":"https:\/\/analyse.optim.biz\/index.php?rest_route=\/wp\/v2\/posts\/142837\/revisions"}],"wp:featuredmedia":[{"embeddable":true,"href":"https:\/\/analyse.optim.biz\/index.php?rest_route=\/wp\/v2\/media\/142838"}],"wp:attachment":[{"href":"https:\/\/analyse.optim.biz\/index.php?rest_route=%2Fwp%2Fv2%2Fmedia&parent=142837"}],"wp:term":[{"taxonomy":"category","embeddable":true,"href":"https:\/\/analyse.optim.biz\/index.php?rest_route=%2Fwp%2Fv2%2Fcategories&post=142837"},{"taxonomy":"post_tag","embeddable":true,"href":"https:\/\/analyse.optim.biz\/index.php?rest_route=%2Fwp%2Fv2%2Ftags&post=142837"}],"curies":[{"name":"wp","href":"https:\/\/api.w.org\/{rel}","templated":true}]}}