{"id":142772,"date":"2017-04-17T20:07:08","date_gmt":"2017-04-17T17:07:08","guid":{"rendered":"https:\/\/analyse.optim.biz\/?p=142772"},"modified":"2017-04-17T20:07:08","modified_gmt":"2017-04-17T17:07:08","slug":"sorin-grindeanu-nu-sunt-timid-imi-este-foarte-frica-de-ridicol","status":"publish","type":"post","link":"https:\/\/analyse.optim.biz\/?p=142772","title":{"rendered":"Sorin Grindeanu: Nu sunt timid, \u00eemi este foarte fric\u0103 de ridicol"},"content":{"rendered":"<div class=\"entry data-app-meta data-app-meta-article\" data-embed-base-url-canonical=\"https:\/\/www.digi24.ro\/embed\/stiri\/actualitate\/politica\/sorin-grindeanu-nu-sunt-timid-imi-este-foarte-frica-de-ridicol-708098\">\n<p data-index=\"1\"><strong>Premierul Sorin Grindeanu a povestit momentul c\u00e2nd a aflat c\u0103 va fi propunerea PSD pentru func\u0163ia de prim-ministru. El a afirmat c\u0103 nu este o persoan\u0103 timid\u0103, dar c\u0103 \u00eei este foarte fric\u0103 de ridicol, motiv pentru care evit\u0103 s\u0103 fac\u0103 anumite lucruri.<\/strong><\/p>\n<p data-index=\"2\"><img loading=\"lazy\" decoding=\"async\" class=\"alignnone size-full wp-image-708099\" src=\"https:\/\/analyse.optim.biz\/wp-content\/uploads\/2024\/09\/c2g9owi1zmywnzjhmtdlztuxntqwmwqzzmiwnzdmymu1zjg-thumb_.jpg\" alt=\"grindeanu\" width=\"1024\" height=\"683\" data-skip-htmlfix=\"1\" title=\"c2g9owi1zmywnzjhmtdlztuxntqwmwqzzmiwnzdmymu1zjg-thumb_\"><\/p>\n<p data-index=\"3\">\u00centrebat ce a reprezentat pentru el ziua de 30 decembrie 2016, Sorin Grindeanu a spus c\u0103 a fost extrem de surprins de faptul c\u0103 liderii PSD l-au votat s\u0103 fie propunerea partidului pentru func\u0163ia de prim-ministru.<\/p>\n<p data-index=\"4\">\u201eAm fost chemat la Bucure\u015fti. A fost acea desf\u0103\u015furare \u00een care prima propunere a PSD pentru func\u0163ia de premier, \u015fi anume doamna Sevil Shhaideh nu a fost acceptat\u0103. \u00cen mod normal, statutar, s-a \u00eentrunit forul de conducere \u00een partid \u015fi m-au votat s\u0103 fiu eu cel care s\u0103 preiau aceast\u0103 sarcin\u0103. A fost o surpriz\u0103, cred c\u0103 s-a \u015fi v\u0103zut. C\u00e2nd am ie\u015fit \u00een fa\u0163a presei, aflasem cu c\u00e2teva minute \u00eenaintea lor. M\u0103 mai uit la imaginile de atunci, din decembrie, \u015fi se vede pe mine \u015fi o anumit\u0103 emo\u0163ie, dar totodat\u0103 cred c\u0103 \u015fi ce g\u00e2ndeam atunci \u2013 responsabilit\u0103\u0163ile\u201d, a afirmat premierul la postul public de televiziune.<\/p>\n<p data-index=\"5\">\u00centrebat dac\u0103 este un om timid, Sorin Grindeanu a r\u0103spuns negativ, spun\u00e2nd doar c\u0103 \u00eei este foarte fric\u0103 de ridicol.<\/p>\n<p data-index=\"6\">\u201eNu neap\u0103rat timid, c\u00e2t \u00eemi este foarte, foarte fric\u0103 de ridicol. \u015ei atunci evit anumite lucuri, de a pica \u00een ridicol e foarte simplu s\u0103 se \u00eent\u00e2mple lucrul acesta\u201d, a ad\u0103ugat prim-ministrul.<\/p>\n<p data-index=\"7\">Grindeanu a mai spus c\u0103 se vede de dou\u0103 ori pe lun\u0103 cu familia sa, motiv pentru care la var\u0103 va decide \u00eempreun\u0103 cu so\u0163ia dac\u0103 se vor muta la Bucure\u015fti.<\/p>\n<p data-index=\"8\">\u201eMihai e clasa zero, abia ce a \u00eenceput \u015fcoala. Am l\u0103sat-o pe so\u0163ia mea s\u0103 decid\u0103 \u00een aceast\u0103 parte a anului \u015fi era normal, cel pu\u0163in p\u00e2n\u0103 la var\u0103, s\u0103 p\u0103str\u0103m ceea ce s-a \u00eenceput \u00een toamn\u0103. O s\u0103 vedem la var\u0103 dac\u0103 ne schimb\u0103m decizia. E dificil. M\u0103 \u00eent\u00e2lnesc cam o dat\u0103, de dou\u0103 ori pe lun\u0103. \u00cen general am mers eu la Timi\u015foara, de dou\u0103 ori au venit \u015fi ei (la Bucure\u015fti \u2013 n.r.). \u00cen var\u0103 vom lua decizia legat\u0103 de mutat\u201d, a precizat Sorin Grindeanu, \u00eentrebat de c\u00e2te ori se vede cu copiii s\u0103i, \u00een condi\u0163iile \u00een care are un program extrem de \u00eenc\u0103rcat la Bucure\u015fti.<\/p>\n<\/div>\n<p> Source URL: https:\/\/www.digi24.ro\/stiri\/actualitate\/politica\/sorin-grindeanu-nu-sunt-timid-imi-este-foarte-frica-de-ridicol-708098<\/p>\n","protected":false},"excerpt":{"rendered":"<p>Premierul Sorin Grindeanu a povestit momentul c\u00e2nd a aflat c\u0103 va fi propunerea PSD pentru func\u0163ia de prim-ministru. El a afirmat c\u0103 nu este o persoan\u0103 timid\u0103, dar c\u0103 \u00eei este foarte fric\u0103 de ridicol, motiv pentru care evit\u0103 s\u0103 fac\u0103 anumite lucruri. \u00centrebat ce a reprezentat pentru el ziua de 30 decembrie 2016, Sorin [&hellip;]<\/p>\n","protected":false},"author":1,"featured_media":142773,"comment_status":"open","ping_status":"","sticky":false,"template":"","format":"standard","meta":{"footnotes":""},"categories":[2],"tags":[11],"class_list":["post-142772","post","type-post","status-publish","format-standard","has-post-thumbnail","hentry","category-politics","tag-digi24"],"_links":{"self":[{"href":"https:\/\/analyse.optim.biz\/index.php?rest_route=\/wp\/v2\/posts\/142772","targetHints":{"allow":["GET"]}}],"collection":[{"href":"https:\/\/analyse.optim.biz\/index.php?rest_route=\/wp\/v2\/posts"}],"about":[{"href":"https:\/\/analyse.optim.biz\/index.php?rest_route=\/wp\/v2\/types\/post"}],"author":[{"embeddable":true,"href":"https:\/\/analyse.optim.biz\/index.php?rest_route=\/wp\/v2\/users\/1"}],"replies":[{"embeddable":true,"href":"https:\/\/analyse.optim.biz\/index.php?rest_route=%2Fwp%2Fv2%2Fcomments&post=142772"}],"version-history":[{"count":0,"href":"https:\/\/analyse.optim.biz\/index.php?rest_route=\/wp\/v2\/posts\/142772\/revisions"}],"wp:featuredmedia":[{"embeddable":true,"href":"https:\/\/analyse.optim.biz\/index.php?rest_route=\/wp\/v2\/media\/142773"}],"wp:attachment":[{"href":"https:\/\/analyse.optim.biz\/index.php?rest_route=%2Fwp%2Fv2%2Fmedia&parent=142772"}],"wp:term":[{"taxonomy":"category","embeddable":true,"href":"https:\/\/analyse.optim.biz\/index.php?rest_route=%2Fwp%2Fv2%2Fcategories&post=142772"},{"taxonomy":"post_tag","embeddable":true,"href":"https:\/\/analyse.optim.biz\/index.php?rest_route=%2Fwp%2Fv2%2Ftags&post=142772"}],"curies":[{"name":"wp","href":"https:\/\/api.w.org\/{rel}","templated":true}]}}