{"id":1427302,"date":"2026-01-20T12:48:43","date_gmt":"2026-01-20T09:48:43","guid":{"rendered":"https:\/\/analyse.optim.biz\/?p=1427302"},"modified":"2026-01-20T12:48:43","modified_gmt":"2026-01-20T09:48:43","slug":"il-vagone-della-memoria-trasloca-allarco-dei-gavi-tutti-gli-appuntamenti-e-le-cerimonie","status":"publish","type":"post","link":"https:\/\/analyse.optim.biz\/?p=1427302","title":{"rendered":"Il Vagone della Memoria trasloca all&#8217;Arco dei Gavi: tutti gli appuntamenti e le cerimonie"},"content":{"rendered":"<div class=\"content-parts\">\n<div class=\"content-heading\">\n<div class=\"subhead glyph\">dal 22 gennaio al 6 febbraio<\/div>\n<h1>Il Vagone della Memoria trasloca all&#8217;Arco dei Gavi: tutti gli appuntamenti e le cerimonie<\/h1>\n<div class=\"summary\">L&#8217;elenco completo delle iniziative promosse dal Comune di Verona, in collaborazione con Universit\u00e0 e associazioni, in occasione del Giorno della Memoria<\/div>\n<\/div>\n<div class=\"content-date-share\">\n<div class=\"content-date\">20 gennaio 2026<\/div>\n<ul class=\"share-links\">\n<li>\n<li>\n<li><a target=\"_blank\" class=\"share-twitter\" title=\"Condividi su Twitter\" href=\"https:\/\/twitter.com\/intent\/tweet?text=Il+Vagone+della+Memoria+trasloca+all%27Arco+dei+Gavi%3A+tutti+gli+appuntamenti+e+le+cerimonie&amp;url=https:\/\/www.larena.it\/argomenti\/spettacoli\/appuntamenti\/giorno-memoria-2026-iniziative-comune-verona-1.12903658\"><img loading=\"lazy\" decoding=\"async\" src=\"https:\/\/analyse.optim.biz\/wp-content\/uploads\/2026\/01\/twitter-x-white-70.svg\" width=\"20\" height=\"20\" title=\"twitter-x-white-70\"><\/a><\/li>\n<li><\/ul>\n<\/div>\n<div class=\"sticky-footer\">\n<div class=\"share-footer d-lg-none\">\n<ul class=\"share-links\">\n<li>\n<li>\n<li><a target=\"_blank\" class=\"share-twitter\" title=\"Condividi su Twitter\" href=\"https:\/\/twitter.com\/intent\/tweet?text=Il+Vagone+della+Memoria+trasloca+all%27Arco+dei+Gavi%3A+tutti+gli+appuntamenti+e+le+cerimonie&amp;url=https:\/\/www.larena.it\/argomenti\/spettacoli\/appuntamenti\/giorno-memoria-2026-iniziative-comune-verona-1.12903658\"><img loading=\"lazy\" decoding=\"async\" src=\"https:\/\/analyse.optim.biz\/wp-content\/uploads\/2026\/01\/twitter-x-white-70.svg\" width=\"20\" height=\"20\" title=\"twitter-x-white-70\"><\/a><\/li>\n<li><\/ul>\n<\/div>\n<\/div>\n<div class=\"content-picture\">\n<div class=\"content-media content-media-backup\">\n<figure class=\"kh-lightbox\" data-src=\"https:\/\/gfx.larena.it\/image\/contentid\/policy:1.12910184:1769498196\/Il+Vagone+della+Memoria+all%2527Arco+dei+Gavi.jpg?f=default&amp;w=1024&amp;$p$f$w=2e0d05b\" data-caption=\"Il Vagone della Memoria all'Arco dei Gavi\">\n<div class=\"aspected-image\" data-aspect=\"16x9\"><img loading=\"lazy\" decoding=\"async\" src=\"https:\/\/analyse.optim.biz\/wp-content\/uploads\/2026\/01\/ilvagonedellamemoriaall2527arcodeigavi.jpg\" alt=\"Il Vagone della Memoria all'Arco dei Gavi\" width=\"750\" height=\"421\" title=\"ilvagonedellamemoriaall2527arcodeigavi\"><\/div>\n<\/figure>\n<div class=\"caption\">\n      Il Vagone della Memoria all&#8217;Arco dei Gavi\n          <\/div>\n<\/div>\n<div class=\"content-media content-media-main\">\n<div class=\"media-container media-container-video\" data-aspect><video class=\"media-contained video-js vjs-default-skin vjs-big-play-centered\" id=\"videoplayer-162071190-1-12910191\" controls data-title=\"Il Vagone della memoria all'Arco dei Gavi (Marchiori)\" playsinline poster=\"https:\/\/gfx.larena.it\/image\/contentid\/policy:1.12910192:1769498443\/image.jpg?w=800&amp;$p$w=9456717\"><\/p>\n<p>      <source type=\"video\/mp4\" src=\"https:\/\/video.larena.it\/video-server\/media\/video\/268350.mp4\" \/><\/video><\/div>\n<div class=\"caption\">\n    Il Vagone della memoria all&#8217;Arco dei Gavi (Marchiori)\n  <\/div>\n<\/div>\n<\/div>\n<div class=\"content-body \">\n<p>\u00abSe comprendere \u00e8 impossibile, conoscere \u00e8 necessario\u00bb ribadiva Primo Levi. In un contesto geopolitico internazionale sempre pi\u00f9 segnato da conflitti e tensioni, la ricorrenza del <strong>Giorno della Memoria 2026<\/strong> dovrebbe rappresenta un monito a cui guardare con sempre maggiore attenzione.<\/p>\n<p>A <strong>81 anni dalla Liberazione e dalla fine del secondo conflitto mondiale,<\/strong> i drammatici avvenimenti avvenuti dovrebbero infatti essere in grado di guidarci, perch\u00e9 quei fatti non si ripetano pi\u00f9. Anche per questo, oltre alle cerimonie istituzionali programmate per il <strong>27 gennaio<\/strong>, il Comune di Verona ha scelto di ampliare quanto pi\u00f9 possibile le occasioni di incontro con la cittadinanza, per promuovere il confronto. Con una novit\u00e0 dettata dalle esigenze logistiche delle olimpiadi Milano-Cortina 2026: <strong>il trasloco del Carro della memoria <\/strong>che da tradizione stazionava in piazza Bra e che invece quest&#8217;anno sar\u00e0 visitabile in corso Cavour, all&#8217;Arco dei Gavi.<br \/>\n\u00a0<br \/>\nNumerose, quindi, le iniziative <strong>dal 22 gennaio al 6 febbraio<\/strong>, con appuntamenti dedicati alle scuole, ma anche mostre, esposizioni ed eventi di approfondimento per tutta la cittadinanza.<br \/>\n\u00a0<br \/>\nIl programma \u00e8 stato illustrato questa mattina dall\u2019assessore alla Memoria storica <strong>Jacopo Buffolo <\/strong>insieme alla professoressa associata dell\u2019Universit\u00e0 di Verona Mariaclara Rossi e al professore ordinario docente di Storia contemporanea all\u2019Universit\u00e0 di Verona Renato Camurri. Presenti i membri del Comitato Unitario per la difesa delle istituzioni democratiche, tra cui Eleonora Principe di ANED Verona, il Gen. ASSO Arma Verona Luca Fontana, Nadia Olivieri dell\u2019Istituto Veronese della Resistenza, Elia Caraffi dell\u2019associazione Figli della Shoah e Abdrea Castagna presidente di AMPI.<br \/>\n\u00a0<br \/>\n\u00abAffrontare il Giorno della Memoria oggi non \u00e8 una cosa facile \u2013 evidenzia l\u2019assessore Jacopo Buffolo \u2013 per la necessit\u00e0 di tenere nella giusta considerazione tutte le sensibilit\u00e0 e restituire allo stesso tempo un programma in grado di offrire una riflessione all\u2019altezza del valore di questa celebrazione. Viviamo in un mondo multipolare dove le relazioni internazionali sono in crisi e si sta vedendo vacillare quel sistema nato dopo la fine del secondo conflitto, con gravi ripercussioni sul valore delle Nazioni Unite e del diritto Internazionale. Vi \u00e8 quindi sempre di pi\u00f9 la necessit\u00e0 di riflettere e di creare momenti di confronto e di dialogo su questi temi, per superare gli sfasamenti del momento e migliorarne la comprensione\u00bb. \u00a0\u00a0<\/p>\n<h2>Programma della Memoria 2026<br \/>\nAppuntamenti istituzionali<\/h2>\n<h3>Gioved\u00ec 22 gennaio, ore 18<\/h3>\n<p><strong>Consiglio comunale aperto per il Giorno della Memoria<\/strong><br \/>\n(Sala Renato Gozzi, Piazza Bra, 1 \u2013 diretta streaming)<br \/>\nsaluti di ANED Verona, Figli della Shoah, AssoArma<br \/>\nintervento di Prof.ssa Daria Lucia Gabusi (Universit\u00e0 di Verona)<\/p>\n<h3>\u00a0<br \/>\nLuned\u00ec 26 gennaio, ore 10<\/h3>\n<p><strong>Cerimonia istituzionale con deposizione corona e visita guidata<\/strong><br \/>\n(Ex Campo di Concentramento Provinciale di Montorio)<br \/>\ncon: Autorit\u00e0, Associazioni della memoria, Associazioni Combattentistiche e d\u2019Arma, Scuola Secondaria di I grado\u201dL. Simeoni\u201d IC 16-17 (Montorio) e Istituto Scolastico secondario di II grado Copernico Fasoli (San Michele Extra), cittadinanza\u00a0\u00a0<\/p>\n<h3>\nGioved\u00ec 29 gennaio, ore 10<\/h3>\n<h3><strong>Posa della Pietra d\u2019Inciampo a Lina Arianna Jenna<\/strong><br \/>\n(via Emilei, 24)<br \/>\n\u00a0<br \/>\nGiorno della Memoria<br \/>\nMarted\u00ec 27 gennaio<\/h3>\n<ul>\n<li>ore 8.30,\u00a0Cerimonia istituzionale con deposizione al Monumento \u201cSpino del filo spinato\u201d\u00a0(Piazza Isolo).<\/li>\n<li>ore 10.30,\u00a0Commemorazione in onore di \u201cSergio De Simone\u201d\u00a0(via Po, Monumento a Sergio De Simone). Presenti Gruppo Alpini S. Lucia, I.C. 5 \u201cS. Lucia\u201d, I.C. 12 \u201cGolosine\u201d, Scuola primaria Virgo Carmel.<\/li>\n<li>ore 14.30,\u00a0Deposizione corona al Monumento ai deportati ebrei veronesi\u00a0(Cimitero Ebraico, via Badile 89).<\/li>\n<li>ore 15.30,\u00a0Deposizione corona all\u2019urna cineraria di Mauthausen\u00a0(Sacrario Militare, Cimitero Monumentale di Verona).<\/li>\n<\/ul>\n<p>\u00a0<\/p>\n<h2>Iniziative dedicate alle scuole<\/h2>\n<h3>Sabato 24 gennaio, ore 9<\/h3>\n<p><strong>Percorso guidato per le scuole secondarie di 2\u00b0<\/strong><br \/>\n(Biblioteca Ragazzi, Biblioteca Civica)<br \/>\nCon interventi di Marco Paci e Anna Malgarise<br \/>\nPrenotazione:\u00a0biblioteca.visite@comune.verona.it<\/p>\n<p>\u00a0<\/p>\n<h3>Luned\u00ec 26 gennaio, ore 9.30<\/h3>\n<p><strong>Ritorno a Casa. Pescantina 1945: dalla deportazione all\u2019accoglienza<\/strong><br \/>\n(Teatro \u201cSanta Teresa\u201d, via Molinara 23)<\/p>\n<p>\u00a0<\/p>\n<h3>Marted\u00ec\u00a027 gennaio, ore 9<\/h3>\n<p><strong>Il Vocabolario del Giorno della Memoria \u2013 incontro con studenti delle scuole superiori<\/strong><br \/>\n(Aula Magna, Polo Zanotto)<br \/>\nInterventi: Renato Camurri, Olivia Guaraldo (Centro Arendt), Lorenzo Bernini (Centro PoliTesSe), Cristina Simonelli, Paolo Zanini, Giovanni Bernardini,<br \/>\nInterventi musicali a cura dell\u2019orchestra dell\u2019Universit\u00e0 di Verona<\/p>\n<p>\u00a0<\/p>\n<h3>Sabato 24 gennaio, ore 9<\/h3>\n<p><strong>Percorso guidato per le scuole secondarie di 2\u00b0<\/strong><br \/>\n(Biblioteca Ragazzi, Biblioteca Civica)<br \/>\nCon interventi di Marco Paci e Anna Malgarise<br \/>\nPrenotazione:\u00a0biblioteca.visite@comune.verona.it<\/p>\n<p>\u00a0<\/p>\n<h2>Mostre ed esposizioni<\/h2>\n<h3>\nDal 23 gennaio al 21 febbraio<\/h3>\n<p><strong>Il peso delle pietre. Viaggio nella memoria della deportazione<\/strong><br \/>\n(Galleria della Biblioteca Ragazzi, Biblioteca Civica)<br \/>\nInaugurazione venerd\u00ec 23 gennaio, ore 17.30<br \/>\nA cura di Comune di Verona (tavole di Marco Paci \u2013 Becco Giallo 2026; in collaborazione con ANED Verona e PM \u2013 Il Piccolo Missionario)<\/p>\n<h3>\u00a0<\/h3>\n<h3>Dal 23 gennaio al 1 febbraio<\/h3>\n<p><strong>Esposizione \u201cVagone della Memoria\u201d<\/strong><br \/>\n(Arco dei Gavi, Corso Cavour)<br \/>\nA cura di Comune di Verona, con volontari ANED, Figli della Shoah, ANPI, AssoArma<\/p>\n<p>\u00a0<\/p>\n<h3>Dal 26 gennaio<\/h3>\n<p><strong>Mostra Egidio Meneghetti. Scienziato Partigiano Poeta<\/strong><br \/>\n(Biblioteca Meneghetti, Strada Le Grazie, 8)<br \/>\nInaugurazione luned\u00ec 26 gennaio alle ore 11<br \/>\nInterventi: Renato Camurri, Cristiano Chiamulera, Luca Bochicchio<br \/>\nA cura di Universit\u00e0 di Verona<\/p>\n<h3>Dal 27 gennaio\u00a0<\/h3>\n<p><strong>Mostra Egidio Meneghetti. Scienziato Partigiano Poeta<\/strong><br \/>\n(Biblioteca Frinzi, via San Francesco, 20)<br \/>\nInaugurazione marted\u00ec 27 gennaio, alle ore 17. A cura di Universit\u00e0 di Verona<\/p>\n<p>\u00a0<\/p>\n<h2>Conferenze, approfondimenti e eventi culturali per la cittadinanza<\/h2>\n<h3>Gioved\u00ec 22 gennaio, ore 17<\/h3>\n<p><strong>Conferenza \u201cGaza e il conflitto israelo-palestinese\u201d<\/strong><br \/>\n(Sala Ruffo, Museo di Storia Naturale)<br \/>\nDialogano fra Arturo Manzano (Universit\u00e0 di Pisa) e Renato Camurri (Universit\u00e0 di Verona)<br \/>\nIntroduce Giovanni Bernardini (Universit\u00e0 di Verona)<br \/>\nA cura di Universit\u00e0 di Verona<\/p>\n<h3>\u00a0<\/h3>\n<h3>Sabato 24 gennaio, ore 10 e 15;<br \/>\nDomenica 25 gennaio, ore 10 e 15<\/h3>\n<p><strong>Visite guidate aperte al pubblico dell\u2019Ex Campo di Concentramento Provinciale di Montorio<\/strong><br \/>\n(Ex Campo di Concentramento Provinciale di Montorio &#8211; su prenotazione tramite mail:\u00a0montorioveronese@gmail.com)<\/p>\n<p>\u00a0<\/p>\n<h3>Sabato 24 gennaio, ore 16<\/h3>\n<p><strong>Percorso guidato per famiglie (educazione alla memoria)<\/strong><br \/>\n(Biblioteca Ragazzi, Biblioteca Civica)<br \/>\nCon interventi di Marco Paci, Jessica Cugini e Anna Malgarise<br \/>\nPrenotazione:\u00a0biblioteca.visite@comune.verona.it<\/p>\n<p>\u00a0<\/p>\n<h3>Domenica 25 gennaio, ore 9.30<\/h3>\n<p><strong>I luoghi della Resistenza a Verona \u2013 passeggiata patrimoniale<\/strong><br \/>\n(partenza presso le ex Carceri Giudiziarie degli Scalzi)<br \/>\n(su prenotazione ad ANED tramite mail aned.verona@gmail.com )<\/p>\n<p>\u00a0<\/p>\n<h3>Luned\u00ec 26 gennaio, ore 17<\/h3>\n<p><strong>\u201cPrimo Levi, l\u2019ebraismo, Israele\u201d<\/strong><br \/>\n(Societ\u00e0 Letteraria)<br \/>\nDialogano Alberto Cavaglion (Universit\u00e0 di Firenze) e Renato Camurri (Universit\u00e0 di Verona). A cura di Universit\u00e0 di Verona<\/p>\n<p>\u00a0<\/p>\n<h3>Marted\u00ec 27 gennaio, ore 18.30<\/h3>\n<p><strong>Concerto \u201cQuartetto d\u2019archi Op. 46\u201d di Viktor Ullmann + docufilm \u201cThe Lady in Number 6\u201d\u00a0<\/strong><br \/>\n(Sala Filarmonica, Teatro Filarmonico)<br \/>\nA cura di Fondazione Arena<\/p>\n<p>\u00a0<\/p>\n<h3>Mercoled\u00ec 28 gennaio, ore 20.30<\/h3>\n<p><strong>\u201cIl secondo piano. Una storia di ebrei, di suore, di coraggio e carit\u00e0\u201d<\/strong><br \/>\n(Teatro parrocchiale di S. Maria Ausiliatrice, Via Prati 10)<br \/>\nA cura di ANPI Verona<\/p>\n<p>\u00a0<\/p>\n<h3>Gioved\u00ec 29 gennaio, ore 11<\/h3>\n<p><strong>\u201cLivia Arianna Jenna e i Giusti della Questura\u201d<\/strong><br \/>\n(Sala Farinati, Biblioteca Civica)<br \/>\nInterventi di Prof.ssa Marta Nezzo (Universit\u00e0 di Padova), Olinto Domenichini<br \/>\nA cura di Figli della Shoah<\/p>\n<p>\u00a0<\/p>\n<h3>Venerd\u00ec 30 gennaio, ore 17.30<\/h3>\n<p>Presentazione del libro \u201cL\u2019interprete\u201d di Veronica Santoro\u00a0(Ponte alle Grazie, 2025)<br \/>\n(Sala Farinati, Biblioteca Civica)<br \/>\nDialoga con l\u2019autrice: Nadia Olivieri, IVrR<br \/>\nA cura di Biblioteca Civica e Istituto Veronese per la Storia della Resistenza e dell\u2019Et\u00e0 Contemporanea<br \/>\n\u00a0<\/p>\n<h3>Domenica 1 febbraio, ore 16<\/h3>\n<p><strong>Concerto per la Giornata della Memoria: l\u2019esilio e la voce di Castelnuovo-Tedesco<\/strong><br \/>\n(Chiesa di San Domenico al Corso, Via del Pontiere 30)<br \/>\nA cura di: Musei Civici \u2013 Comune di Verona<\/p>\n<h3>\u00a0<br \/>\nDomenica 1 febbraio, ore 16.30<\/h3>\n<p><strong>\u201cPer una storia politica e culturale dell\u2019idea di genocidio\u201d<\/strong><br \/>\n(Sede IvrR, Via Cantarane 26)<br \/>\nIntervento di Paolo Fonzi<br \/>\nA cura di Istituto Veronese per la Storia della Resistenza e dell\u2019Et\u00e0 Contemporanea<\/p>\n<p>\u00a0<\/p>\n<h3>Venerd\u00ec 16, 23 e 30 gennaio e 6 febbraio<\/h3>\n<p><strong>Rassegna cinematografica \u201cViaggio cinematografico tra dittatori del passato e dittature del presente\u201d<\/strong><br \/>\n(Anfiteatro del Centro Audiovisivi, Biblioteca Civica)<br \/>\nA cura di Comune di Verona<br \/>\n\u00a0<\/p>\n<p>\u00a0 \u00a0\u00a0<\/p>\n<\/div>\n<div class=\"copyright\">\n  \u00a9 Riproduzione riservata\n<\/div>\n<ul class=\"tags\">\n<li><a rel=\"nofollow\" href=\"https:\/\/www.larena.it\/topics\/Tag\/giornodellamemoria\">giornodellamemoria<\/a><\/li>\n<\/ul>\n<div class=\"whatsapp-channel-link\">\n<p>L\u2019Arena \u00e8 su Whatsapp. <a href=\"https:\/\/whatsapp.com\/channel\/0029VaDsUGg1XquVqR4ZZC43\" target=\"_blank\">Clicca qui<\/a> per iscriverti al nostro canale e rimanere aggiornato in tempo reale.<\/p>\n<\/div>\n<div class=\"content-contribute margin-bottom-default\"><a rel=\"nofollow\" data-pushbar-target=\"comments-pushbar\" class=\"comments\" href=\"https:\/\/www.larena.it\/argomenti\/spettacoli\/appuntamenti\/giorno-memoria-2026-iniziative-comune-verona-1.12903658\"><br \/>\n        Commenti (<span class=\"comment-count\">0<\/span>)<br \/>\n    <\/a><a rel=\"nofollow\" class=\"contribute d-none d-lg-inline\" href=\"https:\/\/www.larena.it\/spazio-lettori\/whatsapp\">\u00a0 Contribuisci alla notizia<\/a><a rel=\"nofollow\" class=\"contribute d-inline d-lg-none\" href=\"https:\/\/www.larena.it\/spazio-lettori\/whatsapp\">\u00a0 Contribuisci<\/a><\/div>\n<aside id=\"comments-pushbar\" class=\"sidebar sidebar-comments comments-zone\" data-pushbar-id=\"comments-pushbar\" data-pushbar-direction=\"right\">\n<div class=\"sidebar-header\">\n<div class=\"navbar navbar-expand d-flex justify-content-between\">\n<ul class=\"navbar-nav\">\n<li><\/ul>\n<ul class=\"navbar-nav\">\n<li>\n<h5>Commenti (<span class=\"comment-count\">0<\/span>)<\/h5>\n<\/li>\n<\/ul>\n<\/div>\n<\/div>\n<div class=\"sidebar-main sidebar-main-scroll\">\n<div class=\"comments-container\">\n<div class=\"spinner\"><img decoding=\"async\" src=\"https:\/\/analyse.optim.biz\/wp-content\/uploads\/2026\/01\/ajax-loader-73.gif\" alt=\"spinner\" title=\"ajax-loader-73\"><\/div>\n<\/div>\n<\/div>\n<div class=\"sidebar-footer\">\n<div class=\"comments-container foot\"><a class=\"comment-new-form-toggler btn btn-secondary btn-sm\" rel=\"nofollow\" href=\"https:\/\/www.larena.it\/argomenti\/spettacoli\/appuntamenti\/giorno-memoria-2026-iniziative-comune-verona-1.12903658\">Commenta<\/a><\/p>\n<div class=\"buttons\">\n<div class=\"privacy\"><b>Informativa privacy:<\/b> L\u2019invio di un commento pu\u00f2 comportare il trattamento di dati personali: per maggiori informazioni sulle modalit\u00e0 di trattamento e l\u2019esercizio dei diritti consultare le nostre Informazioni sulla Privacy e l\u2019informativa estesa sui cookie presenti in calce al sito web.<\/div>\n<\/div>\n<div class=\"comment-thankyou\">Grazie per aver inviato un commento. L&#8217;intervento non sar\u00e0 pubblicato fino a quando il moderatore non lo avr\u00e0 letto ed approvato. I commenti ritenuti inadatti o offensivi non saranno pubblicati.<\/div>\n<\/div>\n<\/div>\n<\/aside>\n<\/div>\n<p> Source URL: https:\/\/www.larena.it\/argomenti\/spettacoli\/appuntamenti\/giorno-memoria-2026-iniziative-comune-verona-1.12903658<\/p>\n","protected":false},"excerpt":{"rendered":"<p>dal 22 gennaio al 6 febbraio Il Vagone della Memoria trasloca all&#8217;Arco dei Gavi: tutti gli appuntamenti e le cerimonie L&#8217;elenco completo delle iniziative promosse dal Comune di Verona, in collaborazione con Universit\u00e0 e associazioni, in occasione del Giorno della Memoria 20 gennaio 2026 Il Vagone della Memoria all&#8217;Arco dei Gavi Il Vagone della memoria [&hellip;]<\/p>\n","protected":false},"author":1,"featured_media":0,"comment_status":"open","ping_status":"","sticky":false,"template":"","format":"standard","meta":{"footnotes":""},"categories":[87],"tags":[146],"class_list":["post-1427302","post","type-post","status-publish","format-standard","hentry","category-italy","tag-larena-it"],"_links":{"self":[{"href":"https:\/\/analyse.optim.biz\/index.php?rest_route=\/wp\/v2\/posts\/1427302","targetHints":{"allow":["GET"]}}],"collection":[{"href":"https:\/\/analyse.optim.biz\/index.php?rest_route=\/wp\/v2\/posts"}],"about":[{"href":"https:\/\/analyse.optim.biz\/index.php?rest_route=\/wp\/v2\/types\/post"}],"author":[{"embeddable":true,"href":"https:\/\/analyse.optim.biz\/index.php?rest_route=\/wp\/v2\/users\/1"}],"replies":[{"embeddable":true,"href":"https:\/\/analyse.optim.biz\/index.php?rest_route=%2Fwp%2Fv2%2Fcomments&post=1427302"}],"version-history":[{"count":0,"href":"https:\/\/analyse.optim.biz\/index.php?rest_route=\/wp\/v2\/posts\/1427302\/revisions"}],"wp:attachment":[{"href":"https:\/\/analyse.optim.biz\/index.php?rest_route=%2Fwp%2Fv2%2Fmedia&parent=1427302"}],"wp:term":[{"taxonomy":"category","embeddable":true,"href":"https:\/\/analyse.optim.biz\/index.php?rest_route=%2Fwp%2Fv2%2Fcategories&post=1427302"},{"taxonomy":"post_tag","embeddable":true,"href":"https:\/\/analyse.optim.biz\/index.php?rest_route=%2Fwp%2Fv2%2Ftags&post=1427302"}],"curies":[{"name":"wp","href":"https:\/\/api.w.org\/{rel}","templated":true}]}}